{"id":388877,"date":"2026-04-25T06:41:09","date_gmt":"2026-04-25T06:41:09","guid":{"rendered":"https:\/\/www.europesays.com\/pl\/388877\/"},"modified":"2026-04-25T06:41:09","modified_gmt":"2026-04-25T06:41:09","slug":"rosja-wystrzelila-rakiety-i-drony-w-ukrainie-ludzie-uwiezieni-pod-gruzami","status":"publish","type":"post","link":"https:\/\/www.europesays.com\/pl\/388877\/","title":{"rendered":"Rosja wystrzeli\u0142a rakiety i drony. W Ukrainie ludzie uwi\u0119zieni pod gruzami"},"content":{"rendered":"<p>W nocy w ca\u0142ej Ukrainie og\u0142aszano alarm powietrzny. Syreny zawy\u0142y tak\u017ce w granicz\u0105cych z Polsk\u0105 obwodach wo\u0142y\u0144skim, lwowskim i zakarpackim. <a href=\"https:\/\/wiadomosci.onet.pl\/inwazja-rosji-na-ukraine-2014-\" id=\"59952b4a-2473-412f-9e48-7a0ca6d28907\" rel=\"nofollow noopener\" target=\"_blank\">Rosjanie<\/a> zastosowali w atakach rakiety odpalone z samolot\u00f3w lotnictwa strategicznego, pociski balistyczne oraz drony \u2014 powiadomi\u0142y w\u0142adze.Zmasowany atak Rosji w Ukrainie. Ludzie pod gruzami w Dnieprze<\/p>\n<p>O\u0142eksandr Han\u017ca, szef dniepropietrowskiej wojskowej administracji obwodowej, poinformowa\u0142 w Telegramie, \u017ce w Dnieprze rannych zosta\u0142o co najmniej 21 os\u00f3b, w tym dziecko.<\/p>\n<p>W mie\u015bcie uszkodzonych zosta\u0142o pi\u0119\u0107 blok\u00f3w mieszkalnych i budynki przedsi\u0119biorstw; wybuch\u0142y liczne po\u017cary. Ratownicy wci\u0105\u017c poszukuj\u0105 pi\u0119ciu os\u00f3b, kt\u00f3re najprawdopodobniej znajduj\u0105 si\u0119 pod gruzami. Cia\u0142a dw\u00f3ch os\u00f3b zosta\u0142y wydobyte z ruin.<\/p>\n<p>      Nocny atak Rosji na Chark\u00f3w<\/p>\n<p>W Charkowie na p\u00f3\u0142nocnym wschodzie Ukrainy drony uderzy\u0142y w bloki mieszkalne i obiekty infrastruktury cywilnej. Uszkodzony zosta\u0142 m.in. gazoci\u0105g. Mer Charkowa Ihor Terechow powiadomi\u0142 o dw\u00f3ch rannych osobach, w\u015br\u00f3d kt\u00f3rych jest 1,5-letni ch\u0142opczyk.<\/p>\n<p>Ukrai\u0144skie Si\u0142y Powietrzne poda\u0142y, \u017ce w nocnych i porannych atakach Rosja zastosowa\u0142a 47 rakiet r\u00f3\u017cnego rodzaju oraz 619 dron\u00f3w. Zniszczono b\u0105d\u017a unieszkodliwiono 610 \u015brodk\u00f3w ataku powietrznego.<\/p>\n<p>     Zmasowany atak Rosji. Polska poderwa\u0142a my\u015bliwceW zwi\u0105zku z rosyjskimi atakami na Ukrain\u0119 <a href=\"https:\/\/wiadomosci.onet.pl\/kraj\/polska-poderwala-mysliwce-nocny-atak-rosji-na-ukraine\/m0gfhnc\" id=\"83ffd706-fd6e-4588-8b94-55cb2051e6f4\" rel=\"nofollow noopener\" target=\"_blank\">w nocy poderwane zosta\u0142y samoloty polskiego i sojuszniczego lotnictwa w polskiej przestrzeni powietrznej<\/a>. Operowa\u0142y m.in. my\u015bliwce dy\u017curne oraz samolot wczesnego ostrzegania, a naziemne systemy obrony powietrznej oraz rozpoznania radiolokacyjnego osi\u0105gn\u0119\u0142y stan wy\u017cszej gotowo\u015bci.     <\/p>\n<p>Jak zaznaczono w komunikacie, dzia\u0142ania te mia\u0142y charakter prewencyjny i by\u0142y ukierunkowane na zabezpieczenie przestrzeni powietrznej i jej ochron\u0119, w szczeg\u00f3lno\u015bci w rejonach przyleg\u0142ych do zagro\u017conych obszar\u00f3w. Nie zaobserwowano naruszenia przestrzeni powietrznej RP \u2014 poinformowano w komunikacie Dow\u00f3dztwa Operacyjnego RSZ.<\/p>\n","protected":false},"excerpt":{"rendered":"W nocy w ca\u0142ej Ukrainie og\u0142aszano alarm powietrzny. Syreny zawy\u0142y tak\u017ce w granicz\u0105cych z Polsk\u0105 obwodach wo\u0142y\u0144skim, lwowskim&hellip;\n","protected":false},"author":2,"featured_media":388878,"comment_status":"","ping_status":"","sticky":false,"template":"","format":"standard","meta":{"footnotes":"","_share_on_mastodon":"0"},"categories":[12],"tags":[61195,3468,7654,76,48,56812,46,42,38,40,39,41,87,47,80,415],"class_list":["post-388877","post","type-post","status-publish","format-standard","has-post-thumbnail","category-polska","tag-bottomfeed_styl","tag-charkow","tag-dniepr_miasto","tag-inwazja_rosji_na_ukraine","tag-nat_styl","tag-newbb_tst0","tag-omp","tag-pl","tag-poland","tag-polish","tag-polska","tag-polski","tag-rosja","tag-screening_general","tag-swiat","tag-ukraina"],"share_on_mastodon":{"url":"https:\/\/pubeurope.com\/@pl\/116463985484966236","error":""},"_links":{"self":[{"href":"https:\/\/www.europesays.com\/pl\/wp-json\/wp\/v2\/posts\/388877","targetHints":{"allow":["GET"]}}],"collection":[{"href":"https:\/\/www.europesays.com\/pl\/wp-json\/wp\/v2\/posts"}],"about":[{"href":"https:\/\/www.europesays.com\/pl\/wp-json\/wp\/v2\/types\/post"}],"author":[{"embeddable":true,"href":"https:\/\/www.europesays.com\/pl\/wp-json\/wp\/v2\/users\/2"}],"replies":[{"embeddable":true,"href":"https:\/\/www.europesays.com\/pl\/wp-json\/wp\/v2\/comments?post=388877"}],"version-history":[{"count":0,"href":"https:\/\/www.europesays.com\/pl\/wp-json\/wp\/v2\/posts\/388877\/revisions"}],"wp:featuredmedia":[{"embeddable":true,"href":"https:\/\/www.europesays.com\/pl\/wp-json\/wp\/v2\/media\/388878"}],"wp:attachment":[{"href":"https:\/\/www.europesays.com\/pl\/wp-json\/wp\/v2\/media?parent=388877"}],"wp:term":[{"taxonomy":"category","embeddable":true,"href":"https:\/\/www.europesays.com\/pl\/wp-json\/wp\/v2\/categories?post=388877"},{"taxonomy":"post_tag","embeddable":true,"href":"https:\/\/www.europesays.com\/pl\/wp-json\/wp\/v2\/tags?post=388877"}],"curies":[{"name":"wp","href":"https:\/\/api.w.org\/{rel}","templated":true}]}}