{"id":389106,"date":"2026-04-25T09:06:07","date_gmt":"2026-04-25T09:06:07","guid":{"rendered":"https:\/\/www.europesays.com\/pl\/389106\/"},"modified":"2026-04-25T09:06:07","modified_gmt":"2026-04-25T09:06:07","slug":"burza-wokol-pkol-i-zondacrypto-dobrzynski-do-piesiewicza-wstydu-oszczedz","status":"publish","type":"post","link":"https:\/\/www.europesays.com\/pl\/389106\/","title":{"rendered":"Burza wok\u00f3\u0142 PKOl i Zondacrypto. Dobrzy\u0144ski do Piesiewicza. &#8222;Wstydu oszcz\u0119d\u017a&#8221;"},"content":{"rendered":"<p>Dlaczego o tym piszemy? <\/p>\n<p class=\"Paragraph_desktopParagraph__U31Gm\">Rados\u0142aw Piesiewicz udzieli\u0142 wywiadu Telewizji Republika, w kt\u00f3rym odni\u00f3s\u0142 si\u0119 m.in. do umowy z firm\u0105 Zondacrypto, sponsorem generalnym PKOl od 22 pa\u017adziernika 2025 r. To gie\u0142da kryptowalut, kt\u00f3ra boryka si\u0119 z powa\u017cnymi problemami. Klienci zg\u0142aszaj\u0105 problemy z odzyskaniem zainwestowanych \u015brodk\u00f3w, cz\u0142onkowie rady nadzorczej rezygnuj\u0105, a \u015bledztwo wszcz\u0119\u0142a prokuratura.<\/p>\n<p class=\"Paragraph_desktopParagraph__U31Gm\">Piesiewicz m\u00f3wi\u0142 w Republice, \u017ce zleci\u0142 dwie opinie prawne, kt\u00f3re jednoznacznie stwierdzi\u0142y, i\u017c nie ma \u017cadnych przeciwwskaza\u0144 formalno-prawnych do podpisania umowy PKOl z Zondacrypto. Podkre\u015bli\u0142, \u017ce wys\u0142a\u0142 pismo do ABW, kt\u00f3re wp\u0142yn\u0119\u0142o 17 pa\u017adziernika i opr\u00f3cz &#8222;kontaktu esemesowego z pani\u0105 oficer&#8221; w styczniu nie otrzyma\u0142 \u017cadnej odpowiedzi.<\/p>\n<p>Co przekaza\u0142 rzecznik koordynatora s\u0142u\u017cb specjalnych? <\/p>\n<p class=\"Paragraph_desktopParagraph__U31Gm\">Do tych twierdze\u0144 w platformie X odni\u00f3s\u0142 si\u0119 Jacek Dobrzy\u0144ski. &#8222;Prezes PKOl Rados\u0142aw Piesiewicz ruszy\u0142 w tourn\u00e9e po mediach. Z zacietrzewieniem przez ca\u0142y czas \u0142ga i manipuluje. Przypominaj\u0105c m\u00f3j poprzedni wpis, stanowczo podkre\u015blam, \u017ce PKOl nigdy nie pyta\u0142 ABW o firm\u0119 Zondacrypto ani o kryptowaluty i powtarzane w panice k\u0142amstwa prezesa tego faktu nie zmieni\u0105. Panie Piesiewicz, ko\u0144cz wa\u015b\u0107 i sobie wstydu oszcz\u0119d\u017a&#8221; \u2014 napisa\u0142.<\/p>\n<p class=\"Paragraph_desktopParagraph__U31Gm\">20 kwietnia rzecznik ministra koordynatora s\u0142u\u017cb specjalnych tak\u017ce w X pisa\u0142, \u017ce Piesiewicz &#8222;w pi\u015bmie z 17 pa\u017adziernika 2025 r. skierowanym do ABW, PKOl nie pyta o firm\u0119 Zondacrypto ani o kryptowaluty. Informuje jedynie, \u017ce \u00bbrozpatrywane jest nawi\u0105zanie wsp\u00f3\u0142pracy z podmiotami zagranicznymi, w tym dzia\u0142aj\u0105cymi poza obszarem Unii Europejskiej, a tak\u017ce oferuj\u0105cymi produkty i us\u0142ugi niestandardowe\u00ab. PKOl zwraca si\u0119 z pro\u015bb\u0105 o \u00bbudzielenie informacji lub przeprowadzenia szkolenia dla kierownictwa (\u2026) organizacji z zakresu ewentualnych ryzyk zwi\u0105zanych ze wsp\u00f3\u0142prac\u0105 z tego typu podmiotami i organizacjami\u00ab&#8221;.<\/p>\n<p class=\"Paragraph_desktopParagraph__U31Gm\">Jacek Dobrzy\u0144ski przekaza\u0142 te\u017c, \u017ce ABW przedstawi\u0142o PKOl ofert\u0119 szkole\u0144 z zakresu profilaktyki kontrwywiadowczej i antyterrorystycznej, jednak PKOl nie znalaz\u0142 dogodnego terminu.<\/p>\n<p class=\"Paragraph_desktopParagraph__U31Gm\">Zobacz:<\/p>\n","protected":false},"excerpt":{"rendered":"Dlaczego o tym piszemy? Rados\u0142aw Piesiewicz udzieli\u0142 wywiadu Telewizji Republika, w kt\u00f3rym odni\u00f3s\u0142 si\u0119 m.in. do umowy z&hellip;\n","protected":false},"author":2,"featured_media":389107,"comment_status":"","ping_status":"","sticky":false,"template":"","format":"standard","meta":{"footnotes":"","_share_on_mastodon":"0"},"categories":[24],"tags":[166,64980,15714,53,52,68,51,55,42172,42,38,40,39,41,68211,47,1998,127,126,65,50,26,17994],"class_list":["post-389106","post","type-post","status-publish","format-standard","has-post-thumbnail","category-sport","tag-abw_agencja_bezpieczenstwa_wewnetrznego","tag-benefit_tst2","tag-jacek_dobrzynski","tag-new_header","tag-onet3","tag-onet3d","tag-onet3d_2i","tag-phx","tag-pkol_polski_komitet_olimpijski","tag-pl","tag-poland","tag-polish","tag-polska","tag-polski","tag-radoslaw_piesiewicz_dzialacz_sportowy","tag-screening_general","tag-short_news","tag-sport","tag-sports","tag-update_me","tag-v2021","tag-wiadomosci","tag-zondacrypto"],"share_on_mastodon":{"url":"https:\/\/pubeurope.com\/@pl\/116464555402891093","error":""},"_links":{"self":[{"href":"https:\/\/www.europesays.com\/pl\/wp-json\/wp\/v2\/posts\/389106","targetHints":{"allow":["GET"]}}],"collection":[{"href":"https:\/\/www.europesays.com\/pl\/wp-json\/wp\/v2\/posts"}],"about":[{"href":"https:\/\/www.europesays.com\/pl\/wp-json\/wp\/v2\/types\/post"}],"author":[{"embeddable":true,"href":"https:\/\/www.europesays.com\/pl\/wp-json\/wp\/v2\/users\/2"}],"replies":[{"embeddable":true,"href":"https:\/\/www.europesays.com\/pl\/wp-json\/wp\/v2\/comments?post=389106"}],"version-history":[{"count":0,"href":"https:\/\/www.europesays.com\/pl\/wp-json\/wp\/v2\/posts\/389106\/revisions"}],"wp:featuredmedia":[{"embeddable":true,"href":"https:\/\/www.europesays.com\/pl\/wp-json\/wp\/v2\/media\/389107"}],"wp:attachment":[{"href":"https:\/\/www.europesays.com\/pl\/wp-json\/wp\/v2\/media?parent=389106"}],"wp:term":[{"taxonomy":"category","embeddable":true,"href":"https:\/\/www.europesays.com\/pl\/wp-json\/wp\/v2\/categories?post=389106"},{"taxonomy":"post_tag","embeddable":true,"href":"https:\/\/www.europesays.com\/pl\/wp-json\/wp\/v2\/tags?post=389106"}],"curies":[{"name":"wp","href":"https:\/\/api.w.org\/{rel}","templated":true}]}}