{"id":389162,"date":"2026-04-25T09:44:10","date_gmt":"2026-04-25T09:44:10","guid":{"rendered":"https:\/\/www.europesays.com\/pl\/389162\/"},"modified":"2026-04-25T09:44:10","modified_gmt":"2026-04-25T09:44:10","slug":"karol-nawrocki-chce-odtajnic-aneks-wsi-zaden-prezydent-sie-nie-zdecydowal","status":"publish","type":"post","link":"https:\/\/www.europesays.com\/pl\/389162\/","title":{"rendered":"Karol Nawrocki chce odtajni\u0107 aneks WSI. &#8222;\u017baden prezydent si\u0119 nie zdecydowa\u0142&#8221;"},"content":{"rendered":"\n<p>Dlaczego o tym piszemy?<\/p>\n<p>Tajny aneks do raportu z likwidacji WSI od wielu lat budzi kontrowersje w polskiej polityce. Dokument powsta\u0142 w 2007 r., a jego autorem jest przede wszystkim Antoni Macierewicz. Wed\u0142ug nieoficjalnych informacji w aneksie znalaz\u0142y si\u0119 nieznane wcze\u015bniej fakty dotycz\u0105ce genezy polskiej mafii, w kt\u00f3rej niezwykle istotn\u0105 rol\u0119 mieli odgrywa\u0107 \u017co\u0142nierze oraz tajni wsp\u00f3\u0142pracownicy wojskowych s\u0142u\u017cb specjalnych PRL-u. Aneks ma zawiera\u0107 tak\u017ce informacje na temat handlu broni\u0105, tworzenia medi\u00f3w, inwigilacji polityk\u00f3w i Ko\u015bcio\u0142a przez wojskowe s\u0142u\u017cby specjalne.<\/p>\n<p>Jak przekaza\u0142 rzecznik prezydenta Rafa\u0142 Le\u015bkiewicz, Karol Nawrocki przeszed\u0142 do formalno-prawnego etapu bezpo\u015brednio zmierzaj\u0105cego do odtajnienia i podania do publicznej wiadomo\u015bci aneksu do raportu z likwidacji WSI.<\/p>\n<p>Jak skomentowa\u0142 to Robert Biedro\u0144?<\/p>\n<p>Europose\u0142 Lewicy powiedzia\u0142 na antenie RMF FM, \u017ce wed\u0142ug jego wst\u0119pnej wiedzy marsza\u0142ek Sejmu W\u0142odzimierz Czarzasty negatywnie zaopiniuje decyzj\u0119 prezydenta.<\/p>\n<p>\u2014 Dlaczego? Dlatego, \u017ce pan prezydent Nawrocki w tej sprawie pope\u0142ni\u0142 ogromny b\u0142\u0105d. Ja przypomn\u0119, \u017caden prezydent, nawet Lech Kaczy\u0144ski, Andrzej Duda nie zdecydowali si\u0119 ujawni\u0107 tej notatki. (&#8230;) Lech Kaczy\u0144ski m\u00f3wi\u0142, \u017ce tam jest wi\u0119cej publicystyki ni\u017c informacji, a mo\u017ce narazi\u0107 nasz kontrwywiad na powa\u017cne perturbacje. My\u015bl\u0119, \u017ce je\u017celi kto\u015b si\u0119 z tego cieszy, to jest Putin. Przypomn\u0119, \u017ce kiedy Macierewicz w swoim szale ujawniania tego, co si\u0119 dzia\u0142o w WSI, opublikowa\u0142 t\u0119 list\u0119, to okaza\u0142o si\u0119, \u017ce tam by\u0142o bardzo wiele nieprawdy. Przegrywa\u0142 kolejne sprawy \u2014 oceni\u0142 Biedro\u0144.<\/p>\n<p>Polityk Lewicy twierdzi, \u017ce ruch prezydenta ma odwr\u00f3ci\u0107 uwag\u0119 od afery wok\u00f3\u0142 gie\u0142dy kryptowalut Zondacrypto.<\/p>\n<p>Zobacz:<\/p>\n","protected":false},"excerpt":{"rendered":"Dlaczego o tym piszemy? Tajny aneks do raportu z likwidacji WSI od wielu lat budzi kontrowersje w polskiej&hellip;\n","protected":false},"author":2,"featured_media":389163,"comment_status":"","ping_status":"","sticky":false,"template":"","format":"standard","meta":{"footnotes":"","_share_on_mastodon":"0"},"categories":[62712],"tags":[7491,61195,690,43,49,48,56992,46,12773,47,70,70643],"class_list":["post-389162","post","type-post","status-publish","format-standard","has-post-thumbnail","category-karol-nawrocki","tag-antoni_macierewicz","tag-bottomfeed_styl","tag-karol-nawrocki","tag-karol_nawrocki","tag-kraj","tag-nat_styl","tag-newbb_tst1","tag-omp","tag-robert_biedron","tag-screening_general","tag-w_skrocie","tag-wojskowe_sluzby_informacyjne"],"share_on_mastodon":{"url":"https:\/\/pubeurope.com\/@pl\/116464704909220335","error":""},"_links":{"self":[{"href":"https:\/\/www.europesays.com\/pl\/wp-json\/wp\/v2\/posts\/389162","targetHints":{"allow":["GET"]}}],"collection":[{"href":"https:\/\/www.europesays.com\/pl\/wp-json\/wp\/v2\/posts"}],"about":[{"href":"https:\/\/www.europesays.com\/pl\/wp-json\/wp\/v2\/types\/post"}],"author":[{"embeddable":true,"href":"https:\/\/www.europesays.com\/pl\/wp-json\/wp\/v2\/users\/2"}],"replies":[{"embeddable":true,"href":"https:\/\/www.europesays.com\/pl\/wp-json\/wp\/v2\/comments?post=389162"}],"version-history":[{"count":0,"href":"https:\/\/www.europesays.com\/pl\/wp-json\/wp\/v2\/posts\/389162\/revisions"}],"wp:featuredmedia":[{"embeddable":true,"href":"https:\/\/www.europesays.com\/pl\/wp-json\/wp\/v2\/media\/389163"}],"wp:attachment":[{"href":"https:\/\/www.europesays.com\/pl\/wp-json\/wp\/v2\/media?parent=389162"}],"wp:term":[{"taxonomy":"category","embeddable":true,"href":"https:\/\/www.europesays.com\/pl\/wp-json\/wp\/v2\/categories?post=389162"},{"taxonomy":"post_tag","embeddable":true,"href":"https:\/\/www.europesays.com\/pl\/wp-json\/wp\/v2\/tags?post=389162"}],"curies":[{"name":"wp","href":"https:\/\/api.w.org\/{rel}","templated":true}]}}