{"id":389379,"date":"2026-04-25T12:03:12","date_gmt":"2026-04-25T12:03:12","guid":{"rendered":"https:\/\/www.europesays.com\/pl\/389379\/"},"modified":"2026-04-25T12:03:12","modified_gmt":"2026-04-25T12:03:12","slug":"nie-zyje-andrzej-olechowski-wspolzalozyciel-platformy-obywatelskiej-i-byly-minister","status":"publish","type":"post","link":"https:\/\/www.europesays.com\/pl\/389379\/","title":{"rendered":"Nie \u017cyje Andrzej Olechowski, wsp\u00f3\u0142za\u0142o\u017cyciel Platformy Obywatelskiej i by\u0142y minister"},"content":{"rendered":"<p>Andrzej Olechowski urodzi\u0142 si\u0119 9 wrze\u015bnia 1947 r. w Krakowie. W czasie swojej kariery odegra\u0142 istotn\u0105 rol\u0119 w kszta\u0142towaniu architektury politycznej oraz gospodarczej III Rzeczypospolitej.<\/p>\n<p>W 1992 r. sprawowa\u0142 urz\u0105d ministra finans\u00f3w w rz\u0105dzie Jana Olszewskiego. W latach 1993\u20131995 kierowa\u0142 Ministerstwem Spraw Zagranicznych w gabinecie Waldemara Pawlaka.<\/p>\n<p>Kariera Andrzeja Olechowskiego. Wsp\u00f3\u0142przyw\u00f3dztwo w PO i start w wyborach prezydenckich<\/p>\n<p>W 2000 r. wystartowa\u0142 jako kandydat niezale\u017cny w wyborach prezydenckich, zajmuj\u0105c drugie miejsce z wynikiem 17,3 proc. g\u0142os\u00f3w. Rok p\u00f3\u017aniej, wraz z Maciejem P\u0142a\u017cy\u0144skim i Donaldem Tuskiem, za\u0142o\u017cy\u0142 Platform\u0119 Obywatelsk\u0105.<\/p>\n<p>W 2002 r. kandydowa\u0142 na urz\u0105d prezydenta Warszawy, a w 2010 r. po raz drugi ubiega\u0142 si\u0119 o urz\u0105d prezydenta. W 2009 r. wyst\u0105pi\u0142 z PO, a w p\u00f3\u017aniejszych latach by\u0142 zwi\u0105zany ze Stronnictwem Demokratycznym.<\/p>\n<p>Andrzej Olechowski swoje do\u015bwiadczenie zawodowe budowa\u0142 w mi\u0119dzynarodowych instytucjach finansowych, pracuj\u0105c m.in. dla UNCTAD oraz Banku \u015awiatowego. W czasie swojej kariery by\u0142 r\u00f3wnie\u017c doradc\u0105 ekonomicznym prezydenta Lecha Wa\u0142\u0119sy oraz przewodnicz\u0105cym Rady Miejskiej w Warszawie. <\/p>\n<p>Wyk\u0142ada\u0142 m.in. na Uniwersytecie Jagiello\u0144skim, Akademii Teologii Katolickiej oraz Collegium Civitas. Jest autorem publikacji z zakresu gospodarki i polityki zagranicznej. <\/p>\n<p>Informacje o \u015bmierci jako pierwszy przekaza\u0142 dziennikarz Wojciech Mann, z kt\u00f3rym Andrzej Olechowski przez lata si\u0119 przyja\u017ani\u0142.<\/p>\n","protected":false},"excerpt":{"rendered":"Andrzej Olechowski urodzi\u0142 si\u0119 9 wrze\u015bnia 1947 r. w Krakowie. W czasie swojej kariery odegra\u0142 istotn\u0105 rol\u0119 w&hellip;\n","protected":false},"author":2,"featured_media":244520,"comment_status":"","ping_status":"","sticky":false,"template":"","format":"standard","meta":{"footnotes":"","_share_on_mastodon":"0"},"categories":[5],"tags":[70678,61195,32,33,36,37,27,49,34,35,28,31,48,56992,25,46,42,8926,38,40,39,41,47,29,30,26],"class_list":["post-389379","post","type-post","status-publish","format-standard","has-post-thumbnail","category-naglowki","tag-andrzej_olechowski","tag-bottomfeed_styl","tag-breaking-news","tag-breakingnews","tag-featured-news","tag-featurednews","tag-headlines","tag-kraj","tag-latest-news","tag-latestnews","tag-naglowki","tag-najwazniejsze-artykuly","tag-nat_styl","tag-newbb_tst1","tag-news","tag-omp","tag-pl","tag-platforma_obywatelska","tag-poland","tag-polish","tag-polska","tag-polski","tag-screening_general","tag-top-stories","tag-topstories","tag-wiadomosci"],"share_on_mastodon":{"url":"https:\/\/pubeurope.com\/@pl\/116465251406328946","error":""},"_links":{"self":[{"href":"https:\/\/www.europesays.com\/pl\/wp-json\/wp\/v2\/posts\/389379","targetHints":{"allow":["GET"]}}],"collection":[{"href":"https:\/\/www.europesays.com\/pl\/wp-json\/wp\/v2\/posts"}],"about":[{"href":"https:\/\/www.europesays.com\/pl\/wp-json\/wp\/v2\/types\/post"}],"author":[{"embeddable":true,"href":"https:\/\/www.europesays.com\/pl\/wp-json\/wp\/v2\/users\/2"}],"replies":[{"embeddable":true,"href":"https:\/\/www.europesays.com\/pl\/wp-json\/wp\/v2\/comments?post=389379"}],"version-history":[{"count":0,"href":"https:\/\/www.europesays.com\/pl\/wp-json\/wp\/v2\/posts\/389379\/revisions"}],"wp:featuredmedia":[{"embeddable":true,"href":"https:\/\/www.europesays.com\/pl\/wp-json\/wp\/v2\/media\/244520"}],"wp:attachment":[{"href":"https:\/\/www.europesays.com\/pl\/wp-json\/wp\/v2\/media?parent=389379"}],"wp:term":[{"taxonomy":"category","embeddable":true,"href":"https:\/\/www.europesays.com\/pl\/wp-json\/wp\/v2\/categories?post=389379"},{"taxonomy":"post_tag","embeddable":true,"href":"https:\/\/www.europesays.com\/pl\/wp-json\/wp\/v2\/tags?post=389379"}],"curies":[{"name":"wp","href":"https:\/\/api.w.org\/{rel}","templated":true}]}}