{"id":389458,"date":"2026-04-25T12:55:24","date_gmt":"2026-04-25T12:55:24","guid":{"rendered":"https:\/\/www.europesays.com\/pl\/389458\/"},"modified":"2026-04-25T12:55:24","modified_gmt":"2026-04-25T12:55:24","slug":"chcialam-pojechac-pociagiem-z-krakowa-gdy-zobaczylam-ceny-zlapalam-sie-za-glowe","status":"publish","type":"post","link":"https:\/\/www.europesays.com\/pl\/389458\/","title":{"rendered":"Chcia\u0142am pojecha\u0107 poci\u0105giem z Krakowa. Gdy zobaczy\u0142am ceny, z\u0142apa\u0142am si\u0119 za g\u0142ow\u0119"},"content":{"rendered":"<p>Jedn\u0105 z najpopularniejszych tras kolejowych w Polsce pokonuj\u0119 od wielu lat, jednak w ostatnich kilku miesi\u0105cach podr\u00f3\u017cowanie sta\u0142o si\u0119 du\u017co ciekawsze. Na tory wyjecha\u0142y bowiem RegioJet i Leo Express. Nowi przewo\u017anicy zaproponowali atrakcyjne ceny, pod kt\u00f3rych presj\u0105 ugi\u0119\u0142o si\u0119 PKP Intercity, r\u00f3wnie\u017c kusz\u0105c pasa\u017cer\u00f3w promocjami.<\/p>\n<p>Faktycznie, mo\u017cna by\u0142o kupi\u0107 bilety nawet za ok. 30 z\u0142, i to z dnia na dzie\u0144. Obecnie jednak spontaniczne zakupy to nie najlepszy pomys\u0142. Kiedy w czwartek zacz\u0119\u0142am szuka\u0107 miejsca na podr\u00f3\u017c w pi\u0105tkowe popo\u0142udnie, z\u0142apa\u0142am si\u0119 za g\u0142ow\u0119.<\/p>\n<p>     Na ostatni\u0105 chwil\u0119 nie wartoPrzegl\u0105danie ofert zacz\u0119\u0142am od RegioJeta. Cho\u0107 przewo\u017anik <a href=\"https:\/\/podroze.onet.pl\/aktualnosci\/regiojet-wycofuje-sie-z-polski-ekspert-mowi-wprost-bilety-beda-drozsze\/c36vw5v\" id=\"e7d9e9e4-0533-42bb-9926-85504113370b\" rel=\"nofollow noopener\" target=\"_blank\">podni\u00f3s\u0142 ceny bilet\u00f3w i ostatecznie w maju wycofa si\u0119 z tej trasy<\/a>, liczy\u0142am, \u017ce wci\u0105\u017c &#8222;co\u015b si\u0119 znajdzie&#8221;. W godzinach popo\u0142udniowych najta\u0144sze przejazdy kosztowa\u0142y a\u017c 169 z\u0142 \u2014 czyli tyle, co podr\u00f3\u017c pendolino, naszym polskim shinkansenem.      <img decoding=\"async\" src=\"https:\/\/www.europesays.com\/pl\/wp-content\/uploads\/2026\/04\/XFPk9lBaHR0cHM6Ly9vY2RuLmV1L3B1bHNjbXMvTURBXy9mODEyMTYxMTRhN2FiMjU0ZjkzNGY5N2E2M2NkYTY4Yi5qcGeSlQMAA.jpeg\" height=\"450\" width=\"800\" alt=\"Ceny za przejazdy poci\u0105giem RegioJet 24 kwietnia (sprawdzane dzie\u0144 przed)\" loading=\"lazy\" class=\"ods-c-image__img ods-c-image__img--viewport-width\"\/> <\/p>\n<p>Ceny za przejazdy poci\u0105giem RegioJet 24 kwietnia (sprawdzane dzie\u0144 przed)Materia\u0142y prasowe<\/p>\n<p>Jak wynika z serwisu rezerwacyjnego, z kilkudniowym wyprzedzeniem da si\u0119 znale\u017a\u0107 bilety na ostatnie przejazdy \u017c\u00f3\u0142tymi wagonami od 79 z\u0142.<\/p>\n<p>W podobnym czasie (ok. 2 godz. 54 min) do Warszawy z Krakowa dociera Leo Express. Nie mia\u0142am specjalnego wyboru po\u0142\u0105cze\u0144, bo przewo\u017anik kursuje na tej trasie tylko dwa razy dziennie. Cena przejazdu w najta\u0144szej klasie ekonomicznej wynosi\u0142a 114 z\u0142.<\/p>\n<p>W PKP Intercity wyb\u00f3r by\u0142 nieco wi\u0119kszy, ale za to&#8230; dro\u017cszy. Mi\u0119dzy godz. 16:00 a 19:00 mo\u017cna by\u0142o dojecha\u0107 do stolicy w czasie poni\u017cej trzech godzin poci\u0105giem EIP za 169 z\u0142 albo EIC za 149 z\u0142. Ewentualnie czeka\u0142a mnie bardzo p\u00f3\u017ana i d\u0142uga podr\u00f3\u017c za 70 z\u0142.<\/p>\n<p> <img decoding=\"async\" src=\"https:\/\/www.europesays.com\/pl\/wp-content\/uploads\/2026\/04\/1YTk9lBaHR0cHM6Ly9vY2RuLmV1L3B1bHNjbXMvTURBXy82ODYwNjU0MjE2ODRlNzliYjk3OWI3ZjQwZDZkOGViMi5qcGeSlQMAA.jpeg\" height=\"450\" width=\"800\" alt=\"Ceny za przejazdy poci\u0105giem PKP Intercity 24 kwietnia (sprawdzane dzie\u0144 przed)\" loading=\"lazy\" class=\"ods-c-image__img ods-c-image__img--viewport-width\"\/> <\/p>\n<p>Ceny za przejazdy poci\u0105giem PKP Intercity 24 kwietnia (sprawdzane dzie\u0144 przed)Materia\u0142y prasowe<\/p>\n<p>Co wa\u017cne, z tygodniowym wyprzedzeniem \u2014 na przyk\u0142ad na kolejny pi\u0105tek, 8 maja \u2014 mo\u017cna znale\u017a\u0107 pendolino o godz. 19:00 w promocyjnej cenie 92,50 z\u0142 oraz miejsce w Leo Expressie za 96 z\u0142. Najwi\u0119kszy problem jest za to na ostatni\u0105 chwil\u0119.<\/p>\n<p>Ostatecznie wybra\u0142am Leo Express za 114 z\u0142, wykupuj\u0105c w zasadzie jedno z ostatnich miejsc na schemacie wagonu.<\/p>\n<p>      <img decoding=\"async\" src=\"https:\/\/www.europesays.com\/pl\/wp-content\/uploads\/2026\/04\/Ryyk9lBaHR0cHM6Ly9vY2RuLmV1L3B1bHNjbXMvTURBXy84OTBhZTI2ZTJiMmE1YzkwOWEzYjgzNGFmZmVlNDQ0NC5qcGeSlQMAA.jpeg\" height=\"450\" width=\"800\" alt=\"Najta\u0144szy na poci\u0105g Leo Express 24 kwietnia (sprawdzane i kupione dzie\u0144 przed)\" loading=\"lazy\" class=\"ods-c-image__img ods-c-image__img--viewport-width\"\/> <\/p>\n<p>Najta\u0144szy na poci\u0105g Leo Express 24 kwietnia (sprawdzane i kupione dzie\u0144 przed)Materia\u0142y prasowe<\/p>\n<p> Leo Express \u2014 wygodnie, cho\u0107 z po\u015blizgiem<\/p>\n<p>Z 30-minutowym po\u015blizgiem na peron krakowskiego dworca wtoczy\u0142 si\u0119 klimatyzowany, niskopod\u0142ogowy Stadler Flirt. To poci\u0105g jad\u0105cy z Pragi do Warszawy, kt\u00f3ry po drodze zahacza jeszcze o Zawiercie, W\u0142oszczow\u0119 P\u00f3\u0142noc i Opoczno Po\u0142udnie.<\/p>\n<p><a href=\"https:\/\/podroze.onet.pl\/aktualnosci\/jechalam-leo-express-z-krakowa-do-warszawy-to-mnie-zaskoczylo-najbardziej\/tq8c908\" id=\"41da435a-3bac-40bf-8634-3a5669e6b2b8\" rel=\"nofollow noopener\" target=\"_blank\">Podr\u00f3\u017cowa\u0107 nim mia\u0142am ju\u017c okazj\u0119 podczas jazdy pokazowej w sierpniu 2025 r.<\/a> Czy co\u015b si\u0119 zmieni\u0142o? Teraz, podobnie jak za pierwszym razem, od razu rzuci\u0142a mi si\u0119 w oczy spora przestrze\u0144. Fotele s\u0105 sk\u00f3rzane i utrzymane w stonowanej szaro\u015bci, a ten elegancki wystr\u00f3j prze\u0142amuje jedynie strefa dla rodzin z dzie\u0107mi. M\u0142odzi pasa\u017cerowie mog\u0105 tam cieszy\u0107 oko kolorowymi zwierzakami na \u015bcianach oraz korzysta\u0107 z kredek i malowanek. <img decoding=\"async\" src=\"https:\/\/www.europesays.com\/pl\/wp-content\/uploads\/2026\/04\/nUsk9lBaHR0cHM6Ly9vY2RuLmV1L3B1bHNjbXMvTURBXy8wZDAxYWQ5ODk3OTc4OGQ3MWI1YTc4NzBkYTM2M2JjNy5qcGeRlQLNB.jpeg\" height=\"450\" width=\"800\" alt=\"Podr\u00f3\u017c Leo Expressem 24 kwietnia 2026 r.\" loading=\"lazy\" class=\"ods-c-image__img ods-c-image__img--viewport-width\"\/> <\/p>\n<p>Podr\u00f3\u017c Leo Expressem 24 kwietnia 2026 r.Karolina Walczowska \/ Onet<\/p>\n<p>Bez wzgl\u0119du na klas\u0119 \u2014 a tych w poci\u0105gu jest cztery: ekonomiczna, ekonomiczna plus, biznes i premium \u2014 wszyscy pasa\u017cerowie maj\u0105 dost\u0119p do gniazdka przy fotelu oraz szybkiego internetu 5G, kt\u00f3ry tym razem dzia\u0142a\u0142 naprawd\u0119 nie\u017ale, zaliczaj\u0105c tylko pojedyncze przerwy.<\/p>\n<p>Podr\u00f3\u017cowa\u0142am w klasie ekonomicznej przy czteroosobowym stoliku. Cho\u0107 przestrze\u0144 na nogi jest tu mniejsza ni\u017c w wy\u017cszych klasach (mo\u017cna j\u0105 por\u00f3wna\u0107 do drugiej klasy poci\u0105g\u00f3w TLK), miejsca mia\u0142y\u015bmy ca\u0142kiem sporo.<\/p>\n<p>Obok mnie siedzia\u0142a m\u0142oda studentka, kt\u00f3ra jecha\u0142a z Krakowa do rodzinnej miejscowo\u015bci i narzeka\u0142a na brak dogodnych po\u0142\u0105cze\u0144 PKP Intercity, tym bardziej \u017ce od stacji we W\u0142oszczowie czeka\u0142a j\u0105 jeszcze godzina drogi autem.<\/p>\n<p>      <img decoding=\"async\" src=\"https:\/\/www.europesays.com\/pl\/wp-content\/uploads\/2026\/04\/_kvk9lBaHR0cHM6Ly9vY2RuLmV1L3B1bHNjbXMvTURBXy82ZDZjNWEwN2RiMWQ1YjFiNzNmZDdkMDc0OWFkZGY3NC5qcGeRlQLNB.jpeg\" height=\"476\" width=\"634\" alt=\"Podr\u00f3\u017c Leo Expressem 24 kwietnia 2026 r.\" loading=\"lazy\" class=\"ods-c-image__img ods-c-image__img--viewport-width\"\/> <\/p>\n<p>Podr\u00f3\u017c Leo Expressem 24 kwietnia 2026 r.Karolina Walczowska \/ Onet<\/p>\n<p>Naprzeciwko siedzia\u0142y mama z c\u00f3rk\u0105, jad\u0105ce w odwiedziny do Warszawy. Jak opowiada\u0142y, na tej trasie podr\u00f3\u017cuj\u0105 do\u015b\u0107 cz\u0119sto, wi\u0119c wybieraj\u0105 r\u00f3\u017cne poci\u0105gi, ale tym razem to w\u0142a\u015bnie w Leo Expressie najbardziej pasowa\u0142a im godzina odjazdu.<\/p>\n<p>Sama jazda przebiega\u0142a w miar\u0119 g\u0142adko, cho\u0107 momentami poci\u0105giem do\u015b\u0107 mocno trz\u0119s\u0142o.<\/p>\n<p>W Leo Express nie ma odpowiednika naszego Warsu \u2014 wszystkie przek\u0105ski, dania i napoje z odp\u0142atnego menu zamawia si\u0119 i je bezpo\u015brednio na swoim miejscu.<\/p>\n<p> <img decoding=\"async\" src=\"https:\/\/www.europesays.com\/pl\/wp-content\/uploads\/2026\/04\/VgCk9lBaHR0cHM6Ly9vY2RuLmV1L3B1bHNjbXMvTURBXy8wYzkxYjM5OWNmZWVlOGMzZjg3M2JjOTQxZTQ0N2UzNy5qcGeRlQLNB.jpeg\" height=\"476\" width=\"634\" alt=\"Podr\u00f3\u017c Leo Expressem 24 kwietnia 2026 r.\" loading=\"lazy\" class=\"ods-c-image__img ods-c-image__img--viewport-width\"\/> <\/p>\n<p>Podr\u00f3\u017c Leo Expressem 24 kwietnia 2026 r.Karolina Walczowska \/ Onet<\/p>\n<p>Co prawda podczas tej podr\u00f3\u017cy niczego nie zamawia\u0142am, ale z ciekawo\u015bci przejrza\u0142am obecn\u0105 kart\u0119. Menu nieco si\u0119 zmieni\u0142o od sierpnia, jednak ceny pozosta\u0142y na stabilnym poziomie. <\/p>\n<p>Hot-dog nadal kosztuje r\u00f3wne 5 z\u0142, za \u017curek zap\u0142acimy 6 z\u0142, a za wiosenn\u0105 bagietk\u0119 z szynk\u0105, serem i warzywami \u2014 11,80 z\u0142. Bajgiel z jajkiem, bekonem i serem to wydatek 18,90 z\u0142, a kurczak z ry\u017cem lub zestaw sushi wci\u0105\u017c kosztuj\u0105 27,80 z\u0142.<\/p>\n<p>Co ciekawe, w\u015br\u00f3d deser\u00f3w mo\u017cna znale\u017a\u0107 nawet &#8222;zmarzlin\u0119&#8221;, czyli po czesku po prostu lody, w cenie 13,80 z\u0142.<\/p>\n<p> Dalszy ci\u0105g artyku\u0142u pod materia\u0142em wideo Wasze do\u015bwiadczenia<\/p>\n<p>Podr\u00f3\u017cujecie poci\u0105gami po Polsce? Chcecie podzieli\u0107 si\u0119 waszymi do\u015bwiadczeniami? Czekam na wasze wiadomo\u015bci pod adresem: karolina.walczowska@redakcjaonet.pl<\/p>\n","protected":false},"excerpt":{"rendered":"Jedn\u0105 z najpopularniejszych tras kolejowych w Polsce pokonuj\u0119 od wielu lat, jednak w ostatnich kilku miesi\u0105cach podr\u00f3\u017cowanie sta\u0142o&hellip;\n","protected":false},"author":2,"featured_media":389459,"comment_status":"","ping_status":"","sticky":false,"template":"","format":"standard","meta":{"footnotes":"","_share_on_mastodon":"0"},"categories":[16],"tags":[210,113,61195,112,363,1814,48,46,1303,42,38,40,39,41,1196,47],"class_list":["post-389458","post","type-post","status-publish","format-standard","has-post-thumbnail","category-biznes","tag-aktualnosci","tag-biznes","tag-bottomfeed_styl","tag-business","tag-kolej_pociagi_transport_kolejowy","tag-leo_express","tag-nat_styl","tag-omp","tag-pkp_intercity","tag-pl","tag-poland","tag-polish","tag-polska","tag-polski","tag-regiojet","tag-screening_general"],"share_on_mastodon":{"url":"https:\/\/pubeurope.com\/@pl\/116465456188516548","error":""},"_links":{"self":[{"href":"https:\/\/www.europesays.com\/pl\/wp-json\/wp\/v2\/posts\/389458","targetHints":{"allow":["GET"]}}],"collection":[{"href":"https:\/\/www.europesays.com\/pl\/wp-json\/wp\/v2\/posts"}],"about":[{"href":"https:\/\/www.europesays.com\/pl\/wp-json\/wp\/v2\/types\/post"}],"author":[{"embeddable":true,"href":"https:\/\/www.europesays.com\/pl\/wp-json\/wp\/v2\/users\/2"}],"replies":[{"embeddable":true,"href":"https:\/\/www.europesays.com\/pl\/wp-json\/wp\/v2\/comments?post=389458"}],"version-history":[{"count":0,"href":"https:\/\/www.europesays.com\/pl\/wp-json\/wp\/v2\/posts\/389458\/revisions"}],"wp:featuredmedia":[{"embeddable":true,"href":"https:\/\/www.europesays.com\/pl\/wp-json\/wp\/v2\/media\/389459"}],"wp:attachment":[{"href":"https:\/\/www.europesays.com\/pl\/wp-json\/wp\/v2\/media?parent=389458"}],"wp:term":[{"taxonomy":"category","embeddable":true,"href":"https:\/\/www.europesays.com\/pl\/wp-json\/wp\/v2\/categories?post=389458"},{"taxonomy":"post_tag","embeddable":true,"href":"https:\/\/www.europesays.com\/pl\/wp-json\/wp\/v2\/tags?post=389458"}],"curies":[{"name":"wp","href":"https:\/\/api.w.org\/{rel}","templated":true}]}}