{"id":389532,"date":"2026-04-25T13:47:10","date_gmt":"2026-04-25T13:47:10","guid":{"rendered":"https:\/\/www.europesays.com\/pl\/389532\/"},"modified":"2026-04-25T13:47:10","modified_gmt":"2026-04-25T13:47:10","slug":"premier-saksonii-polska-przykladem-dla-niemiec-gigantyczne-klopoty-berlina","status":"publish","type":"post","link":"https:\/\/www.europesays.com\/pl\/389532\/","title":{"rendered":"Premier Saksonii: Polska przyk\u0142adem dla Niemiec. Gigantyczne k\u0142opoty Berlina"},"content":{"rendered":"\n<p>&#13;<br \/>\n&#8222;Niemcy w\u0142a\u015bnie si\u0119 redukuj\u0105. Wszystkiego ubywa. Samorz\u0105dy maj\u0105 35 mld euro za\u00a0ma\u0142o, z\u00a0tego powodu ograniczana jest oferta w\u00a0dziedzinie kultury, b\u0119dzie mniej bibliotek, mniej dzia\u0142a\u0144 socjalnych w\u00a0szko\u0142ach. Mamy za\u00a0ma\u0142o pieni\u0119dzy na\u00a0nauk\u0119, co\u00a0oznacza, \u017ce\u00a0mamy mniej wybitnych wynik\u00f3w. Znajdujemy si\u0119 na\u00a0r\u00f3wni pochy\u0142ej, kt\u00f3ra mo\u017ce si\u0119 sko\u0144czy\u0107 katastrof\u0105&#8221; \u2013\u00a0powiedzia\u0142 polityk CDU w\u00a0rozmowie z\u00a0dziennikiem &#8222;Frankfurter Allgemeine Sonntagszeitung&#8221;. &#13;\n<\/p>\n<p>Premier Saksonii: Powinni\u015bmy robi\u0107 to, co\u00a0Polska<\/p>\n<p>&#13;<br \/>\nSzef rz\u0105du Saksonii wskaza\u0142 w\u00a0wywiadzie: 'Powinni\u015bmy si\u0119 kierowa\u0107 tym, co\u00a0robi nasz s\u0105siad, Polska&#8217;. Jak podkre\u015bla: &#8222;W\u00a0relacjach z\u00a0Niemcami sytuacja odwr\u00f3ci\u0142a si\u0119. Polski wzrost gospodarczy przekracza 3\u00a0proc., a\u00a0Niemcy znajduj\u0105 si\u0119 w\u00a0recesji. Musimy wi\u0119c popatrze\u0107, jakie s\u0105 ich (Polski) koszty energii, jakie s\u0105 koszty pracy. Ile godzin pracuje si\u0119 w\u00a0Polsce. I\u00a0wyci\u0105gn\u0105\u0107 z\u00a0tego wnioski&#8221;. &#13;\n<\/p>\n<p>&#13;<br \/>\nMichael Kretschmer uwa\u017ca, \u017ce\u00a0obecna niemiecka polityka klimatyczna jest &#8222;drog\u0105 prowadz\u0105c\u0105 przez dolin\u0119 \u015bmierci&#8221;. &#8222;Niemiecki przemys\u0142 tego nie\u00a0prze\u017cyje. Energia elektryczna nie\u00a0mo\u017ce by\u0107 drogim deficytowym dobrem&#8221; \u2013\u00a0oceni\u0142. Jego zdaniem nale\u017cy w\u00a0wi\u0119kszym stopniu wykorzysta\u0107 zar\u00f3wno w\u0119giel brunatny, jak i\u00a0gaz. &#8222;Trzeba z\u00a0wi\u0119ksz\u0105 determinacj\u0105 przeprowadzi\u0107 deregulacj\u0119. Mamy wiele mo\u017cliwo\u015bci, je\u017celi zgodzimy si\u0119 co\u00a0do\u00a0tego, \u017ce\u00a0cenowa konkurencyjno\u015b\u0107 jest podstaw\u0105&#8221; \u2013\u00a0powiedzia\u0142 przedstawiciel chadecji. &#13;\n<\/p>\n<p>&#13;<br \/>\nPolityk odni\u00f3s\u0142 si\u0119 r\u00f3wnie\u017c do\u00a0kondycji niemieckich finans\u00f3w. Jak zaznaczy\u0142, konsolidacja bud\u017cetu za\u00a0Odr\u0105 nie\u00a0jest mo\u017cliwa tylko dzi\u0119ki wprowadzeniu oszcz\u0119dno\u015bci. &#8222;Najwa\u017cniejszy jest wzrost gospodarczy. Rozczarowuj\u0105ce jest to, \u017ce\u00a0w\u00a0minionych miesi\u0105cach tak niewiele uda\u0142o si\u0119 w\u00a0tej dziedzinie zdzia\u0142a\u0107&#8221; \u2013\u00a0zauwa\u017cy\u0142 premier Saksonii w\u00a0rozmowie z\u00a0&#8222;Frankfurter Allgemeine Sonntagszeitung&#8221;. &#13;\n<\/p>\n<p>Gigantyczna dziura bud\u017cetowa w\u00a0Niemczech<\/p>\n<p>&#13;<br \/>\nNiemcy zanotowa\u0142y ponad <a href=\"https:\/\/dorzeczy.pl\/ekonomia\/851267\/niemcy-maja-gigantyczny-deficyt-budzetowy-dziura-bedzie-rosla.html\" rel=\"nofollow noopener\" target=\"_blank\">119 mld euro deficytu bud\u017cetowego<\/a>. Eksperci przewiduj\u0105, \u017ce\u00a0na tym nie\u00a0koniec. Dziura w\u00a0finansach b\u0119dzie ros\u0142a. &#13;\n<\/p>\n<p>&#13;<br \/>\nChocia\u017c wp\u0142ywy z\u00a0podatk\u00f3w i\u00a0sk\u0142adek na\u00a0ubezpieczenia spo\u0142eczne rosn\u0105, deficyt wyni\u00f3s\u0142 119,1 mld euro. Jego najwi\u0119ksz\u0105 cz\u0119\u015b\u0107 wygenerowa\u0142 rz\u0105d federalny. Z\u00a0kolei kraje zwi\u0105zkowe w\u00a0znacznym stopniu zmniejszy\u0142y swoje zad\u0142u\u017cenie. &#13;\n<\/p>\n<p>&#13;<br \/>\n&#8222;Luka w\u00a0niemieckim bud\u017cecie pa\u0144stwowym na\u00a02025 roku okaza\u0142a si\u0119 wi\u0119ksza, ni\u017c\u00a0wcze\u015bniej zak\u0142adano. Deficyt sektora publicznego \u2013\u00a0obejmuj\u0105cy rz\u0105d federalny, kraje zwi\u0105zkowe, gminy i\u00a0ubezpieczenia spo\u0142eczne \u2013\u00a0wyni\u00f3s\u0142 2,7 proc. PKB \u2013\u00a0poinformowa\u0142 Federalny Urz\u0105d Statystyczny. Wst\u0119pnie szacowano go\u00a0na 2,4 proc. Unijny Pakt Stabilno\u015bci i\u00a0Wzrostu przewiduje limit na\u00a0poziomie 3\u00a0proc., kt\u00f3ry takie kraje jak Francja od\u00a0lat przekraczaj\u0105&#8221; \u2013\u00a0podaje dw.com. &#13;\n<\/p>\n<p>&#13;<br \/>\nCzytaj te\u017c:<br \/><a href=\"https:\/\/dorzeczy.pl\/swiat\/877027\/klopoty-w-rafinerii-pck-w-schwedt-czy-pomoze-gdansk.html\" rel=\"follow nofollow noopener\" data-schema=\"DORZECZY\" data-image=\"https:\/\/img.dorzeczy.pl\/_thumb\/9d\/80\/72d83746d939e1763565d96d64b7.jpeg\" target=\"_blank\">Niemiecka rafineria w\u00a0opa\u0142ach. Pom\u00f3c b\u0119dzie musia\u0142 Gda\u0144sk?<\/a>Czytaj te\u017c:<br \/><a href=\"https:\/\/dorzeczy.pl\/ekonomia\/868672\/systemy-cieplownicze-polski-oraz-niemiec-united-heat-w-zgorzelcu-i-goerlitz.html\" rel=\"follow nofollow noopener\" data-schema=\"DORZECZY\" data-image=\"https:\/\/img.dorzeczy.pl\/_thumb\/03\/a9\/eee452d5ea6ddc0983b755982f5e.jpeg\" target=\"_blank\">Wsp\u00f3lny ruch Polski i\u00a0Niemiec. Najwi\u0119ksza inwestycja w\u00a0tej cz\u0119\u015bci Europy<\/a>&#13;<\/p>\n","protected":false},"excerpt":{"rendered":"&#13; &#8222;Niemcy w\u0142a\u015bnie si\u0119 redukuj\u0105. Wszystkiego ubywa. Samorz\u0105dy maj\u0105 35 mld euro za\u00a0ma\u0142o, z\u00a0tego powodu ograniczana jest oferta&hellip;\n","protected":false},"author":2,"featured_media":389533,"comment_status":"","ping_status":"","sticky":false,"template":"","format":"standard","meta":{"footnotes":"","_share_on_mastodon":"0"},"categories":[12],"tags":[3655,98,46690,105,388,190,49,70710,295,102,42,38,40,39,41,70709,80],"class_list":["post-389532","post","type-post","status-publish","format-standard","has-post-thumbnail","category-polska","tag-cdu","tag-dorzeczy","tag-dziura-budzetowa","tag-ekonomia","tag-finanse","tag-gospodarka","tag-kraj","tag-michael-kretschmer","tag-niemcy","tag-opinie","tag-pl","tag-poland","tag-polish","tag-polska","tag-polski","tag-premier-saksonii","tag-swiat"],"share_on_mastodon":{"url":"https:\/\/pubeurope.com\/@pl\/116465660381460680","error":""},"_links":{"self":[{"href":"https:\/\/www.europesays.com\/pl\/wp-json\/wp\/v2\/posts\/389532","targetHints":{"allow":["GET"]}}],"collection":[{"href":"https:\/\/www.europesays.com\/pl\/wp-json\/wp\/v2\/posts"}],"about":[{"href":"https:\/\/www.europesays.com\/pl\/wp-json\/wp\/v2\/types\/post"}],"author":[{"embeddable":true,"href":"https:\/\/www.europesays.com\/pl\/wp-json\/wp\/v2\/users\/2"}],"replies":[{"embeddable":true,"href":"https:\/\/www.europesays.com\/pl\/wp-json\/wp\/v2\/comments?post=389532"}],"version-history":[{"count":0,"href":"https:\/\/www.europesays.com\/pl\/wp-json\/wp\/v2\/posts\/389532\/revisions"}],"wp:featuredmedia":[{"embeddable":true,"href":"https:\/\/www.europesays.com\/pl\/wp-json\/wp\/v2\/media\/389533"}],"wp:attachment":[{"href":"https:\/\/www.europesays.com\/pl\/wp-json\/wp\/v2\/media?parent=389532"}],"wp:term":[{"taxonomy":"category","embeddable":true,"href":"https:\/\/www.europesays.com\/pl\/wp-json\/wp\/v2\/categories?post=389532"},{"taxonomy":"post_tag","embeddable":true,"href":"https:\/\/www.europesays.com\/pl\/wp-json\/wp\/v2\/tags?post=389532"}],"curies":[{"name":"wp","href":"https:\/\/api.w.org\/{rel}","templated":true}]}}