{"id":389672,"date":"2026-04-25T15:21:08","date_gmt":"2026-04-25T15:21:08","guid":{"rendered":"https:\/\/www.europesays.com\/pl\/389672\/"},"modified":"2026-04-25T15:21:08","modified_gmt":"2026-04-25T15:21:08","slug":"jerzy-owsiak-zabral-glos-na-temat-zbiorki-latwoganga-z-hukiem","status":"publish","type":"post","link":"https:\/\/www.europesays.com\/pl\/389672\/","title":{"rendered":"Jerzy Owsiak zabra\u0142 g\u0142os na temat zbi\u00f3rki \u0141atwoganga. &#8222;Z hukiem&#8221;"},"content":{"rendered":"<p>Wielu internaut\u00f3w \u015bledzi na \u017cywo stream, kt\u00f3ry bije rekordy popularno\u015bci. Inicjatywa \u0141atwoganga przyci\u0105gn\u0119\u0142a najwi\u0119ksze nazwiska polskiego internetu, a tak\u017ce przedstawicieli r\u00f3\u017cnych bran\u017c rozrywkowych. Organizatorzy podkre\u015blaj\u0105, \u017ce ka\u017cda wp\u0142ata ma znaczenie, a liczba wspieraj\u0105cych stale ro\u015bnie. W trakcie wydarzenia na platformie streamingowej pojawi\u0142y si\u0119 znane osoby, kt\u00f3re aktywnie w\u0142\u0105czaj\u0105 si\u0119 w zbi\u00f3rk\u0119. Wed\u0142ug relacji organizator\u00f3w, wsparcie ze strony celebryt\u00f3w i influencer\u00f3w znacz\u0105co wp\u0142yn\u0119\u0142o na tempo gromadzenia \u015brodk\u00f3w. Uczestnicy akcji podkre\u015blaj\u0105, \u017ce celem jest nie tylko pobicie rekordu, ale przede wszystkim realna pomoc dzieciom wymagaj\u0105cym kosztownego leczenia nowotwor\u00f3w.<\/p>\n<p>      Dalszy ci\u0105g artyku\u0142u pod materia\u0142em wideo Jerzy Owsiak o akcji \u0141atwogangaG\u0142os na temat zbi\u00f3rki zabra\u0142 r\u00f3wnie\u017c <a href=\"https:\/\/plejada.pl\/temat\/jerzy-owsiak\/j1gnsks\" id=\"c62ceb63-d096-4cab-a8cd-eba1cf5743a8\" rel=\"nofollow noopener\" target=\"_blank\">Jerzy Owsiak<\/a>, kt\u00f3ry od lat wraz z WO\u015aP-em gromadzi miliony na dzia\u0142ania charytatywne.<\/p>\n<blockquote class=\"ods-o-quote\">\n<p class=\"ods-o-quote__paragraph\">Pogratulowa\u0107! To tak si\u0119 robi! Z pasj\u0105, hukiem i na pe\u0142nej petardzie! \u0141atwogang zrobi\u0142e\u015b to i za to szacun ogromny dla Ciebie i wszystkich wspieraj\u0105cych! Ju\u017c ponad trzydzie\u015bci baniek! Niewiarygodne, ale prawdziwe! Siema!!!<\/p>\n<\/blockquote>\n<p>\u2014 napisa\u0142 w sobot\u0119, gdy zebrana kwota wynosi\u0142a ponad 30 mln z\u0142.<\/p>\n<p>17 kwietnia Patryk &#8222;\u0141atwogang&#8221; Garkowski wystartowa\u0142 z nieprzerwan\u0105, dziewi\u0119ciodniow\u0105 transmisj\u0105 na \u017cywo na YouTube. W jego kawalerce pojawi\u0142y si\u0119 gwiazdy polskiego show-biznesu, takie jak Julia Wieniawa i reszta obsady &#8222;Rodzinki.pl&#8221;. Do tej pory zebrano ponad 40 mln z\u0142, chocia\u017c pierwotny cel zbi\u00f3rki wynosi\u0142 500 tys. z\u0142. Ca\u0142a zebrana kwota zostanie przekazana dla Funacji Cancer Fighter, kt\u00f3ra wspiera osoby zmagaj\u0105ce si\u0119 z nowotworem.<\/p>\n<p>     Dzi\u0119kujemy, \u017ce przeczyta\u0142a\u015b\/e\u015b nasz artyku\u0142 do ko\u0144ca. W serwisie Plejada.pl ka\u017cdego dnia piszemy o najwa\u017cniejszych wydarzeniach show-biznesowych. B\u0105d\u017a na bie\u017c\u0105co!<a rel=\"nofollow noopener\" href=\"https:\/\/profile.google.com\/cp\/Cg0vZy8xMWJ6X19wdHBx\" id=\"34d66401-8b72-4354-9421-6be3b3916de0\" target=\"_blank\"> Obserwuj<\/a> Plejad\u0119 w Google. Odwied\u017a nas tak\u017ce na<a rel=\"nofollow noopener\" href=\"https:\/\/www.facebook.com\/plejadapl\" id=\"65a4aa59-9a55-4def-8202-0315c37f2fe8\" target=\"_blank\"> Facebooku<\/a>,<a rel=\"nofollow noopener\" href=\"https:\/\/www.instagram.com\/plejadapl\/\" id=\"150df20b-8b86-4dfa-ba34-28f85e9408ec\" target=\"_blank\"> Instagramie<\/a>,<a rel=\"nofollow noopener\" href=\"https:\/\/www.youtube.com\/c\/plejada\" id=\"edcc00b2-d446-451d-91ea-7074877218fd\" target=\"_blank\"> YouTubie<\/a> oraz<a rel=\"nofollow noopener\" href=\"https:\/\/www.tiktok.com\/@plejada_pl\" id=\"4ab7e5ee-bc99-49b1-a7a8-fe6d895401e8\" target=\"_blank\"> TikToku<\/a>.Chcesz podzieli\u0107 si\u0119 ciekawym newsem lub zaproponowa\u0107 temat? Skontaktuj si\u0119 z nami, pisz\u0105c maila na adres: <a rel=\"nofollow noopener\" href=\"https:\/\/plejada.pl\/newsy\/jerzy-owsiak-zabral-glos-na-temat-zbiorki-latwoganga-z-hukiem\/mailto:plejada@redakcjaonet.pl\" id=\"6c3663c8-561d-4fe6-bccb-a322ecc279a0\" target=\"_blank\">plejada@redakcjaonet.pl<\/a>.<script async src=\"\/\/www.instagram.com\/embed.js\"><\/script><script async src=\"\/\/www.tiktok.com\/embed.js\"><\/script><\/p>\n","protected":false},"excerpt":{"rendered":"Wielu internaut\u00f3w \u015bledzi na \u017cywo stream, kt\u00f3ry bije rekordy popularno\u015bci. Inicjatywa \u0141atwoganga przyci\u0105gn\u0119\u0142a najwi\u0119ksze nazwiska polskiego internetu, a&hellip;\n","protected":false},"author":2,"featured_media":389673,"comment_status":"","ping_status":"","sticky":false,"template":"","format":"standard","meta":{"footnotes":"","_share_on_mastodon":"0"},"categories":[5],"tags":[61195,32,33,36,37,27,24148,34,35,28,31,48,25,125,46,42,38,40,39,41,47,29,30,26,24147],"class_list":["post-389672","post","type-post","status-publish","format-standard","has-post-thumbnail","category-naglowki","tag-bottomfeed_styl","tag-breaking-news","tag-breakingnews","tag-featured-news","tag-featurednews","tag-headlines","tag-jerzy_owsiak","tag-latest-news","tag-latestnews","tag-naglowki","tag-najwazniejsze-artykuly","tag-nat_styl","tag-news","tag-newsy","tag-omp","tag-pl","tag-poland","tag-polish","tag-polska","tag-polski","tag-screening_general","tag-top-stories","tag-topstories","tag-wiadomosci","tag-wosp"],"share_on_mastodon":{"url":"https:\/\/pubeurope.com\/@pl\/116466030147591535","error":""},"_links":{"self":[{"href":"https:\/\/www.europesays.com\/pl\/wp-json\/wp\/v2\/posts\/389672","targetHints":{"allow":["GET"]}}],"collection":[{"href":"https:\/\/www.europesays.com\/pl\/wp-json\/wp\/v2\/posts"}],"about":[{"href":"https:\/\/www.europesays.com\/pl\/wp-json\/wp\/v2\/types\/post"}],"author":[{"embeddable":true,"href":"https:\/\/www.europesays.com\/pl\/wp-json\/wp\/v2\/users\/2"}],"replies":[{"embeddable":true,"href":"https:\/\/www.europesays.com\/pl\/wp-json\/wp\/v2\/comments?post=389672"}],"version-history":[{"count":0,"href":"https:\/\/www.europesays.com\/pl\/wp-json\/wp\/v2\/posts\/389672\/revisions"}],"wp:featuredmedia":[{"embeddable":true,"href":"https:\/\/www.europesays.com\/pl\/wp-json\/wp\/v2\/media\/389673"}],"wp:attachment":[{"href":"https:\/\/www.europesays.com\/pl\/wp-json\/wp\/v2\/media?parent=389672"}],"wp:term":[{"taxonomy":"category","embeddable":true,"href":"https:\/\/www.europesays.com\/pl\/wp-json\/wp\/v2\/categories?post=389672"},{"taxonomy":"post_tag","embeddable":true,"href":"https:\/\/www.europesays.com\/pl\/wp-json\/wp\/v2\/tags?post=389672"}],"curies":[{"name":"wp","href":"https:\/\/api.w.org\/{rel}","templated":true}]}}