{"id":389762,"date":"2026-04-25T16:19:19","date_gmt":"2026-04-25T16:19:19","guid":{"rendered":"https:\/\/www.europesays.com\/pl\/389762\/"},"modified":"2026-04-25T16:19:19","modified_gmt":"2026-04-25T16:19:19","slug":"nie-zyje-andrzej-olechowski-donald-tusk-zegna-wspolzalozyciela-po-2","status":"publish","type":"post","link":"https:\/\/www.europesays.com\/pl\/389762\/","title":{"rendered":"Nie \u017cyje Andrzej Olechowski. Donald Tusk \u017cegna wsp\u00f3\u0142za\u0142o\u017cyciela PO"},"content":{"rendered":"<p>Zmar\u0142 Andrzej Olechowski, polski polityk i ekonomista, wsp\u00f3\u0142za\u0142o\u017cyciel PO oraz by\u0142y minister finans\u00f3w i spraw zagranicznych. Mia\u0142 78 lat. <a href=\"https:\/\/wiadomosci.onet.pl\/kraj\/nie-zyje-andrzej-olechowski-wspolzalozyciel-platformy-obywatelskiej-i-byly-minister\/0wjjrt1\" id=\"5a1d99d1-72d4-4af8-9592-abf5ef6d6503\" rel=\"nofollow noopener\" target=\"_blank\">Informacje o \u015bmierci Onet potwierdzi\u0142 w swoich \u017ar\u00f3d\u0142ach.<\/a>Nie \u017cyje Andrzej Olechowski. Donald Tusk \u017cegna wsp\u00f3\u0142za\u0142o\u017cyciela PO<\/p>\n<p>Andrzeja Olechowskiego po\u017cegna\u0142 Donald Tusk. Na koncie premiera w platformie X pojawi\u0142 si\u0119 wpis ku pami\u0119ci zmar\u0142ego polityka.<\/p>\n<p>&#8222;Odszed\u0142 Andrzej Olechowski, polityk, dyplomata, jeden z \u00bbtrzech tenor\u00f3w\u00ab Platformy Obywatelskiej. Niech spoczywa w pokoju&#8221; \u2014 napisa\u0142 premier.<\/p>\n<p>Donald Tusk przypomnia\u0142 okre\u015blenie, kt\u00f3rego u\u017cywano wobec trzech za\u0142o\u017cycieli PO. Do &#8222;tenor\u00f3w&#8221; zaliczano: Andrzeja Olechowskiego, Donalda Tuska i Macieja P\u0142a\u017cy\u0144skiego.<\/p>\n<p> Nie \u017cyje Andrzej Olechowski<\/p>\n<p>Andrzej Olechowski urodzi\u0142 si\u0119 9 wrze\u015bnia 1947 r. w Krakowie.<\/p>\n<p>W 1992 r. sprawowa\u0142 urz\u0105d Ministra Finans\u00f3w w rz\u0105dzie Jana Olszewskiego. W latach 1993\u20131995 kierowa\u0142 Ministerstwem Spraw Zagranicznych w gabinecie Waldemara Pawlaka.<\/p>\n<p>W 2000 r. wystartowa\u0142 jako kandydat niezale\u017cny w wyborach prezydenckich, zajmuj\u0105c drugie miejsce z wynikiem 17,3 proc. g\u0142os\u00f3w. Rok p\u00f3\u017aniej, wraz z Maciejem P\u0142a\u017cy\u0144skim i Donaldem Tuskiem, za\u0142o\u017cy\u0142 Platform\u0119 Obywatelsk\u0105.<\/p>\n<p>W 2002 r. kandydowa\u0142 na urz\u0105d prezydenta Warszawy, a w 2010 r. po raz drugi ubiega\u0142 si\u0119 o urz\u0105d prezydenta. W 2009 r. wyst\u0105pi\u0142 z PO, a w p\u00f3\u017aniejszych latach by\u0142 zwi\u0105zany ze Stronnictwem Demokratycznym.<\/p>\n<p>W czasie swojej kariery by\u0142 r\u00f3wnie\u017c doradc\u0105 ekonomicznym prezydenta Lecha Wa\u0142\u0119sy oraz przewodnicz\u0105cym Rady Miejskiej w Warszawie. Wyk\u0142ada\u0142 m.in. na Uniwersytecie Jagiello\u0144skim, Akademii Teologii Katolickiej oraz Collegium Civitas. Jest autorem publikacji z zakresu gospodarki i polityki zagranicznej.<\/p>\n","protected":false},"excerpt":{"rendered":"Zmar\u0142 Andrzej Olechowski, polski polityk i ekonomista, wsp\u00f3\u0142za\u0142o\u017cyciel PO oraz by\u0142y minister finans\u00f3w i spraw zagranicznych. Mia\u0142 78&hellip;\n","protected":false},"author":2,"featured_media":389763,"comment_status":"","ping_status":"","sticky":false,"template":"","format":"standard","meta":{"footnotes":"","_share_on_mastodon":"0"},"categories":[62713],"tags":[70678,61195,1345,212,49,48,56812,46,8926,47],"class_list":["post-389762","post","type-post","status-publish","format-standard","has-post-thumbnail","category-donald-tusk","tag-andrzej_olechowski","tag-bottomfeed_styl","tag-donald-tusk","tag-donald_tusk","tag-kraj","tag-nat_styl","tag-newbb_tst0","tag-omp","tag-platforma_obywatelska","tag-screening_general"],"share_on_mastodon":{"url":"https:\/\/pubeurope.com\/@pl\/116466257951581763","error":""},"_links":{"self":[{"href":"https:\/\/www.europesays.com\/pl\/wp-json\/wp\/v2\/posts\/389762","targetHints":{"allow":["GET"]}}],"collection":[{"href":"https:\/\/www.europesays.com\/pl\/wp-json\/wp\/v2\/posts"}],"about":[{"href":"https:\/\/www.europesays.com\/pl\/wp-json\/wp\/v2\/types\/post"}],"author":[{"embeddable":true,"href":"https:\/\/www.europesays.com\/pl\/wp-json\/wp\/v2\/users\/2"}],"replies":[{"embeddable":true,"href":"https:\/\/www.europesays.com\/pl\/wp-json\/wp\/v2\/comments?post=389762"}],"version-history":[{"count":0,"href":"https:\/\/www.europesays.com\/pl\/wp-json\/wp\/v2\/posts\/389762\/revisions"}],"wp:featuredmedia":[{"embeddable":true,"href":"https:\/\/www.europesays.com\/pl\/wp-json\/wp\/v2\/media\/389763"}],"wp:attachment":[{"href":"https:\/\/www.europesays.com\/pl\/wp-json\/wp\/v2\/media?parent=389762"}],"wp:term":[{"taxonomy":"category","embeddable":true,"href":"https:\/\/www.europesays.com\/pl\/wp-json\/wp\/v2\/categories?post=389762"},{"taxonomy":"post_tag","embeddable":true,"href":"https:\/\/www.europesays.com\/pl\/wp-json\/wp\/v2\/tags?post=389762"}],"curies":[{"name":"wp","href":"https:\/\/api.w.org\/{rel}","templated":true}]}}