{"id":389782,"date":"2026-04-25T16:35:26","date_gmt":"2026-04-25T16:35:26","guid":{"rendered":"https:\/\/www.europesays.com\/pl\/389782\/"},"modified":"2026-04-25T16:35:26","modified_gmt":"2026-04-25T16:35:26","slug":"akcja-straznikow-w-krakowie-mandaty-posypaly-sie-w-podgorzu-i-debnikach","status":"publish","type":"post","link":"https:\/\/www.europesays.com\/pl\/389782\/","title":{"rendered":"Akcja stra\u017cnik\u00f3w w Krakowie. Mandaty posypa\u0142y si\u0119 w Podg\u00f3rzu i D\u0119bnikach"},"content":{"rendered":"<p class=\"Paragraph_desktopParagraph__U31Gm\">Stra\u017c Miejska w Krakowie podsumowa\u0142a wzmo\u017cone dzia\u0142ania kontrolno-prewencyjne, kt\u00f3re przeprowadzono w \u015brod\u0119, 22 kwietnia, na terenie Starego Podg\u00f3rza i D\u0119bnik. W ci\u0105gu jednego dnia funkcjonariusze ujawnili a\u017c 223 wykroczenia.<\/p>\n<p class=\"Paragraph_desktopParagraph__U31Gm\">Jak przekazano w czwartek 23 kwietnia, w 173 przypadkach interwencje zako\u0144czy\u0142y si\u0119 na\u0142o\u017ceniem mandat\u00f3w karnych. Pozosta\u0142e sytuacje zako\u0144czono pouczeniami lub innymi \u015brodkami przewidzianymi przepisami.<\/p>\n<p class=\"Paragraph_desktopParagraph__U31Gm\">Dzia\u0142ania stra\u017cnik\u00f3w koncentrowa\u0142y si\u0119 przede wszystkim na zapewnieniu porz\u0105dku publicznego oraz egzekwowaniu przepis\u00f3w ruchu drogowego. Szczeg\u00f3ln\u0105 uwag\u0119 zwracano na wykroczenia pope\u0142niane przez pieszych, rowerzyst\u00f3w oraz kierowc\u00f3w, zw\u0142aszcza w zakresie nieprawid\u0142owego parkowania.<\/p>\n<p class=\"Paragraph_desktopParagraph__U31Gm\">Kontrole prowadzono w czterech wyznaczonych sektorach, obejmuj\u0105cych mi\u0119dzy innymi ulice Romanowicza, Zab\u0142ocie, Lipow\u0105, Dekerta, Kalwaryjsk\u0105, Limanowskiego, Rynek Podg\u00f3rski, Nadwi\u015bla\u0144sk\u0105 oraz plac Bohater\u00f3w Getta. Stra\u017cnicy pojawili si\u0119 tak\u017ce w rejonie k\u0142adki Ojca Bernatka oraz na ulicach Czerwone Maki, Piltza, Lubostro\u0144, Boczn\u0105, Szwedzk\u0105 i Twardowskiego.<\/p>\n<p class=\"Paragraph_desktopParagraph__U31Gm\">Dodatkowo funkcjonariusze obj\u0119li kontrolami okolice popularnych teren\u00f3w rekreacyjnych \u2013 Parku Bagry Wielkie oraz Parku Zakrz\u00f3wek.<\/p>\n<p class=\"Paragraph_desktopParagraph__U31Gm\">Jak podkre\u015bla Stra\u017c Miejska, tego typu dzia\u0142ania maj\u0105 na celu popraw\u0119 bezpiecze\u0144stwa oraz zwi\u0119kszenie porz\u0105dku w przestrzeni publicznej.<\/p>\n","protected":false},"excerpt":{"rendered":"Stra\u017c Miejska w Krakowie podsumowa\u0142a wzmo\u017cone dzia\u0142ania kontrolno-prewencyjne, kt\u00f3re przeprowadzono w \u015brod\u0119, 22 kwietnia, na terenie Starego Podg\u00f3rza&hellip;\n","protected":false},"author":2,"featured_media":389783,"comment_status":"","ping_status":"","sticky":false,"template":"","format":"standard","meta":{"footnotes":"","_share_on_mastodon":"0"},"categories":[51606],"tags":[1009,64980,1304,368,53,52,68,51,55,42,38,40,39,41,47,50,26],"class_list":["post-389782","post","type-post","status-publish","format-standard","has-post-thumbnail","category-krakow","tag-anejus","tag-benefit_tst2","tag-krakow","tag-krakowdlawas","tag-new_header","tag-onet3","tag-onet3d","tag-onet3d_2i","tag-phx","tag-pl","tag-poland","tag-polish","tag-polska","tag-polski","tag-screening_general","tag-v2021","tag-wiadomosci"],"share_on_mastodon":{"url":"https:\/\/pubeurope.com\/@pl\/116466321029488773","error":""},"_links":{"self":[{"href":"https:\/\/www.europesays.com\/pl\/wp-json\/wp\/v2\/posts\/389782","targetHints":{"allow":["GET"]}}],"collection":[{"href":"https:\/\/www.europesays.com\/pl\/wp-json\/wp\/v2\/posts"}],"about":[{"href":"https:\/\/www.europesays.com\/pl\/wp-json\/wp\/v2\/types\/post"}],"author":[{"embeddable":true,"href":"https:\/\/www.europesays.com\/pl\/wp-json\/wp\/v2\/users\/2"}],"replies":[{"embeddable":true,"href":"https:\/\/www.europesays.com\/pl\/wp-json\/wp\/v2\/comments?post=389782"}],"version-history":[{"count":0,"href":"https:\/\/www.europesays.com\/pl\/wp-json\/wp\/v2\/posts\/389782\/revisions"}],"wp:featuredmedia":[{"embeddable":true,"href":"https:\/\/www.europesays.com\/pl\/wp-json\/wp\/v2\/media\/389783"}],"wp:attachment":[{"href":"https:\/\/www.europesays.com\/pl\/wp-json\/wp\/v2\/media?parent=389782"}],"wp:term":[{"taxonomy":"category","embeddable":true,"href":"https:\/\/www.europesays.com\/pl\/wp-json\/wp\/v2\/categories?post=389782"},{"taxonomy":"post_tag","embeddable":true,"href":"https:\/\/www.europesays.com\/pl\/wp-json\/wp\/v2\/tags?post=389782"}],"curies":[{"name":"wp","href":"https:\/\/api.w.org\/{rel}","templated":true}]}}