{"id":389797,"date":"2026-04-25T16:44:08","date_gmt":"2026-04-25T16:44:08","guid":{"rendered":"https:\/\/www.europesays.com\/pl\/389797\/"},"modified":"2026-04-25T16:44:08","modified_gmt":"2026-04-25T16:44:08","slug":"donald-trump-oglosil-decyzje-w-sprawie-rozmow-z-iranem-delegacja-odwolana-wiadomosci-onet","status":"publish","type":"post","link":"https:\/\/www.europesays.com\/pl\/389797\/","title":{"rendered":"Donald Trump og\u0142osi\u0142 decyzj\u0119 w sprawie rozm\u00f3w z Iranem. Delegacja odwo\u0142ana &#8211; Wiadomo\u015bci &#8211; Onet"},"content":{"rendered":"<ol>\n<li><a href=\"https:\/\/news.google.com\/rss\/articles\/CBMi0gFBVV95cUxPMTNwcmdHcVVabFh1UFBjWjlpbWlIMjJraVhmeW9pRHRHYnQtVEhCTEd2QU54UmlINExob1FIZHVkdUE3TUNKUEJxd3FIZ2hDS1gwSVludFE2eXVHZDF6aDFicE9hMFFhNlpHcHlwaFZoUmpaU0xib2pXRzUzaksyYVVXTlhFRkxPWlJueWQwWVpKYllvWERmRC1wWEYyU0g4cUI3X3NJNVY5QWVxRFRRcnZBdF9hbjJ3dEJkWk1lb0hJSEQzTF8yZE10M3JVdk1QdUE?oc=5\" target=\"_blank\" rel=\"nofollow noopener\">Donald Trump og\u0142osi\u0142 decyzj\u0119 w sprawie rozm\u00f3w z Iranem. Delegacja odwo\u0142ana &#8211; Wiadomo\u015bci<\/a>&nbsp;&nbsp;Onet<\/li>\n<li><a href=\"https:\/\/news.google.com\/rss\/articles\/CBMiyAFBVV95cUxOQlo5X3NVbGZiVFJHSjUtZ3JfaS1Mck9qTUU5dDViaWhkSXgyc2ZxR28weklmaWp6clZLV1BtUXktVUpsczRMdnVMNjliR0FLRkUyU0tEcFMxbF9RYVNMcW9zRTdOUmpOOTQxNzFzX1lsaDV3TDd5X25ERVVTQk1WOEljNGZUTDd2SG1JMG1GalZMWmJSX1FlS05PZ0p4TjN5Tkxhd3R4Xzk4ZE5NV1VaU1RjZXpBa2hKTHYxZkhVQnJDZ0owZVA1QQ?oc=5\" target=\"_blank\" rel=\"nofollow noopener\">Trump ma czas do 1 maja. &#8222;Mo\u017ce to by\u0107 pow\u00f3d do impeachmentu&#8221;<\/a>&nbsp;&nbsp;Money.pl<\/li>\n<li><a href=\"https:\/\/news.google.com\/rss\/articles\/CBMitAFBVV95cUxNTXF6Zk9RQTZmbEV5QzlWOVNuUml3b3VKTFE2RUMycnBNV2FKcXhVbWZ4NkwyZEZDRHppMHBmNG5LOUtkQW5oallueDZUUUJUcHpDZl8yR1h0R0ZILUpSdDRPU2VmcXZfY1hPTEY5UGl6cXFfc25wSEYzLTEzVU40RFZ1QjQzc3I2cFNQOG1nb0ZCcDdabTVFYksxNDlvT2NNNUxtS1dlSWxwUVBtVkx1bno1ZWo?oc=5\" target=\"_blank\" rel=\"nofollow noopener\">Donald Trump og\u0142osi\u0142 decyzj\u0119 w sprawie rozm\u00f3w z Iranem. Delegacja odwo\u0142ana<\/a>&nbsp;&nbsp;Wiadomo\u015bci Onet<\/li>\n<li><a href=\"https:\/\/news.google.com\/rss\/articles\/CBMiiAFBVV95cUxNSVYySWpoZzRNWE9aRXlUYnktNkNxOEJialZ2eExKMHlWSjE1N0d2OWQ4SXNmcld4dUVRQ2pPVExfbncyOXEzd1lRZHFlQllzSUlqd3R2YnJoWnZuaGprRWhROFZxdkk4b29zSGVrZFYxMmtxd2RFeU12QW1RZ0hPUEMxX2E5LXlv?oc=5\" target=\"_blank\" rel=\"nofollow noopener\">Iran odpowiedzia\u0142 USA. Jest lista \u017c\u0105da\u0144<\/a>&nbsp;&nbsp;WP Wiadomo\u015bci<\/li>\n<li><a href=\"https:\/\/news.google.com\/rss\/articles\/CBMiiwFBVV95cUxNMTB6cUxkdnhPYmRZdS12bjExREQ0cEFDTlJfN0FfeHM1Ty1zQzlxdDR5MV8tSTFHWW02b0o3Y0FleXRrOTd6b0tSd2FfdExWSmU2QzNJVzhneUI2STJ3M3RtTV9aTEFndGc4ZDlrajhjUEpoUFpBYVlrbU9vM2xFSnBPbnFoWTVVLUlj?oc=5\" target=\"_blank\" rel=\"nofollow noopener\">Co z rozmowami Iranu z USA? Delegacja &#8222;opu\u015bci\u0142a Pakistan&#8221;<\/a>&nbsp;&nbsp;TVN24<\/li>\n<\/ol>\n","protected":false},"excerpt":{"rendered":"Donald Trump og\u0142osi\u0142 decyzj\u0119 w sprawie rozm\u00f3w z Iranem. Delegacja odwo\u0142ana &#8211; Wiadomo\u015bci&nbsp;&nbsp;Onet Trump ma czas do 1&hellip;\n","protected":false},"author":2,"featured_media":389798,"comment_status":"","ping_status":"","sticky":false,"template":"","format":"standard","meta":{"footnotes":"","_share_on_mastodon":"0"},"categories":[14],"tags":[64505,905,32,33,58,27,67,663,11049,34,35,28,31,45332,53,25,52,68,51,10986,55,40,41,47,59,11050,80,29,30,65,50,26,82,83,84],"class_list":["post-389797","post","type-post","status-publish","format-standard","has-post-thumbnail","category-swiat","tag-benefit_tst0","tag-bliski_wschod","tag-breaking-news","tag-breakingnews","tag-donald_trump_prezydent_usa","tag-headlines","tag-intextvideo_splayer","tag-iran","tag-jared_kushner","tag-latest-news","tag-latestnews","tag-naglowki","tag-najwazniejsze-artykuly","tag-negocjacje_pokojowe","tag-new_header","tag-news","tag-onet3","tag-onet3d","tag-onet3d_2i","tag-pakistan","tag-phx","tag-polish","tag-polski","tag-screening_general","tag-stany_zjednoczone_usa","tag-steve_witkoff","tag-swiat","tag-top-stories","tag-topstories","tag-update_me","tag-v2021","tag-wiadomosci","tag-world","tag-world-news","tag-worldnews"],"share_on_mastodon":{"url":"","error":""},"_links":{"self":[{"href":"https:\/\/www.europesays.com\/pl\/wp-json\/wp\/v2\/posts\/389797","targetHints":{"allow":["GET"]}}],"collection":[{"href":"https:\/\/www.europesays.com\/pl\/wp-json\/wp\/v2\/posts"}],"about":[{"href":"https:\/\/www.europesays.com\/pl\/wp-json\/wp\/v2\/types\/post"}],"author":[{"embeddable":true,"href":"https:\/\/www.europesays.com\/pl\/wp-json\/wp\/v2\/users\/2"}],"replies":[{"embeddable":true,"href":"https:\/\/www.europesays.com\/pl\/wp-json\/wp\/v2\/comments?post=389797"}],"version-history":[{"count":0,"href":"https:\/\/www.europesays.com\/pl\/wp-json\/wp\/v2\/posts\/389797\/revisions"}],"wp:featuredmedia":[{"embeddable":true,"href":"https:\/\/www.europesays.com\/pl\/wp-json\/wp\/v2\/media\/389798"}],"wp:attachment":[{"href":"https:\/\/www.europesays.com\/pl\/wp-json\/wp\/v2\/media?parent=389797"}],"wp:term":[{"taxonomy":"category","embeddable":true,"href":"https:\/\/www.europesays.com\/pl\/wp-json\/wp\/v2\/categories?post=389797"},{"taxonomy":"post_tag","embeddable":true,"href":"https:\/\/www.europesays.com\/pl\/wp-json\/wp\/v2\/tags?post=389797"}],"curies":[{"name":"wp","href":"https:\/\/api.w.org\/{rel}","templated":true}]}}