{"id":390003,"date":"2026-04-25T19:00:39","date_gmt":"2026-04-25T19:00:39","guid":{"rendered":"https:\/\/www.europesays.com\/pl\/390003\/"},"modified":"2026-04-25T19:00:39","modified_gmt":"2026-04-25T19:00:39","slug":"najwieksze-zakupy-sprzetu-medycznego-w-historii-wosp","status":"publish","type":"post","link":"https:\/\/www.europesays.com\/pl\/390003\/","title":{"rendered":"Najwi\u0119ksze zakupy sprz\u0119tu medycznego w historii WO\u015aP"},"content":{"rendered":"<p>Zakupy zosta\u0142y przeprowadzone w ramach 85. konkursu ofert WO\u015aP. W sumie na 22 <a href=\"https:\/\/wiadomosci.onet.pl\/warszawa\/34-final-wosp-wiemy-na-co-beda-zbierane-pieniadze\/dfrnclt\" id=\"4a72d3de-6ff6-417e-876d-7cb0f3bfd0d7\" rel=\"nofollow noopener\" target=\"_blank\">urz\u0105dzenia przeznaczone do diagnostyki obrazowej<\/a> Fundacja wyda\u0142a rekordowe 144 mln 42 tys. 555 z\u0142 i 97 gr.Nowoczesny sprz\u0119t medyczny trafi do kilkunastu miast<\/p>\n<p>Orkiestra kupi\u0142a: cztery stacjonarne aparaty RTG kostno-p\u0142ucne, cztery aparaty RTG stacjonarne dwustanowiskowe, osiem rezonans\u00f3w magnetycznych, gammakamera typu Spect\/CT, cztery tomografy komputerowe oraz aparat do planowania zabieg\u00f3w radioterapii z wykorzystaniem TK.<\/p>\n<p>ZOBACZ R\u00d3WNIE\u017b: <a href=\"https:\/\/wiadomosci.onet.pl\/kraj\/34-final-wosp-bez-rekordu-jerzy-owsiak-ujawnil-ile-pieniedzy-zebrano\/8she10r\" id=\"380b5b8b-acc8-4502-b4c3-3d1f571ee27c\" rel=\"nofollow noopener\" target=\"_blank\">WO\u015aP: wiemy ju\u017c, ile pieni\u0119dzy zebrano podczas 34. fina\u0142u<\/a><\/p>\n<p>Jak informuje Fundacja WO\u015aP, w\u015br\u00f3d zakupionych urz\u0105dze\u0144 s\u0105 trzy najnowocze\u015bniejsze tomografy \u2014 fotonowe, o niespotykanej dotychczas wyrazisto\u015bci obrazu, przek\u0142adaj\u0105cej si\u0119 na jeszcze lepsze wyniki badania.<\/p>\n<p>      Dalszy ci\u0105g artyku\u0142u pod materia\u0142em wideo <\/p>\n<p>Sprz\u0119t ju\u017c za kilka miesi\u0119cy zacznie dzia\u0142a\u0107 w kilkunastu miastach \u2014 w Bydgoszczy, Gda\u0144sku, Katowicach, Krakowie, Lublinie, \u0141odzi, Nysie, Olsztynie, Poznaniu, Szczecinie, Warszawie, Wroc\u0142awiu, Zabrzu i Zielonej G\u00f3rze. Nysa otrzyma rezonans do pracowni, kt\u00f3ra zosta\u0142a zniszczona w wyniku powodzi jesieni\u0105 2024 roku.<\/p>\n<p>     ZOBACZ R\u00d3WNIE\u017b: <a href=\"https:\/\/wiadomosci.onet.pl\/warszawa\/wagary-rakieta-zlote-korki-10-najdrozszych-aukcji-na-rzecz-wosp\/q2lhps8\" id=\"811cb0dd-06ba-43ea-b8ad-2856bd34fcb3\" rel=\"nofollow noopener\" target=\"_blank\">Wagary, rakieta, z\u0142ote korki. 10 najdro\u017cszych aukcji na rzecz WO\u015aP<\/a><\/p>\n<p>Przypomnijmy, wszystkie urz\u0105dzenia szpitale otrzymuj\u0105 w darze. Fundacja nie pobiera od plac\u00f3wek \u017cadnych op\u0142at za korzystanie ze sprz\u0119tu.<\/p>\n<p>\u2014 Aby odpowiedzialnie wyda\u0107 taki ogrom pieni\u0119dzy, musieli\u015bmy nie tylko wiedzie\u0107, \u017ce kupimy najlepszy sprz\u0119t dla szpitali, ale mie\u0107 te\u017c zapewnienie Ministerstwa Zdrowia, \u017ce nie zabraknie nawet z\u0142ot\u00f3wki na wszystkie badania diagnostyczne dla dzieci i m\u0142odzie\u017cy do lat 18 \u2014 wyja\u015bnia Jurek Owsiak.<\/p>\n<p>     Zakupy w porozumieniu z Ministerstwem Zdrowia<\/p>\n<p>W\u0142a\u015bnie dlatego Fundacja WO\u015aP kilka tygodni temu skontaktowa\u0142a si\u0119 z Ministerstwem Zdrowia, by uzyska\u0107 informacje w sprawie szeroko omawianych ci\u0119\u0107 w diagnostyce. Uzyska\u0142a w\u00f3wczas zapewnienie, \u017ce wprowadzane zmiany nie b\u0119d\u0105 dotyczy\u0107 dzieci i m\u0142odzie\u017cy do lat 18, z przeznaczeniem dla kt\u00f3rych Orkiestra planowa\u0142a kupowa\u0107 urz\u0105dzenia.<\/p>\n<p>Przypomnijmy, \u017ce to ju\u017c kolejne wielkie zakupy dla diagnostyki. Podobn\u0105 pul\u0119 urz\u0105dze\u0144 Fundacja kupowa\u0142a w ramach 27. Fina\u0142u WO\u015aP \u2014 by\u0142 to sprz\u0119t dla specjalistycznych oddzia\u0142\u00f3w dzieci\u0119cych w ca\u0142ej Polsce, na kt\u00f3ry wyda\u0142a ponad 106 mln z\u0142.<\/p>\n<p>ZOBACZ R\u00d3WNIE\u017b: <a href=\"https:\/\/wiadomosci.onet.pl\/szczecin\/wyjatkowe-momenty-31-polandrock-festivalu-zdjecia\/e970lwe\" id=\"286c6916-8038-4dd2-a3f8-b458faccccfc\" rel=\"nofollow noopener\" target=\"_blank\">Wyj\u0105tkowe momenty 31. Pol\u2019and\u2019Rock Festivalu [ZDJ\u0118CIA]<\/a><\/p>\n<p>\u2014 Zakupy sprz\u0119tu medycznego realizujemy na bazie autorskiej procedury \u2014 w ramach Konkursu Ofert. To wielogodzinne negocjacje z udzia\u0142em przedstawicieli firm medycznych i ekspert\u00f3w z danej dziedziny medycyny, podczas kt\u00f3rych kluczowym argumentem jest jako\u015b\u0107 oferowanych urz\u0105dze\u0144 \u2014 podkre\u015blaj\u0105 przedstawiciele Orkiestry.<\/p>\n<p>Fundacja WO\u015aP to ciesz\u0105ca si\u0119 ogromnym zaufaniem spo\u0142ecznym organizacja pozarz\u0105dowa w Polsce. Za\u0142o\u017cona zosta\u0142a przez Jurka Owsiaka w 1993 r. Od tego czasu co roku w styczniu organizuje zbi\u00f3rk\u0119 pieni\u0119dzy, nazywan\u0105 Fina\u0142em WO\u015aP. Za zebrane \u015brodki Fundacja kupuje i przekazuje w darze szpitalom w Polsce najnowocze\u015bniejszy sprz\u0119t medyczny. Do tej pory zebra\u0142a blisko 2,6 mld z\u0142. Kupi\u0142a za to i przekaza\u0142a polskiej s\u0142u\u017cbie zdrowia ponad 80 tys. urz\u0105dze\u0144 medycznych.<\/p>\n","protected":false},"excerpt":{"rendered":"Zakupy zosta\u0142y przeprowadzone w ramach 85. konkursu ofert WO\u015aP. W sumie na 22 urz\u0105dzenia przeznaczone do diagnostyki obrazowej&hellip;\n","protected":false},"author":2,"featured_media":390004,"comment_status":"","ping_status":"","sticky":false,"template":"","format":"standard","meta":{"footnotes":"","_share_on_mastodon":"0"},"categories":[51605],"tags":[61195,24148,48,56812,46,42,38,40,39,41,47,70821,435,15855,24147],"class_list":["post-390003","post","type-post","status-publish","format-standard","has-post-thumbnail","category-warszawa","tag-bottomfeed_styl","tag-jerzy_owsiak","tag-nat_styl","tag-newbb_tst0","tag-omp","tag-pl","tag-poland","tag-polish","tag-polska","tag-polski","tag-screening_general","tag-sprzet_medyczny","tag-warszawa","tag-wielka_orkiestra_swiatecznej_pomocy","tag-wosp"],"share_on_mastodon":{"url":"https:\/\/pubeurope.com\/@pl\/116466891308933792","error":""},"_links":{"self":[{"href":"https:\/\/www.europesays.com\/pl\/wp-json\/wp\/v2\/posts\/390003","targetHints":{"allow":["GET"]}}],"collection":[{"href":"https:\/\/www.europesays.com\/pl\/wp-json\/wp\/v2\/posts"}],"about":[{"href":"https:\/\/www.europesays.com\/pl\/wp-json\/wp\/v2\/types\/post"}],"author":[{"embeddable":true,"href":"https:\/\/www.europesays.com\/pl\/wp-json\/wp\/v2\/users\/2"}],"replies":[{"embeddable":true,"href":"https:\/\/www.europesays.com\/pl\/wp-json\/wp\/v2\/comments?post=390003"}],"version-history":[{"count":0,"href":"https:\/\/www.europesays.com\/pl\/wp-json\/wp\/v2\/posts\/390003\/revisions"}],"wp:featuredmedia":[{"embeddable":true,"href":"https:\/\/www.europesays.com\/pl\/wp-json\/wp\/v2\/media\/390004"}],"wp:attachment":[{"href":"https:\/\/www.europesays.com\/pl\/wp-json\/wp\/v2\/media?parent=390003"}],"wp:term":[{"taxonomy":"category","embeddable":true,"href":"https:\/\/www.europesays.com\/pl\/wp-json\/wp\/v2\/categories?post=390003"},{"taxonomy":"post_tag","embeddable":true,"href":"https:\/\/www.europesays.com\/pl\/wp-json\/wp\/v2\/tags?post=390003"}],"curies":[{"name":"wp","href":"https:\/\/api.w.org\/{rel}","templated":true}]}}