{"id":390394,"date":"2026-04-26T00:02:10","date_gmt":"2026-04-26T00:02:10","guid":{"rendered":"https:\/\/www.europesays.com\/pl\/390394\/"},"modified":"2026-04-26T00:02:10","modified_gmt":"2026-04-26T00:02:10","slug":"dniepr-pod-ostrzalem-rosji-ataki-trwaja-juz-ponad-20-godzin","status":"publish","type":"post","link":"https:\/\/www.europesays.com\/pl\/390394\/","title":{"rendered":"Dniepr pod ostrza\u0142em Rosji. Ataki trwaj\u0105 ju\u017c ponad 20 godzin"},"content":{"rendered":"<p>&#8222;20 godzin. Przez ponad 20 strasznych godzin Rosjanie falami atakowali Dniepr. Zabili sze\u015b\u0107 os\u00f3b, ranili 47&#8221; \u2014 napisa\u0142 w komunikatorze Telegram szef wojskowej administracji obwodu dniepropietrowskiego O\u0142eksandr Han\u017ca.<\/p>\n<p> <img decoding=\"async\" src=\"https:\/\/www.europesays.com\/pl\/wp-content\/uploads\/2026\/04\/X-kk9lBaHR0cHM6Ly9vY2RuLmV1L3B1bHNjbXMvTURBXy82Y2Q2NWMwOGIxZmE4YTMwNjQxNjhiNjNhMDRhOTIyNi5wbmeRlQLNB.jpeg\" height=\"347\" width=\"330\" alt=\"Przez ponad 20 strasznych godzin Rosjanie falami atakowali Dniepr.\" loading=\"lazy\" class=\"ods-c-image__img ods-c-image__img--vertical\"\/> <\/p>\n<p>Przez ponad 20 strasznych godzin Rosjanie falami atakowali Dniepr.O\u0142eksandr Han\u017ca \/ Telegram<\/p>\n<p>&#8222;W ci\u0105gu doby wrogie ataki na Dniepr pozbawi\u0142y \u017cycia o\u015bmiu jego mieszka\u0144c\u00f3w, rannych zosta\u0142o 49 os\u00f3b&#8221; \u2014 doda\u0142 w kolejnym wpisie.<\/p>\n<p> Dalszy ci\u0105g artyku\u0142u pod materia\u0142em wideo Rosja bombarduje Dniepr. Liczba ofiar ro\u015bnie<\/p>\n<p>W godzinach porannych urz\u0119dnik informowa\u0142 o 18 rannych. Pisa\u0142 w\u00f3wczas o 10 godzinach rosyjskich atak\u00f3w i poszukiwaniach ludzi pod gruzami zniszczonych dom\u00f3w. Przed po\u0142udniem przekaza\u0142 informacj\u0119 o czterech ofiarach \u015bmiertelnych i 27 rannych.<\/p>\n<p>Dniepr zosta\u0142 ponownie ostrzelany w sobot\u0119 wieczorem. Han\u017ca poda\u0142, \u017ce rannych zosta\u0142o w\u00f3wczas 10 os\u00f3b. Kolejni ludzie ucierpieli m.in. w ostrza\u0142ach miejscowo\u015bci w rejonach nikopolskim i synelnikowskim.<\/p>\n<p>&#8222;To jest \u015bwiadomy terror&#8221;<\/p>\n<p>Szef administracji obwodowej powiadomi\u0142, \u017ce Rosjanie u\u017cyli do atak\u00f3w rakiet i dron\u00f3w uderzeniowych. &#8222;Walili z rozmys\u0142em. Walili w dzielnice mieszkalne&#8221; \u2014 o\u015bwiadczy\u0142.<\/p>\n<p>&#8222;Zniszczone domy. Zrujnowane budynki. Spalone samochody. Ludzie stracili mieszkania. Ludzie stracili bliskich. Jest to \u015bwiadomy terror. Jest to zbrodnia przeciwko ludziom&#8221; \u2014 podkre\u015bli\u0142 Han\u017ca.<\/p>\n<p>Prezydent Ukrainy Wo\u0142odymyr Ze\u0142enski zaapelowa\u0142 po atakach na Dniepr, by \u015bwiat nie milcza\u0142 o tym, co si\u0119 tam sta\u0142o. &#8222;Wa\u017cne jest, by \u015bwiat nie milcza\u0142 o tym, co si\u0119 dzieje i aby ta rosyjska wojna w Europie nie przesta\u0142a przyci\u0105ga\u0107 uwagi w zwi\u0105zku z wojn\u0105 w Iranie&#8221; \u2014 o\u015bwiadczy\u0142.<\/p>\n","protected":false},"excerpt":{"rendered":"&#8222;20 godzin. Przez ponad 20 strasznych godzin Rosjanie falami atakowali Dniepr. Zabili sze\u015b\u0107 os\u00f3b, ranili 47&#8221; \u2014 napisa\u0142&hellip;\n","protected":false},"author":2,"featured_media":390395,"comment_status":"","ping_status":"","sticky":false,"template":"","format":"standard","meta":{"footnotes":"","_share_on_mastodon":"0"},"categories":[14],"tags":[61195,32,33,10796,27,34,35,28,31,48,56992,25,46,40,41,87,47,80,29,30,415,26,892,82,83,84],"class_list":["post-390394","post","type-post","status-publish","format-standard","has-post-thumbnail","category-swiat","tag-bottomfeed_styl","tag-breaking-news","tag-breakingnews","tag-dniepr","tag-headlines","tag-latest-news","tag-latestnews","tag-naglowki","tag-najwazniejsze-artykuly","tag-nat_styl","tag-newbb_tst1","tag-news","tag-omp","tag-polish","tag-polski","tag-rosja","tag-screening_general","tag-swiat","tag-top-stories","tag-topstories","tag-ukraina","tag-wiadomosci","tag-wojna","tag-world","tag-world-news","tag-worldnews"],"share_on_mastodon":{"url":"https:\/\/pubeurope.com\/@pl\/116468078466447381","error":""},"_links":{"self":[{"href":"https:\/\/www.europesays.com\/pl\/wp-json\/wp\/v2\/posts\/390394","targetHints":{"allow":["GET"]}}],"collection":[{"href":"https:\/\/www.europesays.com\/pl\/wp-json\/wp\/v2\/posts"}],"about":[{"href":"https:\/\/www.europesays.com\/pl\/wp-json\/wp\/v2\/types\/post"}],"author":[{"embeddable":true,"href":"https:\/\/www.europesays.com\/pl\/wp-json\/wp\/v2\/users\/2"}],"replies":[{"embeddable":true,"href":"https:\/\/www.europesays.com\/pl\/wp-json\/wp\/v2\/comments?post=390394"}],"version-history":[{"count":0,"href":"https:\/\/www.europesays.com\/pl\/wp-json\/wp\/v2\/posts\/390394\/revisions"}],"wp:featuredmedia":[{"embeddable":true,"href":"https:\/\/www.europesays.com\/pl\/wp-json\/wp\/v2\/media\/390395"}],"wp:attachment":[{"href":"https:\/\/www.europesays.com\/pl\/wp-json\/wp\/v2\/media?parent=390394"}],"wp:term":[{"taxonomy":"category","embeddable":true,"href":"https:\/\/www.europesays.com\/pl\/wp-json\/wp\/v2\/categories?post=390394"},{"taxonomy":"post_tag","embeddable":true,"href":"https:\/\/www.europesays.com\/pl\/wp-json\/wp\/v2\/tags?post=390394"}],"curies":[{"name":"wp","href":"https:\/\/api.w.org\/{rel}","templated":true}]}}