{"id":390800,"date":"2026-04-26T06:42:17","date_gmt":"2026-04-26T06:42:17","guid":{"rendered":"https:\/\/www.europesays.com\/pl\/390800\/"},"modified":"2026-04-26T06:42:17","modified_gmt":"2026-04-26T06:42:17","slug":"emocje-do-samego-konca-stal-mielec-przegrywa-ze-slaskiem-wroclaw-foto-hej-mielec-pl","status":"publish","type":"post","link":"https:\/\/www.europesays.com\/pl\/390800\/","title":{"rendered":"Emocje do samego ko\u0144ca. Stal Mielec przegrywa ze \u015al\u0105skiem Wroc\u0142aw\u00a0[FOTO] &#8211; HEJ.MIELEC.PL"},"content":{"rendered":"<p>            Pi\u0119\u0107 goli, dwa rzuty karne i decyduj\u0105ce trafienie w ko\u0144c\u00f3wce \u2013 kibice w Mielcu obejrzeli widowisko na wysokim poziomie. Niestety dla gospodarzy, trzy punkty pojecha\u0142y do Wroc\u0142awia.Pi\u0142ka no\u017cna, Betclic 1 Liga<br \/>FKS Stal Mielec &#8211; \u015al\u0105sk Wroc\u0142aw<br \/>2:3 (2:2)<\/p>\n<p>Bramki: Kruszelnicki 18\u2019, Szeliga 32\u2019 \u2013 Banaszak 21\u2019, 45\u2019 (oba z karnego), Mokrzycki 82\u2019<\/p>\n<p>\u017b\u00f3\u0142te kartki: Lamine Ba, Micha\u0142 Mokrzycki oraz Ireneusz Mamrot, Israel Puerto<br \/>S\u0119dzia: Mateusz Jenda<\/p>\n<p>Stal: Gostomski \u2013 Matynia, Pisek (Bukowski 40\u2019), Senger, Wlaz\u0142o (Tsykalo 45\u2019), Szeliga, Nunez, Fucak, Puerto, Cybulski (Gerbowski 78\u2019), Kruszelnicki (Kowalski 70\u2019)<\/p>\n<p>\u015al\u0105sk: Szromnik \u2013 Kurowski (Dijakovi\u0107 86\u2019), Malec, Ba, Matsenko, Rosiak, Yriarte, Mokrzycki, Samiec-Talar (Wojtczak 90\u2019), Marjanac (Jambor 86\u2019), Banaszak<\/p>\n<p>ZDJ\u0118CIA Z MECZU:<\/p>\n<p class=\"bbcode\">::photoreport{&#8222;type&#8221;:&#8221;see-button&#8221;,&#8221;item&#8221;:&#8221;14265&#8243;}<\/p>\n<p>ZDJ\u0118CIA Z TRYBUN:<\/p>\n<p class=\"bbcode\">::photoreport{&#8222;type&#8221;:&#8221;see-button&#8221;,&#8221;item&#8221;:&#8221;14268&#8243;}<\/p>\n<p>W meczu 30. kolejki Betclic 1 Ligi Stal Mielec przegra\u0142a na w\u0142asnym stadionie z \u015al\u0105sk Wroc\u0142aw 2:3. Spotkanie rozegrane na Stadionie Miejskim im. Grzegorza Laty dostarczy\u0142o kibicom ogromnych emocji i trzyma\u0142o w napi\u0119ciu do ostatnich minut.<\/p>\n<p>Skuteczna Stal i szybkie odpowiedzi \u015al\u0105ska<\/p>\n<p>Pocz\u0105tek nale\u017ca\u0142 do go\u015bci, kt\u00f3rzy od pierwszych minut narzucili wysokie tempo i cz\u0119sto go\u015bcili pod polem karnym mielczan. To jednak Stal jako pierwsza zada\u0142a cios. W 18. minucie po szybkiej kontrze na list\u0119 strzelc\u00f3w wpisa\u0142 si\u0119 Pawe\u0142 Kruszelnicki, daj\u0105c gospodarzom prowadzenie.<\/p>\n<p>Rado\u015b\u0107 nie trwa\u0142a d\u0142ugo. Ju\u017c trzy minuty p\u00f3\u017aniej arbiter podyktowa\u0142 rzut karny dla \u015al\u0105ska po zagraniu r\u0119k\u0105 w polu karnym. Pewnym egzekutorem okaza\u0142 si\u0119 Przemys\u0142aw Banaszak i by\u0142 remis.<\/p>\n<p>Mielczanie odpowiedzieli w 32. minucie. Po rzucie ro\u017cnym Bartosz Szeliga wykorzysta\u0142 b\u0142\u0105d w kryciu i ponownie wyprowadzi\u0142 sw\u00f3j zesp\u00f3\u0142 na prowadzenie. Gdy wydawa\u0142o si\u0119, \u017ce Stal zejdzie na przerw\u0119 z korzystnym wynikiem, w doliczonym czasie gry \u015al\u0105sk ponownie otrzyma\u0142 rzut karny. I zn\u00f3w nie pomyli\u0142 si\u0119 Banaszak.<\/p>\n<p>Decyduj\u0105cy cios po przerwie<\/p>\n<p>Druga po\u0142owa by\u0142a bardziej wyr\u00f3wnana, cho\u0107 tempo nieco spad\u0142o. Stal pr\u00f3bowa\u0142a kontrolowa\u0107 gr\u0119 i szuka\u0142a swoich szans, natomiast \u015al\u0105sk cierpliwie budowa\u0142 akcje w ataku pozycyjnym.<\/p>\n<p>Decyduj\u0105cy moment nast\u0105pi\u0142 w 82. minucie. Po rozegraniu przed polem karnym Micha\u0142 Mokrzycki odda\u0142 precyzyjny strza\u0142 z dystansu, nie daj\u0105c szans bramkarzowi Stali i ustalaj\u0105c wynik spotkania na 2:3.<\/p>\n<p>Mimo pr\u00f3b w ko\u0144c\u00f3wce gospodarzom nie uda\u0142o si\u0119 doprowadzi\u0107 do wyr\u00f3wnania.<\/p>\n<p>Walka i niedosyt<\/p>\n<p>Stal Mielec pokaza\u0142a momentami dobr\u0105 gr\u0119 i skuteczno\u015b\u0107, jednak o wyniku przes\u0105dzi\u0142y detale \u2013 w tym dwa rzuty karne dla go\u015bci oraz skuteczno\u015b\u0107 w kluczowych momentach. Dla zespo\u0142u z Mielca to bolesna pora\u017cka w kontek\u015bcie walki o utrzymanie.<\/p>\n<p>Mimo pora\u017cki mieleccy kibice mogli zobaczy\u0107 emocjonuj\u0105ce widowisko, kt\u00f3re potwierdzi\u0142o, \u017ce ko\u0144c\u00f3wka sezonu b\u0119dzie niezwykle wymagaj\u0105ca.<\/p>\n","protected":false},"excerpt":{"rendered":"Pi\u0119\u0107 goli, dwa rzuty karne i decyduj\u0105ce trafienie w ko\u0144c\u00f3wce \u2013 kibice w Mielcu obejrzeli widowisko na wysokim&hellip;\n","protected":false},"author":2,"featured_media":390801,"comment_status":"","ping_status":"","sticky":false,"template":"","format":"standard","meta":{"footnotes":"","_share_on_mastodon":"0"},"categories":[51607],"tags":[14432,42,38,40,39,41,6743,1853],"class_list":["post-390800","post","type-post","status-publish","format-standard","has-post-thumbnail","category-wroclaw","tag-mielec","tag-pl","tag-poland","tag-polish","tag-polska","tag-polski","tag-stal-mielec","tag-wroclaw"],"share_on_mastodon":{"url":"https:\/\/pubeurope.com\/@pl\/116469651450488201","error":""},"_links":{"self":[{"href":"https:\/\/www.europesays.com\/pl\/wp-json\/wp\/v2\/posts\/390800","targetHints":{"allow":["GET"]}}],"collection":[{"href":"https:\/\/www.europesays.com\/pl\/wp-json\/wp\/v2\/posts"}],"about":[{"href":"https:\/\/www.europesays.com\/pl\/wp-json\/wp\/v2\/types\/post"}],"author":[{"embeddable":true,"href":"https:\/\/www.europesays.com\/pl\/wp-json\/wp\/v2\/users\/2"}],"replies":[{"embeddable":true,"href":"https:\/\/www.europesays.com\/pl\/wp-json\/wp\/v2\/comments?post=390800"}],"version-history":[{"count":0,"href":"https:\/\/www.europesays.com\/pl\/wp-json\/wp\/v2\/posts\/390800\/revisions"}],"wp:featuredmedia":[{"embeddable":true,"href":"https:\/\/www.europesays.com\/pl\/wp-json\/wp\/v2\/media\/390801"}],"wp:attachment":[{"href":"https:\/\/www.europesays.com\/pl\/wp-json\/wp\/v2\/media?parent=390800"}],"wp:term":[{"taxonomy":"category","embeddable":true,"href":"https:\/\/www.europesays.com\/pl\/wp-json\/wp\/v2\/categories?post=390800"},{"taxonomy":"post_tag","embeddable":true,"href":"https:\/\/www.europesays.com\/pl\/wp-json\/wp\/v2\/tags?post=390800"}],"curies":[{"name":"wp","href":"https:\/\/api.w.org\/{rel}","templated":true}]}}