{"id":391147,"date":"2026-04-26T11:04:08","date_gmt":"2026-04-26T11:04:08","guid":{"rendered":"https:\/\/www.europesays.com\/pl\/391147\/"},"modified":"2026-04-26T11:04:08","modified_gmt":"2026-04-26T11:04:08","slug":"twierdza-bulgarska-pod-scisla-kontrola-setki-policjantow-i-specjalne-sluzby-przed-meczem-lech-legia","status":"publish","type":"post","link":"https:\/\/www.europesays.com\/pl\/391147\/","title":{"rendered":"Twierdza Bu\u0142garska pod \u015bcis\u0142\u0105 kontrol\u0105. Setki policjant\u00f3w i specjalne s\u0142u\u017cby przed meczem Lech \u2013 Legia"},"content":{"rendered":"<p class=\"Paragraph_desktopParagraph__U31Gm\">Wed\u0142ug zapowiedzi organizator\u00f3w na trybunach mo\u017ce pojawi\u0107 si\u0119 nawet 41 tysi\u0119cy kibic\u00f3w, w tym oko\u0142o 2 tysi\u0119cy sympatyk\u00f3w dru\u017cyny go\u015bci. Tak du\u017ca liczba uczestnik\u00f3w wymaga precyzyjnego planu zabezpieczenia, kt\u00f3ry zosta\u0142 om\u00f3wiony podczas specjalnego posiedzenia w Wielkopolski Urz\u0105d Wojew\u00f3dzki.<\/p>\n<p class=\"Paragraph_desktopParagraph__U31Gm\">Nad porz\u0105dkiem i bezpiecze\u0144stwem czuwa\u0107 b\u0119dzie blisko 800 policjant\u00f3w. W dzia\u0142ania zaanga\u017cowane zostan\u0105 r\u00f3wnie\u017c jednostki Pa\u0144stwowej Stra\u017cy Po\u017carnej, w tym specjalistyczny zast\u0119p ratownictwa chemiczno-ekologicznego. Na miejscu obecne b\u0119d\u0105 tak\u017ce zespo\u0142y medyczne \u2013 \u0142\u0105cznie dziewi\u0119\u0107 podw\u00f3jnych patroli oraz trzy karetki, w tym jedna specjalistyczna.<\/p>\n<p class=\"Paragraph_desktopParagraph__U31Gm\">S\u0142u\u017cby zapowiadaj\u0105 wzmo\u017cone dzia\u0142ania nie tylko w okolicach stadionu, ale r\u00f3wnie\u017c w ca\u0142ym mie\u015bcie. Szczeg\u00f3ln\u0105 uwag\u0119 zwr\u00f3c\u0105 na trasy przejazdu kibic\u00f3w, parkingi, stacje benzynowe, przystanki komunikacji miejskiej oraz dworce kolejowe. Monitoring i patrole maj\u0105 ograniczy\u0107 ryzyko incydent\u00f3w oraz zapewni\u0107 p\u0142ynny przebieg wydarzenia.<\/p>\n<p class=\"Paragraph_desktopParagraph__U31Gm\">Organizatorzy i s\u0142u\u017cby apeluj\u0105 do kibic\u00f3w o stosowanie si\u0119 do polece\u0144 oraz wcze\u015bniejsze zaplanowanie przyjazdu na stadion. W przypadku tak du\u017cych wydarze\u0144 kluczowe znaczenie ma wsp\u00f3\u0142praca wszystkich uczestnik\u00f3w \u2013 zar\u00f3wno s\u0142u\u017cb, jak i samych fan\u00f3w.<\/p>\n<p class=\"Paragraph_desktopParagraph__U31Gm\">Mecz Lecha z Legi\u0105 to nie tylko sportowe widowisko, ale tak\u017ce logistyczne wyzwanie na ogromn\u0105 skal\u0119. Wszystko wskazuje jednak na to, \u017ce Pozna\u0144 jest na nie dobrze przygotowany.<\/p>\n","protected":false},"excerpt":{"rendered":"Wed\u0142ug zapowiedzi organizator\u00f3w na trybunach mo\u017ce pojawi\u0107 si\u0119 nawet 41 tysi\u0119cy kibic\u00f3w, w tym oko\u0142o 2 tysi\u0119cy sympatyk\u00f3w&hellip;\n","protected":false},"author":2,"featured_media":391148,"comment_status":"","ping_status":"","sticky":false,"template":"","format":"standard","meta":{"footnotes":"","_share_on_mastodon":"0"},"categories":[51609],"tags":[64980,1815,369,53,52,68,51,55,42,38,40,39,41,1817,47,127,50],"class_list":["post-391147","post","type-post","status-publish","format-standard","has-post-thumbnail","category-poznan","tag-benefit_tst2","tag-codziennypoznanpl","tag-kk","tag-new_header","tag-onet3","tag-onet3d","tag-onet3d_2i","tag-phx","tag-pl","tag-poland","tag-polish","tag-polska","tag-polski","tag-poznan","tag-screening_general","tag-sport","tag-v2021"],"share_on_mastodon":{"url":"https:\/\/pubeurope.com\/@pl\/116470681805683007","error":""},"_links":{"self":[{"href":"https:\/\/www.europesays.com\/pl\/wp-json\/wp\/v2\/posts\/391147","targetHints":{"allow":["GET"]}}],"collection":[{"href":"https:\/\/www.europesays.com\/pl\/wp-json\/wp\/v2\/posts"}],"about":[{"href":"https:\/\/www.europesays.com\/pl\/wp-json\/wp\/v2\/types\/post"}],"author":[{"embeddable":true,"href":"https:\/\/www.europesays.com\/pl\/wp-json\/wp\/v2\/users\/2"}],"replies":[{"embeddable":true,"href":"https:\/\/www.europesays.com\/pl\/wp-json\/wp\/v2\/comments?post=391147"}],"version-history":[{"count":0,"href":"https:\/\/www.europesays.com\/pl\/wp-json\/wp\/v2\/posts\/391147\/revisions"}],"wp:featuredmedia":[{"embeddable":true,"href":"https:\/\/www.europesays.com\/pl\/wp-json\/wp\/v2\/media\/391148"}],"wp:attachment":[{"href":"https:\/\/www.europesays.com\/pl\/wp-json\/wp\/v2\/media?parent=391147"}],"wp:term":[{"taxonomy":"category","embeddable":true,"href":"https:\/\/www.europesays.com\/pl\/wp-json\/wp\/v2\/categories?post=391147"},{"taxonomy":"post_tag","embeddable":true,"href":"https:\/\/www.europesays.com\/pl\/wp-json\/wp\/v2\/tags?post=391147"}],"curies":[{"name":"wp","href":"https:\/\/api.w.org\/{rel}","templated":true}]}}