{"id":391214,"date":"2026-04-26T11:52:08","date_gmt":"2026-04-26T11:52:08","guid":{"rendered":"https:\/\/www.europesays.com\/pl\/391214\/"},"modified":"2026-04-26T11:52:08","modified_gmt":"2026-04-26T11:52:08","slug":"jaroslaw-kaczynski-kolejny-raz-tusk-dal-sie-podpuscic-i-wykonal-dyspozycje-z-berlina","status":"publish","type":"post","link":"https:\/\/www.europesays.com\/pl\/391214\/","title":{"rendered":"Jaros\u0142aw Kaczy\u0144ski: Kolejny raz Tusk da\u0142 si\u0119 podpu\u015bci\u0107 i wykona\u0142 dyspozycje z Berlina"},"content":{"rendered":"<p>Co musisz wiedzie\u0107:<\/p>\n<p><a href=\"https:\/\/pl.wikipedia.org\/wiki\/Jaros%C5%82aw_Kaczy%C5%84ski\" rel=\"nofollow noopener\" target=\"_blank\">Jaros\u0142aw Kaczy\u0144ski<\/a> ostro skrytykowa\u0142 <a href=\"https:\/\/pl.wikipedia.org\/wiki\/Donald_Tusk\" rel=\"nofollow noopener\" target=\"_blank\">Donalda Tuska<\/a> za jego wypowiedzi o NATO i USA.<br \/>\nPrezes PiS zarzuci\u0142 premierowi podwa\u017canie sensu art. 5 i dzia\u0142anie na szkod\u0119 relacji polsko-ameryka\u0144skich.<br \/>\nWypowied\u017a Tuska krytycznie skomentowa\u0142 tak\u017ce szef Kancelarii Prezydenta RP <a href=\"https:\/\/pl.wikipedia.org\/wiki\/Zbigniew_Bogucki_(polityk)\" rel=\"nofollow noopener\" target=\"_blank\">Zbigniew Bogucki<\/a>, kt\u00f3ry oceni\u0142, \u017ce s\u0142owa premiera wpisuj\u0105 si\u0119 w rosyjsk\u0105 narracj\u0119.<\/p>\n<p>Jaros\u0142aw Kaczy\u0144ski: Tusk znowu ograny<\/p>\n<p>Jak podkre\u015bla prezes PiS, Donald Tusk \u201ekolejny raz Tusk da\u0142 si\u0119 podpu\u015bci\u0107 i wykona\u0142 dyspozycje z Berlina, atakuj\u0105c Amerykan\u00f3w i de facto podwa\u017caj\u0105c sens art. 5 Traktatu P\u00f3\u0142nocnoatlantyckiego, kt\u00f3ry gwarantuje wzajemn\u0105, sojusznicz\u0105 obron\u0119\u201d.\u00a0<\/p>\n<p>Tusk niszczy relacje polsko-ameryka\u0144skie, a w tym czasie Niemcy zacie\u015bniaj\u0105 wsp\u00f3\u0142prac\u0119 z Amerykanami nad koncepcj\u0105 NATO 3.0<\/p>\n<p>\u2013 mocno skwitowa\u0142 Jaros\u0142aw Kaczy\u0144ski i podkre\u015bli\u0142, \u017ce \u201eTusk znowu ograny\u201d.<\/p>\n<p>Rz\u0105dzi nami agentura czy ludzie, kt\u00f3rym B\u00f3g posk\u0105pi\u0142 jakichkolwiek zdolno\u015bci politycznych? Ta diagnoza jest i tak bardzo \u0142agodna i optymistyczna<\/p>\n<p>\u2013 podsumowa\u0142 prezes PiS.<\/p>\n<p>\u201eWpisuje si\u0119 w podprogow\u0105 rusk\u0105 narracj\u0119\u201d<\/p>\n<p>G\u0142os ws. wypowiedzi polskiego premiera zabra\u0142 r\u00f3wnie\u017c szef Kancelarii Prezydenta RP, Zbigniew Bogucki. Jak wskaza\u0142 na antenie Polsat News, taka wypowied\u017a &#8222;to skrajna nieodpowiedzialno\u015b\u0107&#8221;, a &#8222;podwa\u017canie jedno\u015bci sojuszu jest niew\u0142a\u015bciwe&#8221;.<\/p>\n<p>Takie dzia\u0142anie wpisuje si\u0119 w podprogow\u0105 rusk\u0105 narracj\u0119, \u017ce sojusz mo\u017cna dzieli\u0107, \u017ce mo\u017cna zrywa\u0107 stosunki transatlantyckie mi\u0119dzy Europ\u0105 i Stanami Zjednoczonymi. Rosjanie tylko na to czekaj\u0105. Jak kto\u015b si\u0119 tak wypowiada, to znaczy, \u017ce albo nie rozumie tej polityki albo jest jeszcze gorzej<\/p>\n<p>\u2013 wskaza\u0142 Bogucki.\u00a0<\/p>\n<p>Szokuj\u0105ce wypowiedz Tuska dla \u201eFinancial Times\u201d<\/p>\n<p>Donald Tusk powiedzia\u0142 w opublikowanym w pi\u0105tek wywiadzie dla \u201eFinancial Times\u201d, \u017ce czasami \u201ema pewne problemy\u201d z wiar\u0105, \u017ce artyku\u0142 5 Traktatu Waszyngto\u0144skiego o wzajemnej obronie sojusznik\u00f3w w NATO nadal obowi\u0105zuje. Podkre\u015bli\u0142, \u017ce USA traktuj\u0105 Polsk\u0119 jako jednego z najlepszych i najbli\u017cszych sojusznik\u00f3w w Europie, ale kluczowe jest, jak zadzia\u0142a\u0142oby to w praktyce, gdyby \u201eco\u015b si\u0119 wydarzy\u0142o\u201d.<\/p>\n<p>Tusk powiedzia\u0142 w rozmowie z gazet\u0105, \u017ce \u201enajwi\u0119kszym i najwa\u017cniejszym pytaniem dla Europy jest to, czy Stany Zjednoczone s\u0105 gotowe by\u0107 tak lojalne, jak opisano to w naszych traktatach (NATO)\u201d. Ostrzeg\u0142 jednocze\u015bnie, \u017ce Rosja mo\u017ce zaatakowa\u0107 cz\u0142onka Sojuszu w perspektywie \u201eraczej miesi\u0119cy ni\u017c lat\u201d.<\/p>\n<p>W rozmowie z brytyjskim dziennikiem Tusk stwierdzi\u0142, \u017ce UE powinna wzmocni\u0107 w\u0142asn\u0105 klauzul\u0119 wzajemnej obrony zawart\u0105 w art. 42 ust. 7 Traktatu o Unii Europejskiej.<\/p>\n<p>Dziennik, nazywaj\u0105c stwierdzenia Tuska \u201eniezwyk\u0142\u0105 wypowiedzi\u0105\u201d, podkre\u015bli\u0142, \u017ce odzwierciedla ona niepewno\u015b\u0107 rosn\u0105c\u0105 w Europie po gro\u017abach prezydenta USA Donalda Trumpa i jego chwiejnym zaanga\u017cowaniu w obron\u0119 kontynentu.\u00a0<\/p>\n","protected":false},"excerpt":{"rendered":"Co musisz wiedzie\u0107: Jaros\u0142aw Kaczy\u0144ski ostro skrytykowa\u0142 Donalda Tuska za jego wypowiedzi o NATO i USA. Prezes PiS&hellip;\n","protected":false},"author":2,"featured_media":391215,"comment_status":"","ping_status":"","sticky":false,"template":"","format":"standard","meta":{"footnotes":"","_share_on_mastodon":"0"},"categories":[62713],"tags":[210,113,61546,1345,190,291,399,5567,49,261,102,907,39,7870,80,17258,26,1092],"class_list":["post-391214","post","type-post","status-publish","format-standard","has-post-thumbnail","category-donald-tusk","tag-aktualnosci","tag-biznes","tag-blogi","tag-donald-tusk","tag-gospodarka","tag-historia","tag-informacje","tag-komentarze","tag-kraj","tag-kultura","tag-opinie","tag-polityka","tag-polska","tag-solidarnosc","tag-swiat","tag-tygodnik","tag-wiadomosci","tag-wydarzenia"],"share_on_mastodon":{"url":"https:\/\/pubeurope.com\/@pl\/116470870445445378","error":""},"_links":{"self":[{"href":"https:\/\/www.europesays.com\/pl\/wp-json\/wp\/v2\/posts\/391214","targetHints":{"allow":["GET"]}}],"collection":[{"href":"https:\/\/www.europesays.com\/pl\/wp-json\/wp\/v2\/posts"}],"about":[{"href":"https:\/\/www.europesays.com\/pl\/wp-json\/wp\/v2\/types\/post"}],"author":[{"embeddable":true,"href":"https:\/\/www.europesays.com\/pl\/wp-json\/wp\/v2\/users\/2"}],"replies":[{"embeddable":true,"href":"https:\/\/www.europesays.com\/pl\/wp-json\/wp\/v2\/comments?post=391214"}],"version-history":[{"count":0,"href":"https:\/\/www.europesays.com\/pl\/wp-json\/wp\/v2\/posts\/391214\/revisions"}],"wp:featuredmedia":[{"embeddable":true,"href":"https:\/\/www.europesays.com\/pl\/wp-json\/wp\/v2\/media\/391215"}],"wp:attachment":[{"href":"https:\/\/www.europesays.com\/pl\/wp-json\/wp\/v2\/media?parent=391214"}],"wp:term":[{"taxonomy":"category","embeddable":true,"href":"https:\/\/www.europesays.com\/pl\/wp-json\/wp\/v2\/categories?post=391214"},{"taxonomy":"post_tag","embeddable":true,"href":"https:\/\/www.europesays.com\/pl\/wp-json\/wp\/v2\/tags?post=391214"}],"curies":[{"name":"wp","href":"https:\/\/api.w.org\/{rel}","templated":true}]}}