{"id":391331,"date":"2026-04-26T13:22:11","date_gmt":"2026-04-26T13:22:11","guid":{"rendered":"https:\/\/www.europesays.com\/pl\/391331\/"},"modified":"2026-04-26T13:22:11","modified_gmt":"2026-04-26T13:22:11","slug":"nosowska-maffashion-hyzy-pazura-po-co-gwiazdy-gola-glowy-u-latwoganga","status":"publish","type":"post","link":"https:\/\/www.europesays.com\/pl\/391331\/","title":{"rendered":"Nosowska, Maffashion, Hy\u017cy, Pazura. Po co gwiazdy gol\u0105 g\u0142owy u \u0141atwoganga?"},"content":{"rendered":"<p>Zbi\u00f3rk\u0119 mo\u017cna wspiera\u0107 <a rel=\"nofollow noopener\" href=\"https:\/\/www.siepomaga.pl\/latwogang\" id=\"2c52a11a-1011-4094-b149-f7cacc9ddd4b\" target=\"_blank\">pod tym linkiem<\/a>.Wszystko zacz\u0119\u0142o si\u0119 od jednego utworu. &#8222;Ci\u0105gle tutaj jestem (diss na raka)&#8221;, nagrany przez rapera <a href=\"https:\/\/plejada.pl\/temat\/bedoes\/n6nljjx\" id=\"2b3272d8-8029-438b-828f-581f91f24f52\" rel=\"nofollow noopener\" target=\"_blank\">Bedoesa 2115<\/a> i 11-letni\u0105 Maj\u0119 Mecan \u2014 podopieczn\u0105 Fundacji Cancer Fighters, kt\u00f3ra ju\u017c po raz trzeci zmaga si\u0119 z ostr\u0105 bia\u0142aczk\u0105 szpikow\u0105 \u2014 poruszy\u0142 tysi\u0105ce s\u0142uchaczy. Opowie\u015b\u0107 o codziennych zmaganiach z chorob\u0105 sta\u0142a si\u0119 impulsem do uruchomienia akcji charytatywnej, kt\u00f3ra w kr\u00f3tkim czasie pobi\u0142a wszelkie rekordy.<\/p>\n<p>17 kwietnia Piotr &#8222;\u0141atwogang&#8221; Garkowski rozpocz\u0105\u0142 bezprecedensowy, dziewi\u0119ciodniowy stream na YouTubie. Przez ca\u0142\u0105 dob\u0119, bez przerwy, odtwarzano utw\u00f3r Bedoesa i Mai, a ka\u017cda z\u0142ot\u00f3wka zebrana podczas transmisji trafia\u0142a do Fundacji Cancer Fighters, wspieraj\u0105cej osoby zmagaj\u0105ce si\u0119 z nowotworami. Fundacja od 2015 r. finansuje leczenie, rehabilitacj\u0119, profilaktyk\u0119 i doposa\u017cenie szpitali. Dodatkowe \u015brodki przynios\u0142y tak\u017ce odtworzenia charytatywnej piosenki.<\/p>\n<p>     Nosowska, Maffashion, Hy\u017cy, Pazura. Po co gwiazdy gol\u0105 g\u0142owy u \u0141atwoganga?<\/p>\n<p>Pocz\u0105tkowy cel zbi\u00f3rki \u2014 500 tys. z\u0142 \u2014 zosta\u0142 osi\u0105gni\u0119ty b\u0142yskawicznie. W dziewi\u0105tym dniu akcji, po licznych wizytach znanych os\u00f3b i du\u017cych wp\u0142atach od firm, licznik przekroczy\u0142 120 mln z\u0142 i wci\u0105\u017c ro\u015bnie.<\/p>\n<p>Swoistym symbolem akcji sta\u0142o si\u0119 publiczne golenie g\u0142owy przez osoby wpieraj\u0105ce akcj\u0119. W\u0142os\u00f3w \u2014 na znak solidarno\u015bci z chorymi na raka, kt\u00f3rzy w wyniku leczenia \u2014 chemioterapii lub radioterapii \u2014 trac\u0105 w\u0142osy \u2014 pozbyli si\u0119 Bedoes i sam \u0141atwogang, a nast\u0119pnie inni go\u015bcie <a href=\"https:\/\/plejada.pl\/newsy\/tak-wyglada-kawalerka-w-ktorej-streamuje-latwogang-to-tu-zbiera-miliony\/jfgjfzm\" id=\"db0142da-bf25-4a85-b850-dc3968f08f0c\" rel=\"nofollow noopener\" target=\"_blank\">kawalerki youtubera<\/a>, sk\u0105d nadawany jest stream.     Pierwsz\u0105 kobiet\u0105, kt\u00f3ra zdecydowa\u0142a si\u0119 ogoli\u0107 g\u0142ow\u0119 na \u0142yso podczas transmisji na \u017cywo, by\u0142a <a href=\"https:\/\/plejada.pl\/newsy\/kasix-ogolila-glowe-na-streamie-latwoganga-przed-laty-dostala-udaru-na-wizji\/l2tvyb2\" id=\"615b8cb8-473f-4f86-9339-518667e9dd38\" rel=\"nofollow noopener\" target=\"_blank\">Katarzyna &#8222;Kasix&#8221; Paciorek<\/a> (zyska\u0142a popularno\u015b\u0107 dzi\u0119ki transmisjom na \u017cywo na platformie Twitch). Zrobi\u0142a to, gdy licznik przekroczy\u0142 13 mln z\u0142. <img decoding=\"async\" src=\"https:\/\/www.europesays.com\/pl\/wp-content\/uploads\/2026\/04\/-ndk9lBaHR0cHM6Ly9vY2RuLmV1L3B1bHNjbXMvTURBXy84NDgwZGEyZDhlNzA1YTc2MzkxNmIxNmRkZTMwZjUxZC5qcGeRlQLNB.jpeg\" height=\"529\" width=\"940\" alt=\"Screen ze streamu \u0141atwoganga\" loading=\"lazy\" class=\"ods-c-image__img ods-c-image__img--viewport-width\"\/> <\/p>\n<p>Screen ze streamu \u0141atwogangayoutube.com\/@latwogang8538 \/ Matria\u0142y &#8222;Na prawach cytatu&#8221;<\/p>\n<p> Apogeum odwiedzin u \u0141atwoganga nast\u0105pi\u0142o w sobot\u0119, 25 kwietnia oraz w ostatnim dniu streama \u2014 w niedziel\u0119, 26 kwietnia. Na streamie pojawi\u0142y si\u0119 znane twarze polskiej kultury, sportu i internetu. Jan B\u0142achowicz, Aleksandra Doma\u0144ska, <a href=\"https:\/\/plejada.pl\/temat\/edyta-pazura\/g68smgv\" id=\"6a4cdbb6-6b61-4319-af80-96bb0c3d7545\" rel=\"nofollow noopener\" target=\"_blank\">Edyta Pazura<\/a>, Katarzyna Nosowska, Grzegorz Hy\u017cy, Vito Bambino, Blowek, Blanka Lipi\u0144ska, Sylwester Ward\u0119ga, Luka, Kevin Mglej, Jakob Kosel \u2014 oni tak\u017ce, solidaryzuj\u0105c si\u0119 z chorymi dzie\u0107mi, zdecydowali si\u0119 ogoli\u0107 g\u0142ow\u0119.     <\/p>\n<blockquote class=\"ods-o-quote\">\n<p class=\"ods-o-quote__paragraph\">To dla mnie zaszczyt, \u017ce mnie golisz. Czuj\u0119 si\u0119 taka wolna!<\/p>\n<\/blockquote>\n<p>\u2014 m\u00f3wi\u0142a wyra\u017anie poruszona Doma\u0144ska, kt\u00f3rej g\u0142ow\u0119 ogoli\u0142a <a href=\"https:\/\/plejada.pl\/temat\/katarzyna-nosowska-kasia-nosowska\/ktrfhl2\" id=\"b272a58b-d7cd-46e3-8624-7f7225a38e30\" rel=\"nofollow noopener\" target=\"_blank\">Katarzyna Nosowska<\/a> w asy\u015bcie Agaty Kuleszy.<\/p>\n<p>&#8222;Ja zawsze by\u0142am zdania, \u017ce pi\u0119kno ma swoje \u017ar\u00f3d\u0142o w \u015brodku i absolutnie to nas najbardziej okre\u015bla. Nasze serce, a nie to wszystko, co zewn\u0105trz i ta otoczka, kt\u00f3ra jest tak ulotna&#8221; \u2014 doda\u0142a p\u00f3\u017aniej.<\/p>\n<p> <img decoding=\"async\" src=\"https:\/\/www.europesays.com\/pl\/wp-content\/uploads\/2026\/04\/-2Lk9lBaHR0cHM6Ly9vY2RuLmV1L3B1bHNjbXMvTURBXy9iMjU0ZDliNzBiZWFkZDBlZGI0ODRlYTg0MDk0ZjhjYS5wbmeRlQLNA.jpeg\" height=\"425\" width=\"259\" alt=\"Aleksandra Doma\u0144ska\" loading=\"lazy\" class=\"ods-c-image__img ods-c-image__img--vertical\"\/> <\/p>\n<p>Aleksandra Doma\u0144ska\u0179r\u00f3d\u0142o: https:\/\/www.instagram.com\/domanska_naprawde\/<\/p>\n<p> Cho\u0107 nie pojawi\u0142a si\u0119 w kawalerce \u0141atwoganga, <a href=\"https:\/\/plejada.pl\/newsy\/maffashion-ogolila-glowe-na-lyso-wszystko-to-dla-kobiet-z-nowotworem-dzialamy\/3qblerh\" id=\"f1a5afcb-9cc4-46d0-ba46-b032a9c2d648\" rel=\"nofollow noopener\" target=\"_blank\">do akcji zdalnie do\u0142\u0105czy\u0142a Julia &#8222;Maffashion&#8221; Kuczy\u0144ska<\/a>. \u0141\u0105cz\u0105c si\u0119 przez telefon r\u00f3wnie\u017c ogoli\u0142a g\u0142ow\u0119.<\/p>\n<blockquote class=\"ods-o-quote\">\n<p class=\"ods-o-quote__paragraph\">No to pozdrawiam! Zrobi\u0142am to dla was dzieciaki! \u0141atwogang i inni jeste\u015bcie wielcy!!! Internet czyni cuda! Lecimy licznikiem dalej!<\/p>\n<\/blockquote>\n<p>\u2014 napisa\u0142a po wszystkim na Instagramie.<\/p>\n<p> Z kolei Maciej Kurzajewski zaskoczy\u0142 widz\u00f3w niedzielnego wydania &#8222;Halo tu Polsat!&#8221;, gol\u0105c si\u0119 na \u017cywo podczas trwania programu. Zobacz wi\u0119cej: <a href=\"https:\/\/plejada.pl\/newsy\/kolejne-rekordy-u-latwoganga-maciej-kurzajewski-takze-ogolil-glowe\/m0rpdrr\" id=\"2b84295c-53c7-4cdf-a42b-922a4c0b05ff\" rel=\"nofollow noopener\" target=\"_blank\">Kolejne rekordy u \u0141atwoganga. Maciej Kurzajewski tak\u017ce ogoli\u0142 g\u0142ow\u0119<\/a><\/p>\n<p>Akcja trwa do niedzieli, 26 kwietnia, do godz. 16. Na trzy godziny przed ko\u0144cem na liczniku by\u0142o ponad 123 mln z\u0142. Pieni\u0105dze wci\u0105\u017c mo\u017cna wp\u0142aca\u0107. S\u0105 dwa sposoby:<\/p>\n<p>klikaj\u0105c w kt\u00f3ry\u015b z link\u00f3w poni\u017cej<\/p>\n<p>lub wp\u0142acaj\u0105c bezpo\u015brednio na numer konta widoczny na zdj\u0119ciu:<\/p>\n<p> <img decoding=\"async\" src=\"https:\/\/www.europesays.com\/pl\/wp-content\/uploads\/2026\/04\/WnTk9lBaHR0cHM6Ly9vY2RuLmV1L3B1bHNjbXMvTURBXy9kNWI4ZjRlODlhZThkM2E1ZTA2MGY2YTdmNTMxMDE3YS5wbmeRlQLNA.jpeg\" height=\"800\" width=\"369\" alt=\"Numer konta do wp\u0142aty na zbi\u00f3rk\u0119 \u0141atwoganga\" loading=\"lazy\" class=\"ods-c-image__img ods-c-image__img--vertical\"\/> <\/p>\n<p>Numer konta do wp\u0142aty na zbi\u00f3rk\u0119 \u0141atwogangascreen siepomaga.pl<\/p>\n<p> Dzi\u0119kujemy, \u017ce przeczyta\u0142a\u015b\/e\u015b nasz artyku\u0142 do ko\u0144ca. W serwisie Plejada.pl ka\u017cdego dnia piszemy o najwa\u017cniejszych wydarzeniach show-biznesowych. B\u0105d\u017a na bie\u017c\u0105co! <a rel=\"nofollow noopener\" href=\"https:\/\/profile.google.com\/cp\/Cg0vZy8xMWJ6X19wdHBx\" id=\"89474758-365b-4f0b-a460-c59ef245f154\" target=\"_blank\">Obserwuj<\/a> Plejad\u0119 w Wiadomo\u015bciach Google. Odwied\u017a nas tak\u017ce na <a rel=\"nofollow noopener\" href=\"https:\/\/www.facebook.com\/plejadapl\" id=\"a8ebbcb5-8701-4c6e-8715-2100e20b0e0e\" target=\"_blank\">Facebooku<\/a>, <a rel=\"nofollow noopener\" href=\"https:\/\/www.instagram.com\/plejadapl\/\" id=\"c6af7d39-f219-409a-8e2f-980a6704bd0e\" target=\"_blank\">Instagramie<\/a>, <a rel=\"nofollow noopener\" href=\"https:\/\/www.youtube.com\/c\/plejada\" id=\"9786d052-1475-4cb7-9969-6251b51a4198\" target=\"_blank\">YouTube<\/a> oraz <a rel=\"nofollow noopener\" href=\"https:\/\/www.tiktok.com\/@plejada_pl\" id=\"a58b0597-793a-42a5-8bc7-569ab2b48c58\" target=\"_blank\">TikToku<\/a>.     Chcesz podzieli\u0107 si\u0119 ciekawym newsem lub zaproponowa\u0107 temat? Skontaktuj si\u0119 z nami, pisz\u0105c e-maila na adres: <a rel=\"nofollow noopener\" href=\"https:\/\/plejada.pl\/newsy\/nosowska-maffashion-hyzy-pazura-po-co-gwiazdy-gola-glowy-u-latwoganga\/mailto:plejada@redakcjaonet.pl\" id=\"ac618a0b-d660-4e2b-b613-3e796141ebcb\" target=\"_blank\">plejada@redakcjaonet.pl<\/a>.<script async src=\"\/\/www.instagram.com\/embed.js\"><\/script><script async src=\"\/\/www.tiktok.com\/embed.js\"><\/script><\/p>\n","protected":false},"excerpt":{"rendered":"Zbi\u00f3rk\u0119 mo\u017cna wspiera\u0107 pod tym linkiem.Wszystko zacz\u0119\u0142o si\u0119 od jednego utworu. &#8222;Ci\u0105gle tutaj jestem (diss na raka)&#8221;, nagrany&hellip;\n","protected":false},"author":2,"featured_media":391332,"comment_status":"","ping_status":"","sticky":false,"template":"","format":"standard","meta":{"footnotes":"","_share_on_mastodon":"0"},"categories":[5],"tags":[1100,61195,32,33,70898,22269,36,37,3834,27,28961,71023,3618,17186,34,35,13509,69734,5650,22289,28,31,48,25,125,46,42,38,40,39,41,47,31833,29,30,21935,26,17315],"class_list":["post-391331","post","type-post","status-publish","format-standard","has-post-thumbnail","category-naglowki","tag-blanka_lipinska","tag-bottomfeed_styl","tag-breaking-news","tag-breakingnews","tag-dobroczynnosc_charytatywnosc","tag-edyta_pazura","tag-featured-news","tag-featurednews","tag-grzegorz_hyzy","tag-headlines","tag-jan_blachowicz","tag-karol_blowek_gazwa","tag-katarzyna_nosowska","tag-kevin_mglej","tag-latest-news","tag-latestnews","tag-luka","tag-latwogang","tag-maciej_kurzajewski","tag-maffashion_celebrytka","tag-naglowki","tag-najwazniejsze-artykuly","tag-nat_styl","tag-news","tag-newsy","tag-omp","tag-pl","tag-poland","tag-polish","tag-polska","tag-polski","tag-screening_general","tag-sylwester_wardega","tag-top-stories","tag-topstories","tag-vito_bambino","tag-wiadomosci","tag-zbiorka"],"share_on_mastodon":{"url":"","error":"Validation failed: Text character limit of 500 exceeded"},"_links":{"self":[{"href":"https:\/\/www.europesays.com\/pl\/wp-json\/wp\/v2\/posts\/391331","targetHints":{"allow":["GET"]}}],"collection":[{"href":"https:\/\/www.europesays.com\/pl\/wp-json\/wp\/v2\/posts"}],"about":[{"href":"https:\/\/www.europesays.com\/pl\/wp-json\/wp\/v2\/types\/post"}],"author":[{"embeddable":true,"href":"https:\/\/www.europesays.com\/pl\/wp-json\/wp\/v2\/users\/2"}],"replies":[{"embeddable":true,"href":"https:\/\/www.europesays.com\/pl\/wp-json\/wp\/v2\/comments?post=391331"}],"version-history":[{"count":0,"href":"https:\/\/www.europesays.com\/pl\/wp-json\/wp\/v2\/posts\/391331\/revisions"}],"wp:featuredmedia":[{"embeddable":true,"href":"https:\/\/www.europesays.com\/pl\/wp-json\/wp\/v2\/media\/391332"}],"wp:attachment":[{"href":"https:\/\/www.europesays.com\/pl\/wp-json\/wp\/v2\/media?parent=391331"}],"wp:term":[{"taxonomy":"category","embeddable":true,"href":"https:\/\/www.europesays.com\/pl\/wp-json\/wp\/v2\/categories?post=391331"},{"taxonomy":"post_tag","embeddable":true,"href":"https:\/\/www.europesays.com\/pl\/wp-json\/wp\/v2\/tags?post=391331"}],"curies":[{"name":"wp","href":"https:\/\/api.w.org\/{rel}","templated":true}]}}