{"id":391350,"date":"2026-04-26T13:40:11","date_gmt":"2026-04-26T13:40:11","guid":{"rendered":"https:\/\/www.europesays.com\/pl\/391350\/"},"modified":"2026-04-26T13:40:11","modified_gmt":"2026-04-26T13:40:11","slug":"nie-zyje-polska-influencerka-miala-32-lata","status":"publish","type":"post","link":"https:\/\/www.europesays.com\/pl\/391350\/","title":{"rendered":"Nie \u017cyje polska influencerka. Mia\u0142a 32 lata"},"content":{"rendered":"<p>Co musisz wiedzie\u0107:<\/p>\n<p>Nie \u017cyje 32-letnia influencerka Klaudia Zakrzewska (klaudiaglam).<br \/>\nKobieta zosta\u0142a potr\u0105cona 19 kwietnia w Londynie.<br \/>\nPrzez kilka dni przebywa\u0142a w stanie krytycznym w szpitalu.<br \/>\nSprawczyni\u0105 zdarzenia jest brytyjska celebrytka Gabrielle Carrington.<br \/>\nPo \u015bmierci Polki zarzut zmieniono z usi\u0142owania zab\u00f3jstwa na zab\u00f3jstwo.<\/p>\n<p>Nie \u017cyje polska influencerka. Mia\u0142a 32 lata<\/p>\n<p>Zakrzewska od 19 kwietnia przebywa\u0142a w szpitalu w stanie krytycznym. Po wypadku trafi\u0142a na oddzia\u0142 intensywnej terapii, gdzie lekarze walczyli o jej \u017cycie. Niestety, w sobot\u0119 potwierdzono, \u017ce nie uda\u0142o si\u0119 jej uratowa\u0107.<\/p>\n<p>Do tragedii dosz\u0142o na Argyll Street w dzielnicy Soho, przed jednym z klub\u00f3w nocnych. Kobieta sp\u0119dza\u0142a tam czas ze znajomymi. Wed\u0142ug ustale\u0144, chwil\u0119 przed zdarzeniem dosz\u0142o do sprzeczki i szarpaniny mi\u0119dzy ni\u0105 a inn\u0105 kobiet\u0105. Nied\u0142ugo p\u00f3\u017aniej Zakrzewska zosta\u0142a potr\u0105cona przez samoch\u00f3d.<\/p>\n<p>Za kierownic\u0105 pojazdu siedzia\u0142a Gabrielle Carrington, brytyjska celebrytka i uczestniczka programu \u201eX Factor UK\u201d, znana w mediach spo\u0142eczno\u015bciowych jako RIELLEUK. Pocz\u0105tkowo postawiono jej zarzut usi\u0142owania zab\u00f3jstwa, jednak po \u015bmierci 32-latki sprawa zosta\u0142a przekwalifikowana na zab\u00f3jstwo.<\/p>\n<p>W wypadku ucierpia\u0142y r\u00f3wnie\u017c inne osoby. 58-letni m\u0119\u017cczyzna dozna\u0142 powa\u017cnych obra\u017ce\u0144, kt\u00f3re mog\u0105 mie\u0107 trwa\u0142e skutki, a kolejna kobieta zosta\u0142a lekko ranna. W zwi\u0105zku z tym Carrington odpowie tak\u017ce za spowodowanie ci\u0119\u017ckiego uszczerbku na zdrowiu, niebezpieczn\u0105 jazd\u0119 oraz prowadzenie pojazdu pod wp\u0142ywem alkoholu.<\/p>\n<p>\u00a0<\/p>\n<p>Policja apeluje o rozwag\u0119<\/p>\n<p>Sprawa wywo\u0142a\u0142a du\u017ce zainteresowanie w mediach i internecie. Policja apeluje jednak o rozwag\u0119 w komentowaniu wydarze\u0144.<\/p>\n<p>&#8211; Chcieliby\u015bmy z\u0142o\u017cy\u0107 najg\u0142\u0119bsze wyrazy wsp\u00f3\u0142czucia rodzinie i przyjacio\u0142om Klaudii w zwi\u0105zku z t\u0105 tragiczn\u0105 informacj\u0105. Nasze my\u015bli s\u0105 r\u00f3wnie\u017c ze wszystkimi, kt\u00f3rych dotkn\u0119\u0142o to zdarzenie<\/p>\n<p>&#8211; przekaza\u0142a inspektor londy\u0144skiej policji Alison Foxwell.<\/p>\n<p>&#8211; Zdajemy sobie spraw\u0119, \u017ce ta sprawa wzbudza du\u017ce zainteresowanie i dyskusje w mediach spo\u0142eczno\u015bciowych. Apelujemy jednak do opinii publicznej, aby powstrzyma\u0142a si\u0119 od dalszych spekulacji<\/p>\n<p>&#8211; doda\u0142a.<\/p>\n<p>\u015aledztwo w sprawie tragicznego zdarzenia jest w toku.<\/p>\n<p>\u00a0<\/p>\n","protected":false},"excerpt":{"rendered":"Co musisz wiedzie\u0107: Nie \u017cyje 32-letnia influencerka Klaudia Zakrzewska (klaudiaglam). Kobieta zosta\u0142a potr\u0105cona 19 kwietnia w Londynie. Przez&hellip;\n","protected":false},"author":2,"featured_media":391351,"comment_status":"","ping_status":"","sticky":false,"template":"","format":"standard","meta":{"footnotes":"","_share_on_mastodon":"0"},"categories":[12],"tags":[210,113,61546,190,291,399,5567,49,261,102,42,38,40,907,39,41,7870,80,17258,26,1092],"class_list":["post-391350","post","type-post","status-publish","format-standard","has-post-thumbnail","category-polska","tag-aktualnosci","tag-biznes","tag-blogi","tag-gospodarka","tag-historia","tag-informacje","tag-komentarze","tag-kraj","tag-kultura","tag-opinie","tag-pl","tag-poland","tag-polish","tag-polityka","tag-polska","tag-polski","tag-solidarnosc","tag-swiat","tag-tygodnik","tag-wiadomosci","tag-wydarzenia"],"share_on_mastodon":{"url":"https:\/\/pubeurope.com\/@pl\/116471295180080560","error":""},"_links":{"self":[{"href":"https:\/\/www.europesays.com\/pl\/wp-json\/wp\/v2\/posts\/391350","targetHints":{"allow":["GET"]}}],"collection":[{"href":"https:\/\/www.europesays.com\/pl\/wp-json\/wp\/v2\/posts"}],"about":[{"href":"https:\/\/www.europesays.com\/pl\/wp-json\/wp\/v2\/types\/post"}],"author":[{"embeddable":true,"href":"https:\/\/www.europesays.com\/pl\/wp-json\/wp\/v2\/users\/2"}],"replies":[{"embeddable":true,"href":"https:\/\/www.europesays.com\/pl\/wp-json\/wp\/v2\/comments?post=391350"}],"version-history":[{"count":0,"href":"https:\/\/www.europesays.com\/pl\/wp-json\/wp\/v2\/posts\/391350\/revisions"}],"wp:featuredmedia":[{"embeddable":true,"href":"https:\/\/www.europesays.com\/pl\/wp-json\/wp\/v2\/media\/391351"}],"wp:attachment":[{"href":"https:\/\/www.europesays.com\/pl\/wp-json\/wp\/v2\/media?parent=391350"}],"wp:term":[{"taxonomy":"category","embeddable":true,"href":"https:\/\/www.europesays.com\/pl\/wp-json\/wp\/v2\/categories?post=391350"},{"taxonomy":"post_tag","embeddable":true,"href":"https:\/\/www.europesays.com\/pl\/wp-json\/wp\/v2\/tags?post=391350"}],"curies":[{"name":"wp","href":"https:\/\/api.w.org\/{rel}","templated":true}]}}