{"id":391403,"date":"2026-04-26T14:14:08","date_gmt":"2026-04-26T14:14:08","guid":{"rendered":"https:\/\/www.europesays.com\/pl\/391403\/"},"modified":"2026-04-26T14:14:08","modified_gmt":"2026-04-26T14:14:08","slug":"donald-trump-rozpeta-kolejna-wojne-okupacji-usa-nikt-tu-nie-zaakceptuje-2","status":"publish","type":"post","link":"https:\/\/www.europesays.com\/pl\/391403\/","title":{"rendered":"Donald Trump rozp\u0119ta kolejn\u0105 wojn\u0119? &#8222;Okupacji USA nikt tu nie zaakceptuje&#8221;"},"content":{"rendered":"<p class=\"Paragraph_desktopParagraph__U31Gm\">Prezydent Stan\u00f3w Zjednoczonych przyznaje niemal\u017ce wprost, \u017ce my\u015bli o zaatakowaniu najwi\u0119kszej wyspy na Karaibach. Informacje o trwaj\u0105cych planach ataku na Kub\u0119 potwierdzili te\u017c anonimowo w rozmowie z dziennikarzami &#8222;USA Today&#8221; pracownicy Pentagonu. Donald Trump my\u015bli zapewne, \u017ce spo\u0142ecze\u0144stwo Kuby po 67 latach komunizmu b\u0119dzie wita\u0107 go z rado\u015bci\u0105. \u015amiem twierdzi\u0107, \u017ce bardzo si\u0119 myli. Kuba\u0144czycy maj\u0105 do\u015b\u0107 komunizmu, ale Ameryki nie lubi\u0105 jeszcze bardziej.<\/p>\n<p class=\"Paragraph_desktopParagraph__U31Gm\">Wyobra\u017amy sobie tak\u0105 sytuacj\u0119. Jest 1989 r. i komuni\u015bci w Polsce po blisko dekadzie zapa\u015bci gospodarczej wreszcie oddaj\u0105 w\u0142adze. Zamiast jednak podzieli\u0107 si\u0119 z ni\u0105 opozycj\u0105 i wprowadza\u0107 reformy, oddaj\u0105 nasz kraj w zarz\u0105d Niemcom i m\u00f3wi\u0105, \u017ce to teraz Berlin (zaledwie 44 lata po wojnie) b\u0119dzie m\u00f3wi\u0142 Polakom jak mamy \u017cy\u0107. Ten hipotetyczny scenariusz jest trudny do zniesienia prawda? To teraz uzmys\u0142\u00f3wmy sobie, \u017ce przed mniej wi\u0119cej tak\u0105 wizj\u0105 stoi w\u0142a\u015bnie 11 mln ludzi \u017cyj\u0105cych na Kubie.<\/p>\n<p class=\"Paragraph_desktopParagraph__U31Gm\">Kuba od przynajmniej 1962 r. (gdy Waszyngton og\u0142osi\u0142 embargo na dostawy do tego kraju) jest z USA w stanie konfliktu. Napi\u0119te relacje poluzowa\u0142y si\u0119 troch\u0119 za czas\u00f3w prezydentury Baraka Obamy. Jego nast\u0119pca \u2014 Donald Trump z t\u0105 polityk\u0105 zerwa\u0142 i dzi\u015b w trakcie swojej drugiej kadencji ten kurs wzgl\u0119dem s\u0105siada (Hawan\u0119 dzieli od Miami tylko 300 km) jeszcze zaostrzy\u0142. W ostatnich miesi\u0105cach Kuba zosta\u0142a gospodarczo dos\u0142ownie &#8222;przyci\u015bni\u0119ta do \u015bciany&#8221;. Po przeprowadzonym przez ameryka\u0144skich marines zamachu stanu w Wenezueli, z kraju tego przesta\u0142o p\u0142yn\u0105\u0107 na Kub\u0119 paliwo.<\/p>\n<p class=\"Paragraph_desktopParagraph__U31Gm\">To spowodowa\u0142o zapa\u015b\u0107 systemu energetycznego na najwi\u0119kszym z Antyli. Na Kubie rop\u0105 naftow\u0105 opala si\u0119 wi\u0119kszo\u015b\u0107 elektrowni. Gdy paliwa zabrak\u0142o, dostawy pr\u0105du ograniczono do kilku godzin dziennie i to tylko w najwi\u0119kszych miastach. Do tego dochodz\u0105 problemy logistyczne. Jako \u017ce nie ma czym zatankowa\u0107 ci\u0119\u017car\u00f3wek, po d\u0142ugiej na 1200 km Kubie nie ma jak rozwozi\u0107 \u017cywno\u015bci czy wywozi\u0107 z miast \u015bmieci. Jedzenia wi\u0119c brakuje, a gdy ju\u017c Kuba\u0144czycy je dostan\u0105, to produkty szybko si\u0119 psuj\u0105. Lod\u00f3wki nie dzia\u0142aj\u0105 bez pr\u0105du.<\/p>\n<p class=\"VideoPlayerText_videoPlayerText__iDwyz\">Dalszy ci\u0105g materia\u0142u pod wideo<\/p>\n<p>&#8222;Komunizm jest z\u0142y, ale rewolucja by\u0142a&#8230; dobra&#8221; <\/p>\n<p class=\"Paragraph_desktopParagraph__U31Gm\">Donald Trump liczy, \u017ce w ten spos\u00f3b wywrze presj\u0119 na kuba\u0144skim \u2014 komunistycznym rz\u0105dzie \u2014 zar\u00f3wno w spos\u00f3b zewn\u0119trzny, jak wewn\u0119trzny. Prezydent USA kalkuluje, \u017ce Kuba\u0144czykom obmierzanie \u017cycie na pograniczu wegetacji i wyrusz\u0105 na ulice, by obali\u0107 komunist\u00f3w \u2014 lider\u00f3w &#8222;upad\u0142ego kraju&#8221; \u2014 jak Trump w ostatnich tygodniach wielokrotnie nazywa\u0142 Kub\u0119. Ostatecznie Donald Trump zapewne liczy tak\u017ce na to, \u017ce Kuba\u0144czycy wchodz\u0105ce w przysz\u0142o\u015bci na Kub\u0119 ameryka\u0144skie wojsko b\u0119d\u0105 wita\u0107 z u\u015bmiechem, wiwatami i kwiatami w r\u0119kach.<\/p>\n<p class=\"Paragraph_desktopParagraph__U31Gm\">\u2014 To wszystko pokazuje, \u017ce Trump nie ma \u017cadnego poj\u0119cia o naszym narodzie \u2014 uwa\u017ca Izabela, Kubanka mieszkaj\u0105ca w meksyka\u0144skim Playa del Carmen, z kt\u00f3r\u0105 rozmawia\u0142em niewiele ponad dwa tygodnie temu. Kobieta z w\u0142asnego kraju uciek\u0142a wraz z m\u0119\u017cem lekarzem. Dzi\u015b on leczy w Meksyku, a ona prowadzi sklep z pami\u0105tkami. Jak m\u00f3wi, na Kub\u0119 na pewno nie wr\u00f3c\u0105, dop\u00f3ki b\u0119d\u0105 tam rz\u0105dzi\u0107 obecne w\u0142adze. I cho\u0107 Izabela nienawidzi komunist\u00f3w i marzy, by jej ojczyzna by\u0142a od nich wolna to sama przyznaje, \u017ce jeszcze gorszym scenariuszem od ich pozostania u w\u0142adzy jest ponowne przej\u0119cie kuby przez Ameryk\u0119.<\/p>\n<p class=\"Paragraph_desktopParagraph__U31Gm\">\u2014 Musisz zrozumie\u0107, \u017ce ten kraj wi\u0119kszo\u015bci Kuba\u0144czyk\u00f3w kojarzy si\u0119 jednoznacznie \u017ale. Rewolucja na Kubie z lat 1953-59 r. wybuch\u0142a nie dlatego, \u017ce ludzie chcieli na wyspie socjalizmu \u2014 t\u0142umaczy Kubanka. \u2014 To by\u0142a wojna w sensie dos\u0142ownym narodowo-wyzwole\u0144cza. Przed rewolucj\u0105 niby byli\u015bmy niezale\u017cnym pa\u0144stwem, ale nasz \u00f3wczesny przyw\u00f3dca Fulgencio Batista to by\u0142a marionetka Ameryki. Przed rewolucj\u0105 Kuba\u0144czycy we w\u0142asnym kraju byli nikim. Ci na wsi mogli pracowa\u0107 za kilka cent\u00f3w dla ameryka\u0144skich plantator\u00f3w czy wielkich koncern\u00f3w produkuj\u0105cych owoce. Ci w mie\u015bcie pracowali dla ameryka\u0144skich hoteli. Te nale\u017ca\u0142y g\u0142\u00f3wnie do mafii. M\u00f3wi si\u0119, \u017ce przed 1959 r. Kuba by\u0142a dla Ameryki wielkim &#8222;burdelem&#8221; i to nie jest pozbawione prawdy \u2014 m\u00f3wi i dodaje, \u017ce cho\u0107 sama jest przeciwko obecnemu re\u017cimowi na Kubie, uwa\u017ca, \u017ce rewolucja by\u0142\u0105 czym\u015b&#8230; pi\u0119knym w historii jej kraju.<\/p>\n<p class=\"Paragraph_desktopParagraph__U31Gm\">Opinia Izabeli nie jest odosobniona. Na meksyka\u0144skim wybrze\u017cu Morza Karaibskiego rozmawiam jeszcze z kilkuma kuba\u0144skimi emigrantami. Jeden z nich \u2014 Angel \u2014 rozmawiaj\u0105c ze mn\u0105, ca\u0142y czas patrzy w stron\u0119 morza. Jak wylicza, z pla\u017cy, na kt\u00f3rej stoimy, do Kuby jest tylko 250 km.<\/p>\n<p class=\"Paragraph_desktopParagraph__U31Gm\">\u2014 Kuba zas\u0142uguje na to, by by\u0107 normalnym pa\u0144stwem. Takim gdzie ludziom b\u0119dzie \u017cy\u0142o si\u0119 w miar\u0119 dobrze, nie b\u0119d\u0105 przymiera\u0107 g\u0142odem, b\u0119d\u0105 mogli normalnie zarabia\u0107 i kupi\u0107 sobie za to samoch\u00f3d \u2014 m\u00f3wi. \u2014 Ale Kuba ze swoj\u0105 trudn\u0105 histori\u0105 i pi\u0119kn\u0105 kultur\u0105 zas\u0142uguje te\u017c na to, by m\u00f3c rz\u0105dzi\u0107 si\u0119 samemu. Kuba zas\u0142uguje na to, by p\u00f3j\u015b\u0107 drog\u0105 Polski i po okresie komuny szybko si\u0119 odbudowa\u0107 i wzbogaci\u0107. Tak si\u0119 nie stanie, je\u015bli z r\u0105k komunist\u00f3w ten kraj wpadnie w r\u0119ce Ameryki. Bycie pseudokoloni\u0105 Waszyngtonu nie rozwi\u0105\u017ce \u017cadnych kuba\u0144skich problem\u00f3w. Jest na to dobitny przyk\u0142ad. Nazywa si\u0119 Puerto Rico. Tam Ameryka rz\u0105dzi od ponad 100 lat i mimo wszystko to dalej jedno z najbiedniejszych miejsc na Karaibach.<\/p>\n<p>Kuba\u0144czycy uznaj\u0105 Marca Rubio za &#8222;drugiego Batist\u0119&#8221;? <\/p>\n<p class=\"Paragraph_desktopParagraph__U31Gm\">Swoich rozm\u00f3wc\u00f3w pytam, czy je\u015bli ameryka\u0144skie wojsko zaatakuje Kub\u0119, to kraj ten si\u0119 podda, czy b\u0119dzie walczy\u0142? Twierdz\u0105, \u017ce zwyci\u0119\u017cy tam druga opcja i to w\u015br\u00f3d wi\u0119kszo\u015bci spo\u0142ecze\u0144stwa.<\/p>\n<p class=\"Paragraph_desktopParagraph__U31Gm\">Co do tego ostatniego przekonani s\u0105 tak\u017ce moi przyjaciele mieszkaj\u0105cy na samej wyspie. Pozna\u0142em ich w 2024 r. gdy sp\u0119dzi\u0142em na Kubie sw\u00f3j urlop. Mieszka\u0142em tam miesi\u0105c. Niewiele, ale jednak d\u0142u\u017cej ni\u017c wi\u0119kszo\u015b\u0107. By\u0142em w\u00f3wczas w kilku miejscach. Spa\u0142em w hotelach, gdzie zaprzyja\u017ani\u0142em si\u0119 z ich pracownikami, kt\u00f3rym wraz z \u017con\u0105 przywie\u017ali\u015bmy walizk\u0119 wype\u0142nion\u0105 lekami, podpaskami, tamponami, kredkami, zeszytami czy past\u0105 do z\u0119b\u00f3w. Pomi\u0119dzy hotelami wozi\u0142 mnie lokalny taks\u00f3wkarz. Ludzie ci maj\u0105 dost\u0119p do internetu przez w\u0142asne karty SIM lub \u0142\u0105cz\u0105c si\u0119 za pomoc\u0105 sieci WiFi w swoim miejscu pracy. Mimo to rozmawiaj\u0105c ze mn\u0105, korzystaj\u0105 z szyfruj\u0105cych bramek VPN.<\/p>\n<p class=\"Paragraph_desktopParagraph__U31Gm\">Wszyscy oni socjalizmu, w jakim przysz\u0142o im \u017cy\u0107, nienawidz\u0105. A warto doda\u0107, \u017ce pracownicy bran\u017cy turystycznej to jak na Kub\u0119 &#8222;bogaci&#8221; ludzie. Maj\u0105 bowiem dost\u0119p do dolar\u00f3w czy euro. Dostaj\u0105 je od go\u015bci z Kanady, Europy czy Rosji w napiwkach. Wystarczy uzbiera\u0107 kilka dolar\u00f3w tygodniowo, by na czarnym rynku kupi\u0107 sobie co\u015b wi\u0119cej do jedzenia.<\/p>\n<p class=\"Paragraph_desktopParagraph__U31Gm\">\u2014 Je\u015bli Amerykanie wejd\u0105 na wysp\u0119, b\u0119dzie wojna. Do walki stanie nie tylko armia, ale i zwykli obywatele. My tu wszyscy jeste\u015bmy wychowani w duchu rewolucji \u2014 m\u00f3wi Jose, jeden z moich rozm\u00f3wc\u00f3w. \u2014 My jeste\u015bmy z niej dumni, bo przynios\u0142a Kubie wyzwolenie spod ameryka\u0144skich rz\u0105d\u00f3w. Po rewolucji znikn\u0105\u0142 na Kubie analfabetyzm, mamy darmow\u0105 s\u0142u\u017cb\u0119 zdrowia i wyp\u0142acane s\u0105 emerytury. Rewolucja przynios\u0142a te\u017c komunizm, a p\u00f3\u017aniej ca\u0142kowicie wypatrzy\u0142a nasz system. Ale pomimo to wiele os\u00f3b jest przekonanych, \u017ce lepsza taka bieda ni\u017c bieda, jak\u0105 fundowali nam Amerykanie \u2014 dodaje.<\/p>\n<p class=\"Paragraph_desktopParagraph__U31Gm\">\u2014 Trump m\u00f3g\u0142by zosta\u0107 bohaterem Kuby, gdyby zmusi\u0142 komunist\u00f3w do odej\u015bcia, a p\u00f3\u017aniej zostawi\u0142 kraj samym Kuba\u0144czykom. Tam by\u015bmy sami mogli si\u0119 jako\u015b z tego wszystkiego pozbiera\u0107 \u2014 uwa\u017ca kolejna z moich rozm\u00f3wczy\u0144, gdy pytam j\u0105, czy ludno\u015b\u0107 wyspy zaakceptuje jako przyw\u00f3dc\u0119 Kuby Marco Rubio. <a href=\"https:\/\/businessinsider.com.pl\/wiadomosci\/donald-trump-zaskoczyl-wpisem-o-marco-rubio-sugeruje-prezydenture-kuby\/m8fm6gm\" id=\"63be16b9-be7a-4597-8545-47d3ec2482d7\" rel=\"nofollow noopener\" target=\"_blank\">Obecny sekretarz stanu USA jest z pochodzenia Kuba\u0144czykiem i Trump sugeruje, \u017ce po przej\u0119ciu karaibskiej wyspy osadzi go w Hawanie jako g\u0142ow\u0119 nowych w\u0142adz Kuby.<\/a><\/p>\n<p class=\"Paragraph_desktopParagraph__U31Gm\">\u2014 I Trump pewnie naprawd\u0119 ma takie plany, by osadzi\u0107 nam tu kolejnego namiestnika. Rubio b\u0119dzie jak Batista. To Amerykanin i b\u0119dzie realizowa\u0142 ameryka\u0144skie nie kuba\u0144skie interesy. Rubio nie zdob\u0119dzie poparcia spo\u0142ecznego. My historycznie mamy do\u015bwiadczenia z takimi osobami. Kuba\u0144czyk dzia\u0142aj\u0105cy na smyczy USA to dla nas ewidentny przyk\u0142ad narodowego zdrajcy \u2014 m\u00f3wi Elena.<\/p>\n","protected":false},"excerpt":{"rendered":"Prezydent Stan\u00f3w Zjednoczonych przyznaje niemal\u017ce wprost, \u017ce my\u015bli o zaatakowaniu najwi\u0119kszej wyspy na Karaibach. Informacje o trwaj\u0105cych planach&hellip;\n","protected":false},"author":2,"featured_media":391404,"comment_status":"","ping_status":"","sticky":false,"template":"","format":"standard","meta":{"footnotes":"","_share_on_mastodon":"0"},"categories":[14],"tags":[32,33,58,66,27,67,6700,34,35,28,31,53,25,52,68,51,55,40,41,69112,47,80,29,30,50,26,82,83,84],"class_list":["post-391403","post","type-post","status-publish","format-standard","has-post-thumbnail","category-swiat","tag-breaking-news","tag-breakingnews","tag-donald_trump_prezydent_usa","tag-give_me_perspective","tag-headlines","tag-intextvideo_splayer","tag-kuba_kraj","tag-latest-news","tag-latestnews","tag-naglowki","tag-najwazniejsze-artykuly","tag-new_header","tag-news","tag-onet3","tag-onet3d","tag-onet3d_2i","tag-phx","tag-polish","tag-polski","tag-prezydent_stanow_zjednoczonych","tag-screening_general","tag-swiat","tag-top-stories","tag-topstories","tag-v2021","tag-wiadomosci","tag-world","tag-world-news","tag-worldnews"],"share_on_mastodon":{"url":"https:\/\/pubeurope.com\/@pl\/116471428859787800","error":""},"_links":{"self":[{"href":"https:\/\/www.europesays.com\/pl\/wp-json\/wp\/v2\/posts\/391403","targetHints":{"allow":["GET"]}}],"collection":[{"href":"https:\/\/www.europesays.com\/pl\/wp-json\/wp\/v2\/posts"}],"about":[{"href":"https:\/\/www.europesays.com\/pl\/wp-json\/wp\/v2\/types\/post"}],"author":[{"embeddable":true,"href":"https:\/\/www.europesays.com\/pl\/wp-json\/wp\/v2\/users\/2"}],"replies":[{"embeddable":true,"href":"https:\/\/www.europesays.com\/pl\/wp-json\/wp\/v2\/comments?post=391403"}],"version-history":[{"count":0,"href":"https:\/\/www.europesays.com\/pl\/wp-json\/wp\/v2\/posts\/391403\/revisions"}],"wp:featuredmedia":[{"embeddable":true,"href":"https:\/\/www.europesays.com\/pl\/wp-json\/wp\/v2\/media\/391404"}],"wp:attachment":[{"href":"https:\/\/www.europesays.com\/pl\/wp-json\/wp\/v2\/media?parent=391403"}],"wp:term":[{"taxonomy":"category","embeddable":true,"href":"https:\/\/www.europesays.com\/pl\/wp-json\/wp\/v2\/categories?post=391403"},{"taxonomy":"post_tag","embeddable":true,"href":"https:\/\/www.europesays.com\/pl\/wp-json\/wp\/v2\/tags?post=391403"}],"curies":[{"name":"wp","href":"https:\/\/api.w.org\/{rel}","templated":true}]}}