{"id":391409,"date":"2026-04-26T14:17:10","date_gmt":"2026-04-26T14:17:10","guid":{"rendered":"https:\/\/www.europesays.com\/pl\/391409\/"},"modified":"2026-04-26T14:17:10","modified_gmt":"2026-04-26T14:17:10","slug":"co-sie-dzieje-z-cpk-pod-rzadami-tuska-zapytalismy-szefa-stowarzyszenia-tak-dla-cpk","status":"publish","type":"post","link":"https:\/\/www.europesays.com\/pl\/391409\/","title":{"rendered":"Co si\u0119 dzieje z CPK pod rz\u0105dami Tuska. Zapytali\u015bmy szefa Stowarzyszenia &#8222;Tak dla CPK&#8221;"},"content":{"rendered":"<p>Co musisz wiedzie\u0107:<\/p>\n<p>Projekt CPK jest formalnie kontynuowany, ale realizowany wolniej ni\u017c pierwotnie zak\u0142adano \u2013 pierwsze du\u017ce prace budowlane mog\u0105 ruszy\u0107 dopiero jesieni\u0105, a harmonogram jest ju\u017c op\u00f3\u017aniony o oko\u0142o dwa lata.<br \/>\nKluczowe elementy inwestycji, zw\u0142aszcza cz\u0119\u015b\u0107 kolejowa (tzw. \u201eszprychy\u201d), zosta\u0142y ograniczone lub odsuni\u0119te w czasie, mimo ich znaczenia dla transportu i bezpiecze\u0144stwa pa\u0144stwa.<br \/>\nR\u00f3wnolegle pojawiaj\u0105 si\u0119 op\u00f3\u017anienia w innych strategicznych projektach infrastrukturalnych, takich jak energetyka j\u0105drowa czy Rail Baltica, co rodzi pytania o tempo i sp\u00f3jno\u015b\u0107 polityki inwestycyjnej pa\u0144stwa.<\/p>\n<p>\u00a0<\/p>\n<p>CPK idzie powoli do przodu<\/p>\n<p class=\"MsoNormal\">Cezary Krysztopa: Co\u015b ostatnio cicho na temat budowy CPK (Port Polska). Wed\u0142ug Pana wiedzy, na jakim etapie jeste\u015bmy?<\/p>\n<p class=\"MsoNormal\"><a href=\"https:\/\/pl.linkedin.com\/in\/maciejwilk\" rel=\"nofollow noopener\" target=\"_blank\">Maciej Wilk<\/a>: <a href=\"https:\/\/pl.wikipedia.org\/wiki\/Centralny_Port_Komunikacyjny\" rel=\"nofollow noopener\" target=\"_blank\">CPK \/ Port Polska<\/a> idzie powoli do przodu &#8211; sp\u00f3\u0142ka rozpisuje przetargi, pozyskuje kolejne pozwolenia i decyzje, a ostatni u\u017cytkownicy nieruchomo\u015bci otrzymali niedawno notyfikacje dot. wyw\u0142aszcze\u0144 i odszkodowa\u0144 pieni\u0119\u017cnych. wed\u0142ug zapowiedzi pierwsze ci\u0119\u017ckie prace (palowanie terminala) powinno zacz\u0105\u0107 si\u0119 na jesieni &#8211; 2 lata op\u00f3\u017anienia. Tym niemniej na t\u0119 chwil\u0119 nie ma przes\u0142anek, aby twierdzi\u0107, \u017ce projekt nie idzie do przodu. Czy termin 2032 nie jest zagro\u017cony? Nie ma takiej pewno\u015bci<\/p>\n<p class=\"MsoNormal\">Wiadomo, \u017ce rz\u0105d <a href=\"https:\/\/pl.wikipedia.org\/wiki\/Donald_Tusk\" rel=\"nofollow noopener\" target=\"_blank\">Tuska<\/a> buduje CPK &#8222;w wersji okrojonej&#8221;. Do jakiego stopnia b\u0119dzie to przeszkadza\u0142o w wykonywaniu przez hub wcze\u015bniej zak\u0142adanych funkcji i czy ewentualnie da si\u0119 go p\u00f3\u017aniej rozbudowa\u0107?<\/p>\n<p class=\"MsoNormal\">Lotnisko jest praktycznie takie samo jak wcze\u015bniej planowane. Znak zapytania ma\u0142y jeszcze dotyczy stacji kolejowej pod terminalem &#8211; ile peron\u00f3w itd. ale tu chyba idzie ku dobremu. Program zosta\u0142 okrojony radykalnie w cz\u0119\u015bci kolejowej &#8211; ale tu na szcz\u0119\u015bcie zawsze mo\u017cna zmieni\u0107 priorytety, co si\u0119 da przyspieszy\u0107 ponownie itd.<\/p>\n<p class=\"MsoNormal\">\u00a0<\/p>\n<p>Polski atom<\/p>\n<p class=\"MsoNormal\">Ostatnio ujawniono informacje na temat ogromnych op\u00f3\u017anie\u0144 w negocjacjach z Amerykanami ws. budowy pierwszej polskiej elektrowni atomowej. Czy to jeszcze obrona pozycji negocjacyjnej, czy ju\u017c sabota\u017c?<\/p>\n<p class=\"MsoNormal\">Ze szcz\u0105tkowych informacji wiemy, \u017ce r\u00f3\u017cnica zda\u0144 dotyczy m.in. jurysdykcji prawnej, pod kt\u00f3r\u0105 umowa obowi\u0105zuje. oczywi\u015bcie, najlepiej jakby by\u0142o to prawo polskie, a nie ameryka\u0144skie. alternatywnie mo\u017cna kompromisowo zgodzi\u0107 si\u0119 np. na prawo angielskie. Jest to istotne, gdy\u017c dochodzenie jakichkolwiek odszkodowa\u0144 od ameryka\u0144skiej firmy w s\u0105dzie ameryka\u0144skim jest z g\u00f3ry obarczone dodatkowym ryzykiem. Dobrze zatem, \u017ce takie twarde negocjacje maj\u0105 miejsce. Ja natomiast zadaj\u0119 pytanie &#8211; dlaczego to si\u0119 dzieje teraz, a nie ZANIM wskazany zosta\u0142 kontrahent do budowy elektrowni. Przecie\u017c takie kwestie powinny by\u0107 w ramowych warunkach porozumienia (termsheet \/ heads of terms &#8211; Term sheet (arkusz warunk\u00f3w) oraz Heads of Terms (g\u0142\u00f3wne za\u0142o\u017cenia\/warunki) to dokumenty wst\u0119pne, u\u017cywane g\u0142\u00f3wnie w transakcjach inwestycyjnych oraz fuzjach i przej\u0119ciach &#8211; przyp. red.) i nie powinni\u015bmy natrafia\u0107 na takie problemy w tym momencie. Kolejne op\u00f3\u017anienia projektu by\u0142yby katastrofalne dla Polski.<\/p>\n<p class=\"MsoNormal\">A do wykonania drugiej elektrowni atomowej lepsi byliby Korea\u0144czycy, czy Francuzi?<\/p>\n<p class=\"MsoNormal\">Ten kto da lepsze warunki. Trzeba ich rozgrywa\u0107 przeciwko sobie do ko\u0144ca i wycisn\u0105\u0107 ile si\u0119 da.<\/p>\n<p class=\"MsoNormal\">\u00a0<\/p>\n<p>Szprycha nr 3 i Rail Baltica<\/p>\n<p class=\"MsoNormal\"><a href=\"https:\/\/www.takdlacpk.org\/\" rel=\"nofollow noopener\" target=\"_blank\">Stowarzyszenie Tak dla CPK<\/a> domaga si\u0119 odmro\u017cenia inwestycji kolejowej <a href=\"https:\/\/www.takdlacpk.org\/blog\/aktualnosci-4\/piec-powiatow-trzy-wojewodztwa-jedno-marzenie-apel-samorzadowcow-do-rzadu-ws-budowy-linii-kolejowej-ostroleka-lomza-gizycko-1040\" rel=\"nofollow noopener\" target=\"_blank\">Ostro\u0142\u0119ka-\u0141om\u017ca-Gi\u017cycko<\/a>. Dlaczego to wa\u017cne i z czego mog\u0105 wynika\u0107 op\u00f3\u017anienia?<\/p>\n<p class=\"MsoNormal\">Domagamy si\u0119 realizacji pe\u0142nego programu kolejowego CPK &#8211; i tak samo czyni <a href=\"https:\/\/www.prezydent.pl\/prezydent\/biografia\" rel=\"nofollow noopener\" target=\"_blank\">Prezydent Karol Nawrocki<\/a> w swoim prezydenckim projekcie ustawy Tak dla CPK. Szprycha nr 3 Ostro\u0142\u0119ka &#8211; \u0141om\u017ca &#8211; Gi\u017cycko jest szczeg\u00f3lnie istotna w kontek\u015bcie bezpiecze\u0144stwa. W tym momencie nie posiadamy ani jednej linii kolejowej o wysokiej przepustowo\u015bci, kt\u00f3ra prowadzi\u0142aby w rejon przesmyku suwalskiego i pod granic\u0119 z Obwodem Kr\u00f3lewieckim. Szprycha nr 3 to typowy przyk\u0142ad infrastruktury podw\u00f3jnego zastosowania, kluczowy element infrastruktury bezpiecze\u0144stwa nie tylko Polski, ale ca\u0142ej wschodniej flanki NATO. Jest zatem ca\u0142kowicie niezrozumia\u0142e, \u017ce plany budowy tego odcinka zosta\u0142y odsuni\u0119te na co najmniej drug\u0105 po\u0142ow\u0119 lat &#8217;30 &#8211; pomimo fakt, \u017ce wg pierwotnego harmonogramu budowa mog\u0142aby si\u0119 zacz\u0105\u0107 w 2027 i zako\u0144czy\u0107 w 2029. Odrzucamy stanowczo typow\u0105 argumentacj\u0119 Ministra <a href=\"https:\/\/www.gov.pl\/web\/infrastruktura\/piotr-malepszak\" rel=\"nofollow noopener\" target=\"_blank\">Piotra Malepszaka<\/a>, \u017ce &#8222;z Pasa\u017cerskiego Modelu Transportowego wysz\u0142o, \u017ce si\u0119 nie op\u0142aca&#8221;. To jest przyk\u0142ad patrzenia na \u015bwiat z klapkami na oczach oraz braku zrozumienia szerszego kontekstu sytuacji, w kt\u00f3rej znajduje si\u0119 Polska po 24 lutego 2022 r.<\/p>\n<p class=\"MsoNormal\">Czym tak naprawd\u0119, w Pana przekonaniu, mo\u017ce si\u0119 tu kierowa\u0107 rz\u0105d Tuska?<\/p>\n<p class=\"MsoNormal\">Kr\u00f3tkowzroczno\u015bci\u0105, brakiem wyobra\u017ani i tumiwisizmem.<\/p>\n<p class=\"MsoNormal\">Ach i dodajmy, \u017ce <a href=\"https:\/\/pl.wikipedia.org\/wiki\/Rail_Baltica\" rel=\"nofollow noopener\" target=\"_blank\">Rail Baltica<\/a> &#8211; absolutnie krytyczna linia \u0142\u0105cz\u0105ca Polsk\u0119 i pa\u0144stwa ba\u0142tyckie z\u0142apa\u0142a op\u00f3\u017anienie\u2026. 10 lat.<\/p>\n<p class=\"MsoNormal\">Z jednej strony jeste\u015bmy straszeni mo\u017cliwo\u015bci\u0105 wybuchu wojny w ci\u0105gu kilku lat, a z drugiej blokowane s\u0105 kluczowe z punktu widzenia obrony arterie kolejowe? Dobrze rozumiem?<\/p>\n<p class=\"MsoNormal\">Dok\u0142adnie tak.<\/p>\n<p class=\"MsoNormal\">\u00a0<\/p>\n<p>&#8222;Kto to widzia\u0142, \u017ceby obywatele oczekiwali inwestycji strategicznych&#8221;<\/p>\n<p class=\"MsoNormal\">CPK, atom, ruroci\u0105gi. Jak by Pan okre\u015bli\u0142 stosunek rz\u0105du Tuska do inwestycji strategicznych?<\/p>\n<p class=\"MsoNormal\">&#8222;Du\u017co gadamy, robimy po najmniejszej linii oporu. A jak robimy to bez nadmiernego po\u015bpiechu i przez zaci\u015bni\u0119te z\u0119by. Kt\u00f3\u017c to widzia\u0142, \u017ceby obywatele oczekiwali od rz\u0105du jakich\u015b tam inwestycji strategicznych? Maj\u0105 Orliki i im ma\u0142o.&#8221;<\/p>\n<p class=\"MsoNormal\">\u00a0<\/p>\n<p class=\"MsoNormal\">[<a href=\"https:\/\/www.takdlacpk.org\/zarzad\" rel=\"nofollow noopener\" target=\"_blank\">Maciej Wilk<\/a> &#8211; by\u0142y dyrektor operacyjny LOT, prezes Stowarzyszenia &#8222;Tak dla CPK&#8221;, prezes Fundacji Polskiego Rozwoju, do niedawna prezes Flair Airlines]<\/p>\n<p class=\"MsoNormal\">\u00a0<\/p>\n<p>Dlaczego to wa\u017cne dla Polski i Polak\u00f3w<\/p>\n<p>Realizacja CPK i powi\u0105zanych inwestycji to nie tylko kwestia infrastruktury, ale fundament przysz\u0142ego rozwoju gospodarczego kraju. Nowoczesny hub transportowy ma zwi\u0119kszy\u0107 konkurencyjno\u015b\u0107 Polski w Europie, przyci\u0105gn\u0105\u0107 inwestor\u00f3w i stworzy\u0107 tysi\u0105ce miejsc pracy \u2013 jego op\u00f3\u017anienia mog\u0105 oznacza\u0107 utrat\u0119 cz\u0119\u015bci tych szans na rzecz innych pa\u0144stw regionu.<br \/>\nR\u00f3wnie istotny jest wymiar bezpiecze\u0144stwa. Infrastruktura kolejowa powi\u0105zana z CPK \u2013 zw\u0142aszcza linie prowadz\u0105ce na wsch\u00f3d \u2013 ma znaczenie strategiczne dla mobilno\u015bci wojska i logistyki NATO. Ograniczenie lub odsuni\u0119cie tych projekt\u00f3w w czasie mo\u017ce os\u0142abi\u0107 zdolno\u015b\u0107 szybkiego reagowania w sytuacjach kryzysowych.<br \/>\nDla zwyk\u0142ych obywateli stawka jest bardzo konkretna: chodzi o kr\u00f3tsze czasy podr\u00f3\u017cy, lepsze po\u0142\u0105czenia mi\u0119dzy regionami i realne wyr\u00f3wnywanie szans rozwojowych mi\u0119dzy Polsk\u0105 centraln\u0105 a peryferyjn\u0105. Tempo i zakres realizacji tych inwestycji zdecyduj\u0105 o tym, czy Polska zrobi cywilizacyjny skok komunikacyjny, czy pozostanie krajem z niewykorzystanym potencja\u0142em infrastrukturalnym.<\/p>\n","protected":false},"excerpt":{"rendered":"Co musisz wiedzie\u0107: Projekt CPK jest formalnie kontynuowany, ale realizowany wolniej ni\u017c pierwotnie zak\u0142adano \u2013 pierwsze du\u017ce prace&hellip;\n","protected":false},"author":2,"featured_media":391410,"comment_status":"","ping_status":"","sticky":false,"template":"","format":"standard","meta":{"footnotes":"","_share_on_mastodon":"0"},"categories":[62713],"tags":[210,113,61546,1345,190,291,399,5567,49,261,102,907,39,7870,80,17258,26,1092],"class_list":["post-391409","post","type-post","status-publish","format-standard","has-post-thumbnail","category-donald-tusk","tag-aktualnosci","tag-biznes","tag-blogi","tag-donald-tusk","tag-gospodarka","tag-historia","tag-informacje","tag-komentarze","tag-kraj","tag-kultura","tag-opinie","tag-polityka","tag-polska","tag-solidarnosc","tag-swiat","tag-tygodnik","tag-wiadomosci","tag-wydarzenia"],"share_on_mastodon":{"url":"https:\/\/pubeurope.com\/@pl\/116471440681457021","error":""},"_links":{"self":[{"href":"https:\/\/www.europesays.com\/pl\/wp-json\/wp\/v2\/posts\/391409","targetHints":{"allow":["GET"]}}],"collection":[{"href":"https:\/\/www.europesays.com\/pl\/wp-json\/wp\/v2\/posts"}],"about":[{"href":"https:\/\/www.europesays.com\/pl\/wp-json\/wp\/v2\/types\/post"}],"author":[{"embeddable":true,"href":"https:\/\/www.europesays.com\/pl\/wp-json\/wp\/v2\/users\/2"}],"replies":[{"embeddable":true,"href":"https:\/\/www.europesays.com\/pl\/wp-json\/wp\/v2\/comments?post=391409"}],"version-history":[{"count":0,"href":"https:\/\/www.europesays.com\/pl\/wp-json\/wp\/v2\/posts\/391409\/revisions"}],"wp:featuredmedia":[{"embeddable":true,"href":"https:\/\/www.europesays.com\/pl\/wp-json\/wp\/v2\/media\/391410"}],"wp:attachment":[{"href":"https:\/\/www.europesays.com\/pl\/wp-json\/wp\/v2\/media?parent=391409"}],"wp:term":[{"taxonomy":"category","embeddable":true,"href":"https:\/\/www.europesays.com\/pl\/wp-json\/wp\/v2\/categories?post=391409"},{"taxonomy":"post_tag","embeddable":true,"href":"https:\/\/www.europesays.com\/pl\/wp-json\/wp\/v2\/tags?post=391409"}],"curies":[{"name":"wp","href":"https:\/\/api.w.org\/{rel}","templated":true}]}}