{"id":391465,"date":"2026-04-26T15:03:15","date_gmt":"2026-04-26T15:03:15","guid":{"rendered":"https:\/\/www.europesays.com\/pl\/391465\/"},"modified":"2026-04-26T15:03:15","modified_gmt":"2026-04-26T15:03:15","slug":"glogoczow-trwa-blokada-zakopianki-mieszkancy-protestuja-przeciwko-drodze-s7-krakow-myslenice","status":"publish","type":"post","link":"https:\/\/www.europesays.com\/pl\/391465\/","title":{"rendered":"G\u0142ogocz\u00f3w. Trwa blokada Zakopianki. Mieszka\u0144cy protestuj\u0105 przeciwko drodze S7 Krak\u00f3w-My\u015blenice"},"content":{"rendered":"<p class=\"lead\">Przez dwie godziny mieszka\u0144cy po\u0142udniowych cz\u0119\u015bci Krakowa i gmin po\u0142o\u017conych wzd\u0142u\u017c planowanej trasy S7 Krak\u00f3w-My\u015blenice b\u0119d\u0105 blokowa\u0107 Zakopiank\u0119 w ramach sprzeciwu wobec proponowanych przebieg\u00f3w tej trasy<\/p>\n<p>\u00a0<\/p>\n<p>Mieszka\u0144cy po\u0142udniowych cz\u0119\u015bci Krakowa i gmin po\u0142o\u017conych wzd\u0142u\u017c planowanej trasy S7 od Krakowa do My\u015blenic uwa\u017caj\u0105, \u017ce kolejne dzia\u0142ania urz\u0119dnik\u00f3w i inwestora zmierzaj\u0105 do sk\u0142\u00f3cenia spo\u0142ecze\u0144stwa oraz zrzucenia odpowiedzialno\u015bci za wyb\u00f3r wariantu na mieszka\u0144c\u00f3w.<\/p>\n<p>Protest odbywa si\u0119 przy jednej z restauracji na przej\u015bciu dla pieszych w G\u0142ogoczowie. Blokada Zakopianki trwa\u0107 b\u0119dzie do godziny 18. \u00a0Ruch blokowany i puszczany b\u0119dzie naprzemiennie w odst\u0119pach pi\u0119ciominutowych.<\/p>\n<p>Z utrudnieniami na tym odcinku nale\u017cy si\u0119 liczy\u0107 do godziny 18. Kork\u00f3w mo\u017cna spodziewa\u0107 si\u0119 nie tylko na DK7, ale r\u00f3wnie\u017c na drogach lokalnych.\u00a0<\/p>\n<p>\u00a0<br \/>\nNowe rozdanie nie daje efekt\u00f3w?<\/p>\n<p>Po tym jak w listopadzie\u00a0<a href=\"https:\/\/miasto-info.pl\/myslenice\/32346,gddkia-pokazala-6-wariantow-trasy-s7-krakow-myslenice-wszystkie-przebiegaja-przez-myslenice.html\" rel=\"nofollow noopener\" target=\"_blank\">GDDKiA przedstawi\u0142a sze\u015b\u0107 wariant\u00f3w przebiegu planowanej drogi S7 Krak\u00f3w\u2013My\u015blenice<\/a>\u00a0region zala\u0142a fala protest\u00f3w. Wyra\u017ane &#8222;nie\u201d dla plan\u00f3w Generalnej Dyrekcji powiedzieli mieszka\u0144cy po\u0142udnia Krakowa, gmin My\u015blenice, Wieliczka, \u015awi\u0105tniki G\u00f3rne, Mogilany i Siepraw.<\/p>\n<p>Od listopada przeciwko wszystkim wariantom trasy S7\u00a0<a href=\"https:\/\/miasto-info.pl\/myslenice\/32397,to-juz-nie-jest-protest-poszczegolnych-miejscowosci-mieszkancy-regionu-lacza-sily-przeciwko-planom-budowy-drogi-s7.html\" rel=\"nofollow noopener\" target=\"_blank\">solidarnie prostestowali mieszka\u0144cy Krakowa i po\u0142udniowych gmin wojew\u00f3dztwa<\/a>. Brak zgody przybiera\u0142 r\u00f3\u017cne formy. Od baner\u00f3w wieszanych na ogrodzeniach, przez\u00a0<a href=\"https:\/\/miasto-info.pl\/myslenice\/32498,przeciwnicy-s7-zatrzymali-ruch-na-zakopiance-to-ostatni-protest-przed-zakonczeniem-konsultacji-spolecznych.html\" rel=\"nofollow noopener\" target=\"_blank\">blokowanie ruchu na zakopiance<\/a>\u00a0i manifestacje uliczne,\u00a0<a href=\"https:\/\/miasto-info.pl\/myslenice\/32424,mieszkancy-krakowa-i-poludniowych-gmin-malopolski-z-pikieta-pod-siedziba-gddkia.html\" rel=\"nofollow noopener\" target=\"_blank\">pikiety pod siedzib\u0105 Generalnej Dyrekcji<\/a>, a nawet\u00a0<a href=\"https:\/\/miasto-info.pl\/myslenice\/32462,zorganizowali-pogrzeb-projektu-trasy-s7-krakow-myslenice-kondukt-przeciwnikow-drogi-wyjechal-z-zarabia.html\" rel=\"nofollow noopener\" target=\"_blank\">happeningi teatralne<\/a>\u00a0przedstawiaj\u0105ce pogrzeb rozwi\u0105zania drogowego w tej formie.<\/p>\n<p>Po\u00a0<a href=\"https:\/\/miasto-info.pl\/myslenice\/32498,przeciwnicy-s7-zatrzymali-ruch-na-zakopiance-to-ostatni-protest-przed-zakonczeniem-konsultacji-spolecznych.html\" rel=\"nofollow noopener\" target=\"_blank\">trwaj\u0105cych p\u00f3\u0142 roku protestach na Zakopiance<\/a>, poruszeniu w gminach na po\u0142udnie od stolicy Ma\u0142opolski i w samym Krakowie, prace nad wyborem wariantu planowanego odcinka drogi S7 Krak\u00f3w-My\u015blenice\u00a0<a href=\"https:\/\/miasto-info.pl\/myslenice\/32587,wszystkie-warianty-trasy-s7-krakow-myslenice-laduja-w-koszu-o-przebiegu-drogi-decydowac-bedzie-warszawa.html\" rel=\"nofollow noopener\" target=\"_blank\">przej\u0119\u0142a centrala GDDKiA w Warszawie<\/a>. Proces planowania mia\u0142 rozpocz\u0105\u0107 si\u0119 od nowa, a zadaniem sto\u0142ecznego GDDKiA mia\u0142o by\u0107 zbudowanie zespo\u0142u i wytyczenie nowych wariant\u00f3w drogi S7 Krak\u00f3w-My\u015blenice.<\/p>\n<p>Tam\u00a0<a href=\"https:\/\/miasto-info.pl\/myslenice\/32638,nowy-etap-sporu-o-s7-warszawa-przejmuje-projekt-drogi-krakow-myslenice-proces-budzi-kontrowersje-wsrod-malopolan.html\" rel=\"nofollow noopener\" target=\"_blank\">w marcu 2026 roku odby\u0142o si\u0119 spotkanie<\/a> przedstawicieli obszar\u00f3w, przez kt\u00f3re ma przebiega\u0107 droga. Z kolei <a href=\"https:\/\/miasto-info.pl\/myslenice\/32710,pierwsze-krakowskie-spotkanie-zespolu-w-sprawie-s7-burmistrzowie-myslenic-i-dobczyc-apeluja-o-ochrone-zbiornika-i-rzetelne-analizy-ruchu.html\" target=\"_blank\" rel=\"noopener nofollow\">pierwsze krakowskie posiedzenie zespo\u0142u w sprawie S7<\/a> zwo\u0142ano na pocz\u0105tku kwietnia w Ma\u0142opolskim Urz\u0119dzie Wojew\u00f3dzkim w Krakowie (\u0142\u0105cznie ma by\u0107 ich 6 w Krakowie i jedno w Warszawie).<\/p>\n<p>\u00a0<\/p>\n<p>Kolejne odby\u0142o si\u0119 w pi\u0105tek 24 kwietnia. Ich celem jest wypracowanie\u00a0zasad wsp\u00f3\u0142pracy pomi\u0119dzy Generaln\u0105, samorz\u0105dami oraz stron\u0105 spo\u0142eczn\u0105 w celu ustalenia kryteri\u00f3w wyboru przysz\u0142ych wariant\u00f3w trasy.<\/p>\n<p>\u00a0<\/p>\n<p>My\u015blenice. Przedstawiciele GDDKiA o S7 b\u0119d\u0105 rozmawia\u0107 z radnymi<\/p>\n<p>Podczas 27 sesji Rady Miejskiej w My\u015blenicach, kt\u00f3ra odb\u0119dzie si\u0119 w poniedzia\u0142ek 27 kwietnia o godz. 9 odb\u0119dzie si\u0119 wyst\u0105pienie przedstawicieli Generalnej Dyrekcji Dr\u00f3g Krajowych i Autostrad Oddzia\u0142 w Krakowie.<\/p>\n<p>Tematem rozmowy z radnymi b\u0119dzie opracowanie dokumentacji projektowej dla budowy drogi ekspresowej S7 na odcinku Krak\u00f3w-My\u015blenice oraz inwestycji realizowanych przez GDDKiA na DK7 w miejscowo\u015bciach: Jawornik, G\u0142ogocz\u00f3w, Krzyszkowice oraz drogach zbiorczych wzd\u0142u\u017c Zakopianki.<\/p>\n<p>Podobaj\u0105 Ci si\u0119 nasze artyku\u0142y?\u00a0 \u00a0<\/p>\n<p>Dzi\u0119ki Twojemu wsparciu mo\u017cemy porusza\u0107 tematy, kt\u00f3re s\u0105 istotne dla Ciebie i Twoich s\u0105siad\u00f3w. Zabierz nas na wirtualn\u0105 kaw\u0119 \u2013 nawet najmniejszy gest ma znaczenie.\u00a0<\/p>\n<p><a href=\"https:\/\/buycoffee.to\/miastoinfo\" target=\"_blank\" rel=\"nofollow noopener\"><img decoding=\"async\" style=\"margin: -20px 0px -20px -20px;\" src=\"https:\/\/www.europesays.com\/pl\/wp-content\/uploads\/2026\/04\/donate-coffy.jpg\"\/><\/a><a href=\"https:\/\/buycoffee.to\/miastoinfo\" target=\"_blank\" rel=\"nofollow noopener\"><img decoding=\"async\" style=\"width: 195px; height: 51px;\" src=\"https:\/\/www.europesays.com\/pl\/wp-content\/uploads\/2026\/04\/share-button-primary.png\" alt=\"Postaw mi kaw\u0119 na buycoffee.to\"\/><\/a><\/p>\n","protected":false},"excerpt":{"rendered":"Przez dwie godziny mieszka\u0144cy po\u0142udniowych cz\u0119\u015bci Krakowa i gmin po\u0142o\u017conych wzd\u0142u\u017c planowanej trasy S7 Krak\u00f3w-My\u015blenice b\u0119d\u0105 blokowa\u0107 Zakopiank\u0119&hellip;\n","protected":false},"author":2,"featured_media":391466,"comment_status":"","ping_status":"","sticky":false,"template":"","format":"standard","meta":{"footnotes":"","_share_on_mastodon":"0"},"categories":[51606],"tags":[66504,66502,66505,1304,66501,66500,2160,66506,42,38,40,39,41,66503],"class_list":["post-391465","post","type-post","status-publish","format-standard","has-post-thumbnail","category-krakow","tag-forum-myslenic","tag-informacje-myslenice","tag-informator-miejski-myslenic","tag-krakow","tag-miasto-info","tag-miasto-myslenice","tag-myslenice","tag-ogloszenia-drobne-myslenice","tag-pl","tag-poland","tag-polish","tag-polska","tag-polski","tag-wydarzenia-w-myslenicach"],"share_on_mastodon":{"url":"https:\/\/pubeurope.com\/@pl\/116471622316440717","error":""},"_links":{"self":[{"href":"https:\/\/www.europesays.com\/pl\/wp-json\/wp\/v2\/posts\/391465","targetHints":{"allow":["GET"]}}],"collection":[{"href":"https:\/\/www.europesays.com\/pl\/wp-json\/wp\/v2\/posts"}],"about":[{"href":"https:\/\/www.europesays.com\/pl\/wp-json\/wp\/v2\/types\/post"}],"author":[{"embeddable":true,"href":"https:\/\/www.europesays.com\/pl\/wp-json\/wp\/v2\/users\/2"}],"replies":[{"embeddable":true,"href":"https:\/\/www.europesays.com\/pl\/wp-json\/wp\/v2\/comments?post=391465"}],"version-history":[{"count":0,"href":"https:\/\/www.europesays.com\/pl\/wp-json\/wp\/v2\/posts\/391465\/revisions"}],"wp:featuredmedia":[{"embeddable":true,"href":"https:\/\/www.europesays.com\/pl\/wp-json\/wp\/v2\/media\/391466"}],"wp:attachment":[{"href":"https:\/\/www.europesays.com\/pl\/wp-json\/wp\/v2\/media?parent=391465"}],"wp:term":[{"taxonomy":"category","embeddable":true,"href":"https:\/\/www.europesays.com\/pl\/wp-json\/wp\/v2\/categories?post=391465"},{"taxonomy":"post_tag","embeddable":true,"href":"https:\/\/www.europesays.com\/pl\/wp-json\/wp\/v2\/tags?post=391465"}],"curies":[{"name":"wp","href":"https:\/\/api.w.org\/{rel}","templated":true}]}}