{"id":391685,"date":"2026-04-26T17:49:30","date_gmt":"2026-04-26T17:49:30","guid":{"rendered":"https:\/\/www.europesays.com\/pl\/391685\/"},"modified":"2026-04-26T17:49:30","modified_gmt":"2026-04-26T17:49:30","slug":"pierwsze-takie-targi-w-trojmiescie-serwis-kultura","status":"publish","type":"post","link":"https:\/\/www.europesays.com\/pl\/391685\/","title":{"rendered":"Pierwsze takie targi w Tr\u00f3jmie\u015bcie Serwis Kultura"},"content":{"rendered":"<p>            <a href=\"https:\/\/s-trojmiasto.pl\/zdj\/c\/n\/9\/4305\/1920x0\/4305232-Targi-Mlodej-Sztuki-odbywaja-sie-w-ten-weekend-w-Gdansku-po-raz-pierwszy.webp\" target=\"_blank\" data-slide-name=\"832757\" data-lightbox-target=\"photo full\" data-sub-html=\"&lt;h4&gt;Targi M\u0142odej Sztuki odbywaj\u0105 si\u0119 w ten weekend w Gda\u0144sku po raz pierwszy.&lt;\/h4&gt;&lt;p&gt;fot. Artur Cichuta\/Trojmiasto.pl&lt;\/p&gt;&#010;\" class=\"photoMarker__link\" data-filter-brightness=\"brightness--100\" rel=\"nofollow noopener\"><\/p>\n<p>    <img decoding=\"async\" style=\"height:500px; aspect-ratio: 1.5\/1; filter:brightness(1);\" alt=\"Targi M\u0142odej Sztuki odbywaj\u0105 si\u0119 w ten weekend w Gda\u0144sku po raz pierwszy.\" src=\"https:\/\/www.europesays.com\/pl\/wp-content\/uploads\/2026\/04\/4305232-Targi-Mlodej-Sztuki-odbywaja-sie-w-ten-weekend-w-Gdansku-po-raz-pierwszy.webp\" class=\"photoMarker__img \" data-slider=\"img\" fetchpriority=\"high\"\/><\/p>\n<p>            <\/a><\/p>\n<p class=\"lead\">Ponad 50 artyst\u00f3w z\u00a0ca\u0142ej Polski i\u00a0ich dzie\u0142a: od unikatowych zin\u00f3w, naklejek i\u00a0poczt\u00f3wek, przez plakaty, grafik\u0119 komputerow\u0105 i\u00a0warsztatow\u0105, a\u017c po dzie\u0142a wysokiej klasy: p\u0142\u00f3tna i\u00a0rze\u017aby idealne do kolekcji prywatnych lub biznesowych. <a href=\"https:\/\/www.trojmiasto.pl\/dom\/Debiut-i753.html\" class=\"parse-link\" title=\"Debiut\" rel=\"nofollow noopener\" target=\"_blank\">Debiutuj\u0105ce<\/a> w\u00a0ten weekend w\u00a0Tr\u00f3jmie\u015bcie <a href=\"https:\/\/www.trojmiasto.pl\/imprezy\/Targi-Mlodej-Sztuki-imp590707.html\" data-tklik=\"610984\" rel=\"nofollow noopener\" target=\"_blank\">Targi M\u0142odej Sztuki<\/a> to miejsce, gdzie sztuka jest na wyci\u0105gni\u0119cie r\u0119ki, gwarantuj\u0105c przy tym bezpo\u015bredni kontakt z\u00a0artystami. Impreza wystartowa\u0142a dzi\u015b w\u00a0przestrzeni <a href=\"https:\/\/www.trojmiasto.pl\/Plenum-o78180.html\" data-tklik=\"374742\" rel=\"nofollow noopener\" target=\"_blank\">Plenum<\/a> i\u00a0potrwa jeszcze do godz. 18:30, a\u00a0jutro w\u00a0godz. 11-18.30. Bilet wst\u0119pu kosztuje 13 z\u0142 i\u00a0wa\u017cny jest w\u00a0oba dni dla os\u00f3b w\u00a0wieku 26-60 lat. M\u0142odsi i\u00a0starsi maj\u0105 wej\u015bcie darmowe.<\/p>\n<p>    Pierwsze takie targi sztuki w\u00a0Tr\u00f3jmie\u015bcie<\/p>\n<p>                                tak, zawsze staram si\u0119 by\u0107<br \/>\n                                5%<\/p>\n<p>                                tak, to okazja, \u017ceby kupi\u0107 co\u015b oryginalnego<br \/>\n                                16%<\/p>\n<p>                                tak, ale tylko ogl\u0105dam<br \/>\n                                10%<\/p>\n<p>Cho\u0107 w\u00a0Tr\u00f3jmie\u015bcie jeste\u015bmy ju\u017c przyzwyczajeni do targ\u00f3w sztuki w\u00a0r\u00f3\u017cnym wydaniu, takim jak cho\u0107by <a href=\"https:\/\/www.trojmiasto.pl\/imprezy\/Targi-modne-Klimaty-imp592898.html\" data-tklik=\"653532\" rel=\"nofollow noopener\" target=\"_blank\">Targi Klimaty<\/a>, kt\u00f3re odbywaj\u0105 si\u0119 w\u00a0<a href=\"https:\/\/www.trojmiasto.pl\/Stary-Manez-o64616.html\" data-tklik=\"16558\" rel=\"nofollow noopener\" target=\"_blank\">Starym Mane\u017cu<\/a> (najbli\u017csza edycja ju\u017c jutro), <a href=\"https:\/\/www.trojmiasto.pl\/imprezy\/FALE-Targi-mody-i-designu-imp589380.html\" data-tklik=\"29653\" rel=\"nofollow noopener\" target=\"_blank\">FALE Targi Mody i Designu<\/a> na <a href=\"https:\/\/www.trojmiasto.pl\/Mamuszki-14-o94845.html\" data-tklik=\"10939\" rel=\"nofollow noopener\" target=\"_blank\">Mamuszki 14<\/a> w\u00a0Sopocie (kolejne 2-3 maja), <a href=\"https:\/\/www.trojmiasto.pl\/targi-rzeczy-ladnych\/\" data-tklik=\"665924\" rel=\"nofollow noopener\" target=\"_blank\">Targi Rzeczy \u0141adnych<\/a> (odby\u0142y si\u0119 dwa tygodnie temu), gdy\u0144ski <a href=\"https:\/\/www.trojmiasto.pl\/kulinaria\/BAZARt-targi-sztuki-imp586104.html\" data-tklik=\"300592\" rel=\"nofollow noopener\" target=\"_blank\">BAZARt<\/a> (najbli\u017cszy w\u00a0czerwcu) czy <a href=\"https:\/\/www.trojmiasto.pl\/imprezy\/PANATO-Targi-sztuki-designu-WIOSNA-2026-imp588175.html\" data-tklik=\"479698\" rel=\"nofollow noopener\" target=\"_blank\">PANATO Targi Sztuki &amp; Designu<\/a>, kt\u00f3re maj\u0105 kilka edycji w\u00a0roku i\u00a0r\u00f3wnie\u017c odbywaj\u0105 si\u0119 w\u00a0Plenum, to jednak mo\u017cna zauwa\u017cy\u0107, \u017ce Targi M\u0142odej Sztuki maj\u0105 nieco inny charakter.<\/p>\n<p>Targi organizuje krakowska Przestrze\u0144 M\u0142odej Sztuki &#8211; oddolna inicjatywa wspieraj\u0105ca m\u0142odych artyst\u00f3w i\u00a0\u0142\u0105cz\u0105ca ich z\u00a0publiczno\u015bci\u0105. Jej celem jest pokazywanie, \u017ce dystans mi\u0119dzy tw\u00f3rc\u0105 a\u00a0odbiorc\u0105 jest zb\u0119dny. Liczy si\u0119 autentyczno\u015b\u0107 i\u00a0og\u00f3lny dost\u0119p do kultury.<\/p>\n<p>Inicjatywa dzia\u0142a od 2023 r. i\u00a0po 24 edycjach w\u00a0ca\u0142ym kraju (w Krakowie, Wroc\u0142awiu, \u0141odzi, Lublinie, Katowicach i\u00a0Poznaniu) w ko\u0144cu debiutuje w\u00a0ten weekend w\u00a0Gda\u0144sku. W\u00a0sobot\u0119 i\u00a0niedziel\u0119 industrialna przestrze\u0144 Plenum, kt\u00f3ra \u015bwietnie sprawdza si\u0119 w\u00a0takich inicjatywach, zosta\u0142a wype\u0142niona dzie\u0142ami ponad 50 artyst\u00f3w z\u00a0ca\u0142ej Polski.<\/p>\n<p>Wolno\u015b\u0107, egalitaryzm, pomoc<\/p>\n<p>Wolno\u015b\u0107, egalitaryzm, pomoc &#8211; to has\u0142a krakowskiej inicjatywy. Targi M\u0142odej Sztuki to jedyne takie targi, kt\u00f3rych celem jest wspieranie m\u0142odych artyst\u00f3w poprzez wyr\u00f3wnywanie szans i\u00a0pomaganie tym, kt\u00f3rzy nie maj\u0105 jeszcze wyrobionego nazwiska w\u00a0sztuce ani \u015brodk\u00f3w na swoj\u0105 promocj\u0119, ale tworz\u0105 i\u00a0chc\u0105 zaistnie\u0107.<\/p>\n<p>&#8211; To nasza pierwsza edycja w\u00a0Gda\u0144sku, ale przejechali\u015bmy ju\u017c prawie ca\u0142\u0105 Polsk\u0119. Pozosta\u0142 nam jeszcze tylko Szczecin, gdzie pojawimy si\u0119 za miesi\u0105c. Teraz jeste\u015bmy w\u00a0trakcie maratonu, to jest nasze trzecie miasto z\u00a0rz\u0119du, tydzie\u0144 po tygodniu. Cieszymy si\u0119, \u017ce jeste\u015bmy w\u00a0Gda\u0144sku. Pozytywnie odbieramy frekwencj\u0119, a\u00a0przestrze\u0144 jest \u015bwietna. Nasze targi wyr\u00f3\u017cniaj\u0105 si\u0119 przede wszystkim podej\u015bciem do artyst\u00f3w &#8211; wiemy, \u017ce na innych targach sztuki bywaj\u0105 traktowani po macoszemu. A\u00a0nas arty\u015bci kochaj\u0105, bardzo nam kibicuj\u0105 i\u00a0jeste\u015bmy bardzo szcz\u0119\u015bliwi z\u00a0tego powodu &#8211; powiedzia\u0142 mi Gleb Andreev za\u0142o\u017cyciel Przestrzeni M\u0142odej Sztuki i\u00a0organizator targ\u00f3w.<br \/> \n<\/p>\n<p>Od naklejek i\u00a0poczt\u00f3wek przez plakaty po obrazy<\/p>\n<p>Co ciekawe, na targach, do kt\u00f3rych jeste\u015bmy przyzwyczajeni w\u00a0Tr\u00f3jmie\u015bcie, nie brakuje zazwyczaj sztuki u\u017cytkowej i\u00a0r\u0119kodzie\u0142a, czego jednak nie znajdziecie podczas Targ\u00f3w M\u0142odej Sztuki. Te targi bowiem s\u0105 okazj\u0105 przede wszystkim do nabycia &#8211; jak zaznaczy\u0142 to Andreev &#8211; &#8222;sztuki wysokiej oraz tej aspiruj\u0105cej do niej&#8221; oraz sztuki dekoracyjnej.<\/p>\n<p>&#8211; Mamy sztuk\u0119 wizualn\u0105 na fizycznych no\u015bnikach, czyli malarstwo, rze\u017aba, grafika warsztatowa, cyfrowa, fotografia, rysunek, plakat. I\u00a0je\u017celi kt\u00f3ry\u015b z\u00a0artyst\u00f3w do tego dodatkowo tworzy co\u015b bardziej u\u017cytkowego, jak ubrania, to wtedy umo\u017cliwiamy te\u017c pokazanie tego, w\u00a0co inwestuje czas i\u00a0si\u0142y. Ale to ograniczenie, zaw\u0119\u017cenie tylko do sztuki mamy ze wzgl\u0119du na to, \u017ce w\u00a0momencie, w\u00a0kt\u00f3rym sztuka konkuruje ze spodniami, kubeczkami czy \u015bwieczkami, to ludziom du\u017co \u0142atwiej jest wyda\u0107 pieni\u0105dze na te rzeczy, kt\u00f3re s\u0105 bardziej u\u017cytkowe, i\u00a0s\u0105 mniej sk\u0142oni wchodzi\u0107 w\u00a0rozmow\u0119 o\u00a0sztuce, o\u00a0kt\u00f3r\u0105 nam tutaj chodzi &#8211; wyja\u015bni\u0142 mi pomys\u0142odawca.<br \/><a href=\"https:\/\/www.trojmiasto.pl\/rozrywka\/Design-zakupy-i-setki-inspiracji-Targi-Rzeczy-Ladnych-w-AmberExpo-n217851.html\" data-tklik=\"953616\" class=\"marker-news component newsMarker\" rel=\"nofollow noopener\" target=\"_blank\"><br \/>\n            <img decoding=\"async\" src=\"https:\/\/www.europesays.com\/pl\/wp-content\/uploads\/2026\/04\/4293514__c_0_102_2048_1434__kr.webp\" alt=\"Design, zakupy i setki inspiracji. Targi Rzeczy \u0141adnych w AmberExpo\" class=\"lazy newsMarker__img\"\/><br \/>\n        Design, zakupy i setki inspiracji. Targi Rzeczy \u0141adnych w AmberExpo<br \/>\n<\/a><\/p>\n<p>Tak wi\u0119c podczas Targ\u00f3w M\u0142odej Sztuki kupi\u0107 mo\u017cna zar\u00f3wno mniejsze formy &#8211; od unikatowych zin\u00f3w, naklejek czy poczt\u00f3wek, poprzez plakaty, fotografi\u0119 artystyczn\u0105, grafik\u0119 komputerow\u0105 i\u00a0warsztatow\u0105, po dzie\u0142a wysokiej klasy, jak p\u0142\u00f3tna i\u00a0rze\u017aby.<\/p>\n<p>W\u015br\u00f3d wystawc\u00f3w Targ\u00f3w M\u0142odej Sztuki znalaz\u0142o si\u0119 r\u00f3wnie\u017c sporo lokalnych artyst\u00f3w. Swoje prace wystawia Jlenia Renier, Kuba Mach, Rafa\u0142 Stryjecki i\u00a0wielu innych.<\/p>\n<p>Sztuka jest dla wszystkich<\/p>\n<p>Ceny dzie\u0142 rozpoczynaj\u0105 si\u0119 od kilku z\u0142otych za naklejki, a\u00a0ko\u0144cz\u0105 na kilkudziesi\u0119ciu tysi\u0105cach za najwi\u0119ksze p\u0142\u00f3tna. Pomi\u0119dzy jest ca\u0142a masa rzeczy za kilkadziesi\u0105t i\u00a0kilkaset z\u0142otych. Ka\u017cdy wi\u0119c znajdzie co\u015b dla siebie.<\/p>\n<p>Formu\u0142a wydarzenia jest ca\u0142kowicie otwarta &#8211; wszyscy s\u0105 mile widziani, w\u0142\u0105cznie z\u00a0czworonogami. W\u00a0sobot\u0119 Plenum odwiedzi\u0142o sporo os\u00f3b w\u00a0r\u00f3\u017cnym wieku, rodziny z\u00a0dzie\u0107mi i\u00a0pieskami.<\/p>\n<p>&#8211; Jeste\u015bmy bardzo zr\u00f3\u017cnicowani i\u00a0chcemy, \u017ceby przychodzili do nas i\u00a0ci najm\u0142odsi ludzie, kt\u00f3rzy wchodz\u0105 za free, i\u00a0ci starsi, i\u00a0wszyscy tak naprawd\u0119, bo sztuka jest dla wszystkich. Chcieliby\u015bmy w\u0142a\u015bnie do tego przyzwyczaja\u0107 nasze spo\u0142ecze\u0144stwo &#8211; doda\u0142 organizator.\n                <\/p>\n","protected":false},"excerpt":{"rendered":"Ponad 50 artyst\u00f3w z\u00a0ca\u0142ej Polski i\u00a0ich dzie\u0142a: od unikatowych zin\u00f3w, naklejek i\u00a0poczt\u00f3wek, przez plakaty, grafik\u0119 komputerow\u0105 i\u00a0warsztatow\u0105, a\u017c&hellip;\n","protected":false},"author":2,"featured_media":391686,"comment_status":"","ping_status":"","sticky":false,"template":"","format":"standard","meta":{"footnotes":"","_share_on_mastodon":"0"},"categories":[51610],"tags":[8588,8810,11091,12067,8783,1048,3751,437,10195,7565,33798,8813,2957,4067,11071,8817,42,55178,16420,71105,55189,38,40,39,41,3852,36781,8815,8770,4663,8812,8767,22963,71103,8816,4000,71106,30508,8814,71104],"class_list":["post-391685","post","type-post","status-publish","format-standard","has-post-thumbnail","category-gdansk","tag-aktorzy","tag-artysta","tag-bilet","tag-dzielo","tag-filharmonia","tag-gdansk","tag-godzina","tag-grafika","tag-impreza","tag-kolekcja","tag-kontakt","tag-muzea","tag-muzeum","tag-naklejka","tag-obraz","tag-osada","tag-pl","tag-plakat","tag-plenum","tag-plotno","tag-pocztowka","tag-poland","tag-polish","tag-polska","tag-polski","tag-przestrzen","tag-reka","tag-repertuar","tag-rzezba","tag-scena","tag-spektakle","tag-sztuka","tag-targ","tag-targi-mlodej-sztuki","tag-teatry","tag-trojmiasto","tag-wiek-wydarzenia","tag-wstep","tag-wystawy","tag-zin"],"share_on_mastodon":{"url":"https:\/\/pubeurope.com\/@pl\/116472274288874979","error":""},"_links":{"self":[{"href":"https:\/\/www.europesays.com\/pl\/wp-json\/wp\/v2\/posts\/391685","targetHints":{"allow":["GET"]}}],"collection":[{"href":"https:\/\/www.europesays.com\/pl\/wp-json\/wp\/v2\/posts"}],"about":[{"href":"https:\/\/www.europesays.com\/pl\/wp-json\/wp\/v2\/types\/post"}],"author":[{"embeddable":true,"href":"https:\/\/www.europesays.com\/pl\/wp-json\/wp\/v2\/users\/2"}],"replies":[{"embeddable":true,"href":"https:\/\/www.europesays.com\/pl\/wp-json\/wp\/v2\/comments?post=391685"}],"version-history":[{"count":0,"href":"https:\/\/www.europesays.com\/pl\/wp-json\/wp\/v2\/posts\/391685\/revisions"}],"wp:featuredmedia":[{"embeddable":true,"href":"https:\/\/www.europesays.com\/pl\/wp-json\/wp\/v2\/media\/391686"}],"wp:attachment":[{"href":"https:\/\/www.europesays.com\/pl\/wp-json\/wp\/v2\/media?parent=391685"}],"wp:term":[{"taxonomy":"category","embeddable":true,"href":"https:\/\/www.europesays.com\/pl\/wp-json\/wp\/v2\/categories?post=391685"},{"taxonomy":"post_tag","embeddable":true,"href":"https:\/\/www.europesays.com\/pl\/wp-json\/wp\/v2\/tags?post=391685"}],"curies":[{"name":"wp","href":"https:\/\/api.w.org\/{rel}","templated":true}]}}