{"id":391895,"date":"2026-04-26T20:20:11","date_gmt":"2026-04-26T20:20:11","guid":{"rendered":"https:\/\/www.europesays.com\/pl\/391895\/"},"modified":"2026-04-26T20:20:11","modified_gmt":"2026-04-26T20:20:11","slug":"zadyszka-za-nia-wieczysta-krakow-powrocila-do-trojki","status":"publish","type":"post","link":"https:\/\/www.europesays.com\/pl\/391895\/","title":{"rendered":"Zadyszka za ni\u0105? Wieczysta Krak\u00f3w powr\u00f3ci\u0142a do tr\u00f3jki"},"content":{"rendered":"\n<p class=\"contentpart contentpart--default contentpart--text\" data-position=\"0\"><a href=\"https:\/\/sportowefakty.wp.pl\/pilka-nozna\/wieczysta-krakow\" rel=\"nofollow noopener\" target=\"_blank\">Wieczysta Krak\u00f3w<\/a>\u00a0gra\u0142a w drugim meczu z rz\u0119du z przeciwnikiem z wojew\u00f3dztwa \u015bl\u0105skiego.\u00a0 W czwartek by\u0142a mocniejsza 4:3 w zaleg\u0142ym spotkaniu z <a href=\"https:\/\/sportowefakty.wp.pl\/pilka-nozna\/polonia-bytom\" rel=\"nofollow noopener\" target=\"_blank\">Poloni\u0105 Bytom<\/a>. Ju\u017c w niedziel\u0119 pi\u0142karze <a href=\"https:\/\/sportowefakty.wp.pl\/pilka-nozna\/kazimierz-moskal\" rel=\"nofollow noopener\" target=\"_blank\">Kazimierza Moskala<\/a>\u00a0pokonali co prawda ostatni w tabeli <a href=\"https:\/\/sportowefakty.wp.pl\/pilka-nozna\/gks-tychy\" rel=\"nofollow noopener\" target=\"_blank\">GKS Tychy<\/a>, ale maj\u0105cy za sob\u0105 dwa zwyci\u0119stwa.<\/p>\n<p class=\"contentpart contentpart--default contentpart--text\" data-position=\"1\">Do czasu ataki beniaminka by\u0142y nieskuteczne. Wieczysta wstrzeli\u0142a si\u0119 do bramki <a href=\"https:\/\/sportowefakty.wp.pl\/pilka-nozna\/jakub-madrzyk\" rel=\"nofollow noopener\" target=\"_blank\">Jakuba M\u0105drzyka<\/a>\u00a0w 45. minucie. <a href=\"https:\/\/sportowefakty.wp.pl\/pilka-nozna\/stefan-feiertag\" rel=\"nofollow noopener\" target=\"_blank\">Stefan Feiertag<\/a>\u00a0strzeli\u0142 na 1:0 po wrzutce z rzutu wolnego <a href=\"https:\/\/sportowefakty.wp.pl\/pilka-nozna\/lucas-piazon\" rel=\"nofollow noopener\" target=\"_blank\">Lucasa Piazona<\/a>\u00a0i str\u0105ceniu <a href=\"https:\/\/sportowefakty.wp.pl\/pilka-nozna\/karol-fila\" rel=\"nofollow noopener\" target=\"_blank\">Karola Fili<\/a>. Po przerwie, dok\u0142adnie w 63. minucie, <a href=\"https:\/\/sportowefakty.wp.pl\/pilka-nozna\/mikkel-maigaard\" rel=\"nofollow noopener\" target=\"_blank\">Mikkel Maigaard<\/a>\u00a0uderzy\u0142 z rzutu karnego na 2:0. Pi\u0142ka wtoczy\u0142a si\u0119 do bramki po d\u0142oniach bramkarza. GKS nie odpowiedzia\u0142, cho\u0107 mia\u0142 jeszcze szans\u0119 na z\u0142apanie kontaktu.<\/p>\n<p>  <img decoding=\"async\" src=\"https:\/\/v.wpimg.pl\/X3dwLnN2d1IFFTpdYUl6R0ZNbgcnEHQREVV2TGEGbUtRT2MdOlZ2RBQUKABgQjQcDRotCStBd1IAAWMeIlM7VgwYIAorQAdEFFk_GCkQJQ\" alt=\"\" width=\"45\" height=\"58\" loading=\"lazy\"\/>  <\/p>\n<p class=\"contentpart contentpart--default contentpart--text\" data-position=\"2\">Konieczno\u015b\u0107 rozegrania dw\u00f3ch mecz\u00f3w w jednym tygodniu nie przeszkodzi\u0142a zdoby\u0107 kompletu punkt\u00f3w r\u00f3wnie\u017c Polonii Bytom. Dru\u017cyna <a href=\"https:\/\/sportowefakty.wp.pl\/pilka-nozna\/wojciech-mroz\" rel=\"nofollow noopener\" target=\"_blank\">Wojciecha Mroza<\/a>\u00a0wygra\u0142a na wyje\u017adzie 2:0 z <a href=\"https:\/\/sportowefakty.wp.pl\/pilka-nozna\/odra-opole\" rel=\"nofollow noopener\" target=\"_blank\">Odr\u0105 Opole<\/a>. By\u0142o to dopiero pierwsze zwyci\u0119stwo w rundzie wiosennej klubu, kt\u00f3ry zimowa\u0142 na pozycji wicelidera.<\/p>\n<p class=\"contentpart contentpart--default contentpart--text\" data-position=\"3\">ZOBACZ WIDEO: Polacy o Lewandowskim. Powinien zosta\u0107 w Barcelonie?<\/p>\n<p class=\"contentpart contentpart--default contentpart--text\" data-position=\"5\">Polonia zdoby\u0142a obie bramki w drugiej po\u0142owie. W 62. minucie <a href=\"https:\/\/sportowefakty.wp.pl\/pilka-nozna\/oliwier-kwiatkowski\" rel=\"nofollow noopener\" target=\"_blank\">Oliwier Kwiatkowski<\/a>\u00a0wykorzysta\u0142 z\u0142e wybicie <a href=\"https:\/\/sportowefakty.wp.pl\/pilka-nozna\/jiri-piroch\" rel=\"nofollow noopener\" target=\"_blank\">Jiriego Pirocha<\/a>\u00a0po do\u015brodkowaniu <a href=\"https:\/\/sportowefakty.wp.pl\/pilka-nozna\/jakub-apolinarski\" rel=\"nofollow noopener\" target=\"_blank\">Jakuba Apolinarskiego<\/a>. W 70. minucie po dobrej wymianie poda\u0144 Jakub Apolinarski pokona\u0142 zagubionego <a href=\"https:\/\/sportowefakty.wp.pl\/pilka-nozna\/artur-haluch\" rel=\"nofollow noopener\" target=\"_blank\">Artura Halucha<\/a>.<\/p>\n<p class=\"contentpart contentpart--default contentpart--text\" data-position=\"6\">W poniedzia\u0142ek dojdzie do meczu <a href=\"https:\/\/sportowefakty.wp.pl\/pilka-nozna\/ruch-chorzow\" rel=\"nofollow noopener\" target=\"_blank\">Ruchu Chorz\u00f3w<\/a>\u00a0z <a href=\"https:\/\/sportowefakty.wp.pl\/pilka-nozna\/pogon-grodzisk-mazowiecki\" rel=\"nofollow noopener\" target=\"_blank\">Pogoni\u0105 Grodzisk Mazowiecki<\/a>.<\/p>\n<p class=\"contentpart contentpart--default contentpart--text\" data-position=\"7\">30. kolejka <a href=\"https:\/\/sportowefakty.wp.pl\/pilka-nozna\/betclic-i-liga\" rel=\"nofollow noopener\" target=\"_blank\">Betclic I ligi<\/a>:<\/p>\n<p class=\"contentpart contentpart--default contentpart--text\" data-position=\"8\"><a href=\"https:\/\/sportowefakty.wp.pl\/pilka-nozna\/wieczysta-krakow\" rel=\"nofollow noopener\" target=\"_blank\">Wieczysta Krak\u00f3w<\/a>\u00a0&#8211; <a href=\"https:\/\/sportowefakty.wp.pl\/pilka-nozna\/gks-tychy\" rel=\"nofollow noopener\" target=\"_blank\">GKS Tychy<\/a>\u00a02:0 (1:0)<br \/>1:0 &#8211; Stefan Feiertag 45&#8242;<br \/>2:0 &#8211; Mikkel Maigaard (k.) 63&#8242;<\/p>\n<p>  <img decoding=\"async\" src=\"https:\/\/v.wpimg.pl\/X3dwLnN2d1IFFTpdYUl6R0ZNbgcnEHQREVV2TGEGbUtRT2MdOlZ2RBQUKABgQjQcDRotCStBd1IAAWMeIlM7VgwYIAorQAdEFFk_GCkQJQ\" alt=\"\" width=\"45\" height=\"58\" loading=\"lazy\"\/>  <\/p>\n<p class=\"contentpart contentpart--default contentpart--text\" data-position=\"9\"><a href=\"https:\/\/sportowefakty.wp.pl\/pilka-nozna\/odra-opole\" rel=\"nofollow noopener\" target=\"_blank\">Odra Opole<\/a>\u00a0&#8211; <a href=\"https:\/\/sportowefakty.wp.pl\/pilka-nozna\/polonia-bytom\" rel=\"nofollow noopener\" target=\"_blank\">Polonia Bytom<\/a>\u00a00:2 (0:0)<br \/>0:1 &#8211; Oliwier Kwiatkowski 62&#8242;<br \/>0:2 &#8211; Jakub Apolinarski 70&#8242;<\/p>\n<p class=\"contentpart contentpart--default contentpart--text\" data-position=\"10\">Tabela <a href=\"https:\/\/sportowefakty.wp.pl\/pilka-nozna\/betclic-i-liga\" rel=\"nofollow noopener\" target=\"_blank\">Betclic I ligi<\/a>:<\/p>\n<p>    Tabela zapewniona przez <a target=\"_blank\" href=\"https:\/\/www.sofascore.com\/pl\/football\/tournament\/poland\/i-liga\/229#id:77153\" rel=\"nofollow noopener\">Sofascore<\/a>   <\/p>\n","protected":false},"excerpt":{"rendered":"Wieczysta Krak\u00f3w\u00a0gra\u0142a w drugim meczu z rz\u0119du z przeciwnikiem z wojew\u00f3dztwa \u015bl\u0105skiego.\u00a0 W czwartek by\u0142a mocniejsza 4:3 w&hellip;\n","protected":false},"author":2,"featured_media":391896,"comment_status":"","ping_status":"","sticky":false,"template":"","format":"standard","meta":{"footnotes":"","_share_on_mastodon":"0"},"categories":[51606],"tags":[3640,3639,1304,17880,4547,269,42,38,40,7174,39,41,11974,62696,3651],"class_list":["post-391895","post","type-post","status-publish","format-standard","has-post-thumbnail","category-krakow","tag-betclic-i-liga","tag-gks-tychy","tag-krakow","tag-odra-opole","tag-opole","tag-pilka-nozna","tag-pl","tag-poland","tag-polish","tag-polonia-bytom","tag-polska","tag-polski","tag-stadion-miejski-im-henryka-reymana-w-krakowie","tag-stadion-miejski-w-opolu","tag-wieczysta-krakow"],"share_on_mastodon":{"url":"https:\/\/pubeurope.com\/@pl\/116472868093204296","error":""},"_links":{"self":[{"href":"https:\/\/www.europesays.com\/pl\/wp-json\/wp\/v2\/posts\/391895","targetHints":{"allow":["GET"]}}],"collection":[{"href":"https:\/\/www.europesays.com\/pl\/wp-json\/wp\/v2\/posts"}],"about":[{"href":"https:\/\/www.europesays.com\/pl\/wp-json\/wp\/v2\/types\/post"}],"author":[{"embeddable":true,"href":"https:\/\/www.europesays.com\/pl\/wp-json\/wp\/v2\/users\/2"}],"replies":[{"embeddable":true,"href":"https:\/\/www.europesays.com\/pl\/wp-json\/wp\/v2\/comments?post=391895"}],"version-history":[{"count":0,"href":"https:\/\/www.europesays.com\/pl\/wp-json\/wp\/v2\/posts\/391895\/revisions"}],"wp:featuredmedia":[{"embeddable":true,"href":"https:\/\/www.europesays.com\/pl\/wp-json\/wp\/v2\/media\/391896"}],"wp:attachment":[{"href":"https:\/\/www.europesays.com\/pl\/wp-json\/wp\/v2\/media?parent=391895"}],"wp:term":[{"taxonomy":"category","embeddable":true,"href":"https:\/\/www.europesays.com\/pl\/wp-json\/wp\/v2\/categories?post=391895"},{"taxonomy":"post_tag","embeddable":true,"href":"https:\/\/www.europesays.com\/pl\/wp-json\/wp\/v2\/tags?post=391895"}],"curies":[{"name":"wp","href":"https:\/\/api.w.org\/{rel}","templated":true}]}}