{"id":392015,"date":"2026-04-26T21:51:20","date_gmt":"2026-04-26T21:51:20","guid":{"rendered":"https:\/\/www.europesays.com\/pl\/392015\/"},"modified":"2026-04-26T21:51:20","modified_gmt":"2026-04-26T21:51:20","slug":"polska-mysl-naukowo-trenerska-wyrozniona-na-miedzynarodowej-konferencji-w-japonii","status":"publish","type":"post","link":"https:\/\/www.europesays.com\/pl\/392015\/","title":{"rendered":"Polska my\u015bl naukowo-trenerska wyr\u00f3\u017cniona na mi\u0119dzynarodowej konferencji w Japonii"},"content":{"rendered":"<p>Podczas International Conference on Sports Science &amp; Technology w Okinawie zesp\u00f3\u0142 naukowy kierowany przez Paw\u0142a Drag\u0119 zosta\u0142 uhonorowany nagrod\u0105 za innowacyjn\u0105 metod\u0119 oceny mocy ko\u0144czyn g\u00f3rnych, uwzgl\u0119dniaj\u0105c\u0105 specyficzne potrzeby ruchowe wspinaczki.<\/p>\n<p><a href=\"https:\/\/wspinanie.pl\/wp-content\/uploads\/2026\/04\/1000114915.jpg\" data-rel=\"lightbox-gallery-cEdyhRWd\" data-rl_title=\"Pawe\u0142 Draga podczas prezentacji pracy na Okinawie (fot., arch. Pawe\u0142 Draga)\" data-rl_caption=\"\" title=\"Pawe\u0142 Draga podczas prezentacji pracy na Okinawie (fot., arch. Pawe\u0142 Draga)\" rel=\"nofollow noopener\" target=\"_blank\"><img fetchpriority=\"high\" decoding=\"async\" class=\"size-large wp-image-303203\" src=\"https:\/\/www.europesays.com\/pl\/wp-content\/uploads\/2026\/04\/1000114915-620x465.jpg\" alt=\"Pawe\u0142 Draga podczas prezentacji pracy na Okinawie (fot., arch. Pawe\u0142 Draga)\" width=\"620\" height=\"465\"  \/><\/a>Pawe\u0142 Draga podczas prezentacji pracy na Okinawie (fot., arch. Pawe\u0142 Draga)<\/p>\n<p style=\"text-align: center\">***<\/p>\n<p>W Okinawie zaprezentowano badanie wykorzystuj\u0105ce kamer\u0119 g\u0142\u0119bi 3D, kt\u00f3ra bez marker\u00f3w i bez czujnik\u00f3w zak\u0142adanych na cia\u0142o potrafi analizowa\u0107 ruch zawodnika. System \u015bledzi sylwetk\u0119, rozpoznaje ustawienie staw\u00f3w, mierzy pr\u0119dko\u015b\u0107, przyspieszenie oraz po\u0142o\u017cenie \u015brodka ci\u0119\u017cko\u015bci.<\/p>\n<p>Dostarczanie takich informacji ma istotn\u0105 warto\u015b\u0107 praktyczn\u0105, co by\u0142o jednym z g\u0142\u00f3wnych cel\u00f3w przedsi\u0119wzi\u0119cia. System umo\u017cliwia monitorowanie relacji mi\u0119dzy moc\u0105, si\u0142\u0105 i pr\u0119dko\u015bci\u0105 oraz bardzo dok\u0142adne profilowanie treningu zawodnika. W praktyce pozwala odpowiedzie\u0107 na konkretne pytania:<\/p>\n<p>czy zawodnikowi brakuje maksymalnej si\u0142y,<br \/>\nczy jest silny, ale zbyt wolny,<br \/>\nczy traci dynamik\u0119 przez zm\u0119czenie,<br \/>\nczy trening zmierza we w\u0142a\u015bciwym kierunku, czy wyst\u0119puje adaptacja, czy przetrenowanie.<\/p>\n<p><a href=\"https:\/\/wspinanie.pl\/wp-content\/uploads\/2026\/04\/1000115381.jpg\" data-rel=\"lightbox-gallery-cEdyhRWd\" data-rl_title=\"\u201eMarkerless Depth Sensing for Upper Limb Power Assessment In Climbing Sj And Cmj\u201d, Pawe\u0142 Draga, Dominik Pandurevic\" data-rl_caption=\"\" title=\"\u201eMarkerless Depth Sensing for Upper Limb Power Assessment In Climbing Sj And Cmj\u201d, Pawe\u0142 Draga, Dominik Pandurevic\" rel=\"nofollow noopener\" target=\"_blank\"><img loading=\"lazy\" decoding=\"async\" class=\"size-large wp-image-303204\" src=\"https:\/\/www.europesays.com\/pl\/wp-content\/uploads\/2026\/04\/1000115381-620x884.jpg\" alt=\"\u201eMarkerless Depth Sensing for Upper Limb Power Assessment In Climbing Sj And Cmj\u201d, Pawe\u0142 Draga, Dominik Pandurevic\" width=\"620\" height=\"884\"  \/><\/a>\u201eMarkerless Depth Sensing for Upper Limb Power Assessment In Climbing Sj And Cmj\u201d, Pawe\u0142 Draga, Dominik Pandurevic<\/p>\n<p>Ka\u017cdy wie jak trudno czasem oceni\u0107 aktualn\u0105 form\u0119 zawodnika. Kto\u015b wygl\u0105da na mocnego, ale brakuje mu dynamiki. Kto\u015b czuje si\u0119 dobrze, ale parametry spadaj\u0105. Dzi\u0119ki takim narz\u0119dziom mo\u017cna szybciej wychwyci\u0107 sygna\u0142y zm\u0119czenia albo niedobory si\u0142owe i odpowiednio zmodyfikowa\u0107 trening \u2013 w\u0142a\u015bnie na podstawie spadku pr\u0119dko\u015bci i mocy, a nie wy\u0142\u0105cznie warto\u015bci si\u0142y maksymalnej, kt\u00f3ra nie zawsze musi si\u0119 obni\u017ca\u0107.<\/p>\n<p>Warto podkre\u015bli\u0107, \u017ce nie jest to pierwszy mi\u0119dzynarodowy sukces Paw\u0142a. W 2024 roku zosta\u0142 r\u00f3wnie\u017c wyr\u00f3\u017cniony podczas <a href=\"https:\/\/wspinanie.pl\/2024\/11\/pawel-draga-trener-nagroda\/\" rel=\"nofollow noopener\" target=\"_blank\">ASCA International Conference on Applied Strength &amp; Conditioning w Brisbane<\/a> \u2013 jednej z najbardziej cenionych konferencji strength &amp; conditioning na \u015bwiecie \u2013 za projekt badawczy realizowany r\u00f3wnie\u017c na wspinaczach.<\/p>\n<p><a href=\"https:\/\/wspinanie.pl\/wp-content\/uploads\/2026\/04\/20260425_123320.jpg\" data-rel=\"lightbox-gallery-cEdyhRWd\" data-rl_title=\"Pawe\u0142 Draga z wyr\u00f3\u017cnieniem\" data-rl_caption=\"\" title=\"Pawe\u0142 Draga z wyr\u00f3\u017cnieniem\" rel=\"nofollow noopener\" target=\"_blank\"><img loading=\"lazy\" decoding=\"async\" class=\"size-large wp-image-303205\" src=\"https:\/\/www.europesays.com\/pl\/wp-content\/uploads\/2026\/04\/20260425_123320-620x687.jpg\" alt=\"Pawe\u0142 Draga z wyr\u00f3\u017cnieniem\" width=\"620\" height=\"687\"  \/><\/a>Pawe\u0142 Draga z wyr\u00f3\u017cnieniem<\/p>\n<p>Na co dzie\u0144 Pawe\u0142 pracuje jako naukowiec na oraz pe\u0142ni rol\u0119 konsultanta dla wielu reprezentacji sportowych.\u00a0Podczas odbierania nagrody podzi\u0119kowa\u0142 zawodniczkom seniorskiej reprezentacji Polski we wspinaczce sportowej za udzia\u0142 w badaniach, trenerowi kadry za wsparcie projektu.<\/p>\n<p>CIESZ SI\u0118 WSPINANIEM, CIESZ SI\u0118 CZYTANIEM<\/p>\n<p>Mamy nadziej\u0119, \u017ce ten tekst Ci si\u0119 spodoba\u0142, \u017ce Ci\u0119 zainspirowa\u0142, zaciekawi\u0142, dostarczy\u0142 Ci informacji. Je\u015bli tak to zach\u0119camy Ci\u0119 do wsparcia serwisu. Dzi\u0119ki Tobie b\u0119dziemy mogli dzia\u0142a\u0107 jeszcze lepiej. Wielkie dzi\u0119ki! Do zobaczenia na \u015bciance albo w ska\u0142ach.<\/p>\n","protected":false},"excerpt":{"rendered":"Podczas International Conference on Sports Science &amp; Technology w Okinawie zesp\u00f3\u0142 naukowy kierowany przez Paw\u0142a Drag\u0119 zosta\u0142 uhonorowany&hellip;\n","protected":false},"author":2,"featured_media":392016,"comment_status":"","ping_status":"","sticky":false,"template":"","format":"standard","meta":{"footnotes":"","_share_on_mastodon":"0"},"categories":[12],"tags":[7204,3760,8119,42,38,40,39,41,8117,8118,5047],"class_list":["post-392015","post","type-post","status-publish","format-standard","has-post-thumbnail","category-polska","tag-alpinizm","tag-gory","tag-himalaizm","tag-pl","tag-poland","tag-polish","tag-polska","tag-polski","tag-skialpinizm","tag-taternictwo","tag-wspinaczka"],"share_on_mastodon":{"url":"https:\/\/pubeurope.com\/@pl\/116473225800770343","error":""},"_links":{"self":[{"href":"https:\/\/www.europesays.com\/pl\/wp-json\/wp\/v2\/posts\/392015","targetHints":{"allow":["GET"]}}],"collection":[{"href":"https:\/\/www.europesays.com\/pl\/wp-json\/wp\/v2\/posts"}],"about":[{"href":"https:\/\/www.europesays.com\/pl\/wp-json\/wp\/v2\/types\/post"}],"author":[{"embeddable":true,"href":"https:\/\/www.europesays.com\/pl\/wp-json\/wp\/v2\/users\/2"}],"replies":[{"embeddable":true,"href":"https:\/\/www.europesays.com\/pl\/wp-json\/wp\/v2\/comments?post=392015"}],"version-history":[{"count":0,"href":"https:\/\/www.europesays.com\/pl\/wp-json\/wp\/v2\/posts\/392015\/revisions"}],"wp:featuredmedia":[{"embeddable":true,"href":"https:\/\/www.europesays.com\/pl\/wp-json\/wp\/v2\/media\/392016"}],"wp:attachment":[{"href":"https:\/\/www.europesays.com\/pl\/wp-json\/wp\/v2\/media?parent=392015"}],"wp:term":[{"taxonomy":"category","embeddable":true,"href":"https:\/\/www.europesays.com\/pl\/wp-json\/wp\/v2\/categories?post=392015"},{"taxonomy":"post_tag","embeddable":true,"href":"https:\/\/www.europesays.com\/pl\/wp-json\/wp\/v2\/tags?post=392015"}],"curies":[{"name":"wp","href":"https:\/\/api.w.org\/{rel}","templated":true}]}}