{"id":392162,"date":"2026-04-26T23:49:08","date_gmt":"2026-04-26T23:49:08","guid":{"rendered":"https:\/\/www.europesays.com\/pl\/392162\/"},"modified":"2026-04-26T23:49:08","modified_gmt":"2026-04-26T23:49:08","slug":"niemcy-w-nowym-sondazu-odnotowano-rekordowe-poparcie-dla-afd","status":"publish","type":"post","link":"https:\/\/www.europesays.com\/pl\/392162\/","title":{"rendered":"Niemcy: W nowym sonda\u017cu odnotowano rekordowe poparcie dla AfD"},"content":{"rendered":"\n<p>&#13;<br \/>\nPodano wyniki sonda\u017c Insa dla\u00a0&#8222;Bild am Sonntag&#8221;. Jak wskazuj\u0105 niemieckie media, poparcie dla\u00a0AfD, najwi\u0119kszej obecnie partii opozycyjnej w\u00a0Niemczech, ro\u015bnie do\u00a0poziomu, kt\u00f3rego wcze\u015bniej nie\u00a0notowano w\u00a0tym sonda\u017cu. Poparcie na\u00a0poziomie 28 proc. oznacza przekroczenie dotychczasowego maksimum, kt\u00f3re wynosi\u0142o 27 proc. &#13;\n<\/p>\n<p>&#13;<br \/>\nW badaniu poparcie dla\u00a0CDU\/CSU zadeklarowa\u0142o 24 proc. ankietowanych, a\u00a0dla SPD 14 proc. Partia Zielonych traci 1\u00a0pkt proc. i\u00a0ma poparcie 12 proc. respondent\u00f3w. Lewica osi\u0105gn\u0119\u0142a 11 proc., a\u00a0skrajnie lewicowa BSW oraz\u00a0liberalna FDP znalaz\u0142y si\u0119 poni\u017cej 5-procentowego progu wyborczego. Sonda\u017c Insa zrealizowano w\u00a0dniach 20-24 kwietnia na\u00a0reprezentatywnej pr\u00f3bie 1203 wyborc\u00f3w. &#13;\n<\/p>\n<p>&#13;<br \/>\nSonda\u017cowe poparcie przeliczono na\u00a0mandaty. &#8222;Z\u00a0wylicze\u0144 wynika, \u017ce\u00a0rz\u0105dz\u0105ca od\u00a0maja 2025 roku koalicja kanclerza Friedricha Merza (CDU\/CSU i\u00a0SPD) nie\u00a0mia\u0142aby obecnie wymaganej wi\u0119kszo\u015bci. Aby\u00a0j\u0105 zbudowa\u0107, musia\u0142aby rozszerzy\u0107 wsp\u00f3\u0142prac\u0119 o\u00a0Zielonych lub\u00a0Lewic\u0119. Pozosta\u0142e partie zasiadaj\u0105ce w\u00a0Bundestagu wykluczaj\u0105 koalicj\u0119 z\u00a0AfD. <a href=\"https:\/\/dorzeczy.pl\/swiat\/866332\/afd-chce-przejac-wladze-w-niemczech-chrupalla-chcemy-miec-funkcje-kanclerza.html\" title=\"Oto cel AfD. Szef partii ujawnia\" rel=\"nofollow noopener\" target=\"_blank\">Ugrupowanie kierowane przez Alice Weidel<\/a> i\u00a0Tino Chrupall\u0119 opowiada si\u0119 m.in. za\u00a0wyj\u015bciem wojsk USA z\u00a0Niemiec i\u00a0usuni\u0119ciem z\u00a0terytorium kraju ameryka\u0144skiej broni atomowej&#8221; \u2013\u00a0opisuje Wirtualna Polska. &#13;\n<\/p>\n<p>Gwa\u0142towny spadek poparcia dla\u00a0kanclerza i\u00a0wicekanclerza Niemiec<\/p>\n<p>&#13;<br \/>\nSonda\u017c z\u00a0pocz\u0105tku kwietnia pokaza\u0142 wyra\u017any jest spadek zaufania do\u00a0lider\u00f3w koalicji. <a href=\"https:\/\/dorzeczy.pl\/opinie\/854870\/zenujace-zachowanie-niemcy-miazdza-merza-po-wizycie-w-usa.html\" rel=\"nofollow noopener\" target=\"_blank\">Kanclerz Friedrich Merz<\/a> mo\u017ce liczy\u0107 na\u00a0poparcie 21 proc. respondent\u00f3w, co\u00a0stanowi spadek a\u017c\u00a0o\u00a08 punkt\u00f3w procentowych. Poparcie dla\u00a0wicekanclerza Larsa Klingbeila z\u00a0SPD wynosi 18 proc., co\u00a0jest jeszcze wi\u0119kszym, bo\u00a015-punktowym, spadkiem wobec poprzedniego badania. Obaj politycy uzyskali najs\u0142absze wyniki w\u00a0rankingu zaufania od\u00a0czasu obj\u0119cia w\u0142adzy w\u00a0Niemczech przez obecna ekip\u0119 rz\u0105dz\u0105c\u0105. &#13;\n<\/p>\n<p>&#13;<br \/>\nPodobnie wygl\u0105da sytuacja w\u00a0przypadku poparcia dla\u00a0partii politycznych. Gdyby wybory do\u00a0Bundestagu odby\u0142y si\u0119 dzisiaj, CDU\/CSU oraz\u00a0SPD nie\u00a0mog\u0142yby liczy\u0107 na\u00a0uzyskanie wi\u0119kszo\u015bci. &#13;\n<\/p>\n<p>&#13;<br \/>\n&#8222;W\u00a0por\u00f3wnaniu z\u00a0marcem chadecy i\u00a0socjaldemokraci stracili po\u00a0dwa punkty procentowe. Chadecja uzyska\u0142aby obecnie 26 procent, a\u00a0SPD tylko dwana\u015bcie procent. Socjaldemokraci spadaj\u0105 tym samym do\u00a0rekordowo niskiego poziomu z\u00a02019 roku&#8221; \u2013\u00a0podaje dw.com. &#13;\n<\/p>\n<p>&#13;<br \/>\nZ kolei Alternatywa dla\u00a0Niemiec (AfD) zyska\u0142a dwa punkty procentowe i\u00a0mo\u017ce liczy\u0107 na\u00a025 procent poparcie. Zieloni i\u00a0Lewica zyskali natomiast po\u00a0jednym punkcie \u2013\u00a0ka\u017cde z\u00a0ugrupowa\u0144 ma\u00a0teraz odpowiednio \u2013\u00a014 i\u00a010 procent. Pozosta\u0142e ugrupowania pozostaj\u0105 poni\u017cej progu wyborczego, w\u00a0tym Sojusz Sahry Wagenknecht (BSW) i\u00a0Wolni Demokraci (FDP), kt\u00f3rzy maj\u0105 po\u00a0trzy procent. &#13;\n<\/p>\n<p>&#13;<br \/>\nCzytaj te\u017c:<br \/><a href=\"https:\/\/dorzeczy.pl\/swiat\/866776\/pierwszy-krok-afd-u-wladzy-wycofanie-wojsk-usa-z-niemiec.html\" rel=\"follow nofollow noopener\" data-schema=\"DORZECZY\" data-image=\"https:\/\/img.dorzeczy.pl\/_thumb\/07\/32\/0e12329be8036d1231ce60b5f459.jpeg\" target=\"_blank\">Pierwszy krok AfD u\u00a0w\u0142adzy? Wycofanie ameryka\u0144skich wojsk z\u00a0Niemiec<\/a>&#13;<\/p>\n","protected":false},"excerpt":{"rendered":"&#13; Podano wyniki sonda\u017c Insa dla\u00a0&#8222;Bild am Sonntag&#8221;. Jak wskazuj\u0105 niemieckie media, poparcie dla\u00a0AfD, najwi\u0119kszej obecnie partii opozycyjnej&hellip;\n","protected":false},"author":2,"featured_media":392163,"comment_status":"","ping_status":"","sticky":false,"template":"","format":"standard","meta":{"footnotes":"","_share_on_mastodon":"0"},"categories":[14],"tags":[854,32,33,98,27,34,35,28,31,25,295,40,41,366,80,29,30,26,82,83,84,3654],"class_list":["post-392162","post","type-post","status-publish","format-standard","has-post-thumbnail","category-swiat","tag-afd","tag-breaking-news","tag-breakingnews","tag-dorzeczy","tag-headlines","tag-latest-news","tag-latestnews","tag-naglowki","tag-najwazniejsze-artykuly","tag-news","tag-niemcy","tag-polish","tag-polski","tag-sondaz","tag-swiat","tag-top-stories","tag-topstories","tag-wiadomosci","tag-world","tag-world-news","tag-worldnews","tag-wybory"],"share_on_mastodon":{"url":"https:\/\/pubeurope.com\/@pl\/116473689782341971","error":""},"_links":{"self":[{"href":"https:\/\/www.europesays.com\/pl\/wp-json\/wp\/v2\/posts\/392162","targetHints":{"allow":["GET"]}}],"collection":[{"href":"https:\/\/www.europesays.com\/pl\/wp-json\/wp\/v2\/posts"}],"about":[{"href":"https:\/\/www.europesays.com\/pl\/wp-json\/wp\/v2\/types\/post"}],"author":[{"embeddable":true,"href":"https:\/\/www.europesays.com\/pl\/wp-json\/wp\/v2\/users\/2"}],"replies":[{"embeddable":true,"href":"https:\/\/www.europesays.com\/pl\/wp-json\/wp\/v2\/comments?post=392162"}],"version-history":[{"count":0,"href":"https:\/\/www.europesays.com\/pl\/wp-json\/wp\/v2\/posts\/392162\/revisions"}],"wp:featuredmedia":[{"embeddable":true,"href":"https:\/\/www.europesays.com\/pl\/wp-json\/wp\/v2\/media\/392163"}],"wp:attachment":[{"href":"https:\/\/www.europesays.com\/pl\/wp-json\/wp\/v2\/media?parent=392162"}],"wp:term":[{"taxonomy":"category","embeddable":true,"href":"https:\/\/www.europesays.com\/pl\/wp-json\/wp\/v2\/categories?post=392162"},{"taxonomy":"post_tag","embeddable":true,"href":"https:\/\/www.europesays.com\/pl\/wp-json\/wp\/v2\/tags?post=392162"}],"curies":[{"name":"wp","href":"https:\/\/api.w.org\/{rel}","templated":true}]}}