{"id":392274,"date":"2026-04-27T01:56:18","date_gmt":"2026-04-27T01:56:18","guid":{"rendered":"https:\/\/www.europesays.com\/pl\/392274\/"},"modified":"2026-04-27T01:56:18","modified_gmt":"2026-04-27T01:56:18","slug":"szokujaca-wypowiedz-tuska-dla-financial-times-jest-reakcja-palacu-prezydenckiego","status":"publish","type":"post","link":"https:\/\/www.europesays.com\/pl\/392274\/","title":{"rendered":"Szokuj\u0105ca wypowiedz Tuska dla \u201eFinancial Times\u201d. Jest reakcja Pa\u0142acu Prezydenckiego"},"content":{"rendered":"<p>Co musisz wiedzie\u0107:<\/p>\n<p>Zbigniew Bogucki ostro skrytykowa\u0142 s\u0142owa Donalda Tuska o w\u0105tpliwo\u015bciach wobec gwarancji NATO.<br \/>\nSzef KPRP nazwa\u0142 wypowied\u017a premiera \u201eskrajnie nieodpowiedzialn\u0105\u201d i sprzeczn\u0105 z polskim interesem narodowym.<br \/>\nBogucki oceni\u0142, \u017ce takie s\u0142owa wpisuj\u0105 si\u0119 w \u201erosyjsk\u0105 narracj\u0119\u201d podwa\u017caj\u0105c\u0105 jedno\u015b\u0107 sojuszu.<br \/>\nPremier w wywiadzie dla \u201eFinancial Times\u201d m\u00f3wi\u0142 o w\u0105tpliwo\u015bciach co do praktycznego dzia\u0142ania art. 5 NATO w razie zagro\u017cenia.<\/p>\n<p>\u201eTo jest skrajna nieodpowiedzialno\u015b\u0107\u201d<\/p>\n<p>Wed\u0142ug Boguckiego, wypowied\u017a premiera jest \u201edalece nieprawid\u0142owa\u201d i \u201eskrajnie nieodpowiedzialna\u201d. &#8211; To jest skrajna nieodpowiedzialno\u015b\u0107, podwa\u017canie jedyno\u015bci NATO i rozwa\u017canie o kwestii reakcji poszczeg\u00f3lnych jego cz\u0142onk\u00f3w, w tym najwa\u017cniejszego cz\u0142onka, m\u00f3wi\u0119 tu USA, jest po prostu w poprzek polskiego interesu narodowego i polskiej obrony narodowej &#8211; oceni\u0142 szef KPRP w Polsat News.<\/p>\n<p>&#8211; To si\u0119 niestety wpisuje w tak\u0105 podprogow\u0105 rusk\u0105 narracj\u0119, to znaczy, \u017ce Sojusz jest niezdolny do odpowiedzi, to znaczy, \u017ce Sojusz mo\u017cna rozbija\u0107, to znaczy, \u017ce Sojusz mo\u017cna dzieli\u0107, to znaczy, \u017ce mo\u017cna zrywa\u0107 stosunki transatlantyckie mi\u0119dzy Europ\u0105 i Stanami Zjednoczonymi. Rosjanie, Putin tylko na to czekaj\u0105 &#8211; podkre\u015bli\u0142 Bogucki.<\/p>\n<p>\u201eAlbo nie rozumie polityki, albo jest jeszcze gorzej\u201d<\/p>\n<p>Oceni\u0142 te\u017c, \u017ce je\u017celi kto\u015b wypowiada si\u0119 w ten spos\u00f3b to \u201ealbo nie rozumie polityki, albo jest jeszcze gorzej\u201d.<\/p>\n<p>&#8211; Dlaczego najwa\u017cniejsze pa\u0144stwa Unii Europejskiej wtedy, kiedy USA, m.in. Donald Trump, nawo\u0142ywa\u0142y do tego, \u017ceby wywi\u0105zywa\u0107 si\u0119 z zobowi\u0105za\u0144 sojuszniczych w ramach NATO, zamiast k\u0142a\u015b\u0107 odpowiednie pieni\u0105dze na obron\u0119 narodow\u0105, na rozw\u00f3j armii, na rozw\u00f3j bezpiecze\u0144stwa, zajmowali si\u0119 zakr\u0119tkami, krzywizn\u0105 banana, wpuszczaniem nielegalnych migrant\u00f3w? &#8211; pyta\u0142.<\/p>\n<p>Szokuj\u0105ce wypowiedz Tuska dla \u201eFinancial Times\u201d<\/p>\n<p>Donald Tusk powiedzia\u0142 w opublikowanym w pi\u0105tek wywiadzie dla \u201eFinancial Times\u201d, \u017ce czasami \u201ema pewne problemy\u201d z wiar\u0105, \u017ce artyku\u0142 5 Traktatu Waszyngto\u0144skiego o wzajemnej obronie sojusznik\u00f3w w NATO nadal obowi\u0105zuje. Podkre\u015bli\u0142, \u017ce USA traktuj\u0105 Polsk\u0119 jako jednego z najlepszych i najbli\u017cszych sojusznik\u00f3w w Europie, ale kluczowe jest, jak zadzia\u0142a\u0142oby to w praktyce, gdyby \u201eco\u015b si\u0119 wydarzy\u0142o\u201d.<\/p>\n<p>Tusk powiedzia\u0142 w rozmowie z gazet\u0105, \u017ce \u201enajwi\u0119kszym i najwa\u017cniejszym pytaniem dla Europy jest to, czy Stany Zjednoczone s\u0105 gotowe by\u0107 tak lojalne, jak opisano to w naszych traktatach (NATO)\u201d. Ostrzeg\u0142 jednocze\u015bnie, \u017ce Rosja mo\u017ce zaatakowa\u0107 cz\u0142onka Sojuszu w perspektywie \u201eraczej miesi\u0119cy ni\u017c lat\u201d.<\/p>\n<p>W rozmowie z brytyjskim dziennikiem Tusk stwierdzi\u0142, \u017ce UE powinna wzmocni\u0107 w\u0142asn\u0105 klauzul\u0119 wzajemnej obrony zawart\u0105 w art. 42 ust. 7 Traktatu o Unii Europejskiej.<\/p>\n<p>Dziennik, nazywaj\u0105c stwierdzenia Tuska \u201eniezwyk\u0142\u0105 wypowiedzi\u0105\u201d, podkre\u015bli\u0142, \u017ce odzwierciedla ona niepewno\u015b\u0107 rosn\u0105c\u0105 w Europie po gro\u017abach prezydenta USA Donalda Trumpa i jego chwiejnym zaanga\u017cowaniu w obron\u0119 kontynentu. (PAP)<\/p>\n<p>\u00a0<\/p>\n","protected":false},"excerpt":{"rendered":"Co musisz wiedzie\u0107: Zbigniew Bogucki ostro skrytykowa\u0142 s\u0142owa Donalda Tuska o w\u0105tpliwo\u015bciach wobec gwarancji NATO. Szef KPRP nazwa\u0142&hellip;\n","protected":false},"author":2,"featured_media":392275,"comment_status":"","ping_status":"","sticky":false,"template":"","format":"standard","meta":{"footnotes":"","_share_on_mastodon":"0"},"categories":[62713],"tags":[210,113,61546,1345,190,291,399,5567,49,261,102,907,39,7870,80,17258,26,1092],"class_list":["post-392274","post","type-post","status-publish","format-standard","has-post-thumbnail","category-donald-tusk","tag-aktualnosci","tag-biznes","tag-blogi","tag-donald-tusk","tag-gospodarka","tag-historia","tag-informacje","tag-komentarze","tag-kraj","tag-kultura","tag-opinie","tag-polityka","tag-polska","tag-solidarnosc","tag-swiat","tag-tygodnik","tag-wiadomosci","tag-wydarzenia"],"share_on_mastodon":{"url":"https:\/\/pubeurope.com\/@pl\/116474189110181204","error":""},"_links":{"self":[{"href":"https:\/\/www.europesays.com\/pl\/wp-json\/wp\/v2\/posts\/392274","targetHints":{"allow":["GET"]}}],"collection":[{"href":"https:\/\/www.europesays.com\/pl\/wp-json\/wp\/v2\/posts"}],"about":[{"href":"https:\/\/www.europesays.com\/pl\/wp-json\/wp\/v2\/types\/post"}],"author":[{"embeddable":true,"href":"https:\/\/www.europesays.com\/pl\/wp-json\/wp\/v2\/users\/2"}],"replies":[{"embeddable":true,"href":"https:\/\/www.europesays.com\/pl\/wp-json\/wp\/v2\/comments?post=392274"}],"version-history":[{"count":0,"href":"https:\/\/www.europesays.com\/pl\/wp-json\/wp\/v2\/posts\/392274\/revisions"}],"wp:featuredmedia":[{"embeddable":true,"href":"https:\/\/www.europesays.com\/pl\/wp-json\/wp\/v2\/media\/392275"}],"wp:attachment":[{"href":"https:\/\/www.europesays.com\/pl\/wp-json\/wp\/v2\/media?parent=392274"}],"wp:term":[{"taxonomy":"category","embeddable":true,"href":"https:\/\/www.europesays.com\/pl\/wp-json\/wp\/v2\/categories?post=392274"},{"taxonomy":"post_tag","embeddable":true,"href":"https:\/\/www.europesays.com\/pl\/wp-json\/wp\/v2\/tags?post=392274"}],"curies":[{"name":"wp","href":"https:\/\/api.w.org\/{rel}","templated":true}]}}