{"id":392421,"date":"2026-04-27T04:41:14","date_gmt":"2026-04-27T04:41:14","guid":{"rendered":"https:\/\/www.europesays.com\/pl\/392421\/"},"modified":"2026-04-27T04:41:14","modified_gmt":"2026-04-27T04:41:14","slug":"benzyna-letnia-od-1-maja-duza-zmiana-na-stacjach-paliw-w-polsce","status":"publish","type":"post","link":"https:\/\/www.europesays.com\/pl\/392421\/","title":{"rendered":"Benzyna letnia od 1 maja. Du\u017ca zmiana na stacjach paliw w Polsce"},"content":{"rendered":"\n<p>&#13;<br \/>\nZmiany dotycz\u0105 LPG i\u00a0oleju nap\u0119dowego. R\u00f3\u017cnice pojawi\u0105 si\u0119 jednak r\u00f3wnie\u017c w\u00a0przypadku benzyny. Tu kluczow\u0105 rol\u0119 odgrywa lotno\u015b\u0107 paliwa. &#13;\n<\/p>\n<p>&#13;<br \/>\n&#8222;Zimowa benzyna zawiera wi\u0119cej l\u017cejszych frakcji, co\u00a0u\u0142atwia rozruch silnika nawet podczas du\u017cych mroz\u00f3w. Dodatkowo, stosowane s\u0105 specjalne dodatki czyszcz\u0105ce, kt\u00f3re chroni\u0105 uk\u0142ad paliwowy przed zanieczyszczeniami i\u00a0korozj\u0105&#8221; \u2013\u00a0czytamy na\u00a0rmf24.pl. &#13;\n<\/p>\n<p>&#13;<br \/>\nJak podaje radio, &#8222;letnia odmiana benzyny charakteryzuje si\u0119 mniejsz\u0105 lotno\u015bci\u0105&#8221;. Jej wy\u017cszy wska\u017anik w\u00a0cieplejszych porach roku m\u00f3g\u0142by spowodowa\u0107 niebezpieczne sytuacje, takie jak cho\u0107by eksplozje podczas tankowania. &#13;\n<\/p>\n<p>&#13;<br \/>\nRMF24 podaje, \u017ce\u00a0letnia wersja benzyny trafi do\u00a0sprzeda\u017cy ju\u017c 1\u00a0maja. &#13;\n<\/p>\n<p>Tyle p\u0142acimy za\u00a0paliwo w\u00a0Polsce<\/p>\n<p>&#13;<br \/>\nW pi\u0105tek, 24 kwietnia <a href=\"https:\/\/dorzeczy.pl\/ekonomia\/877360\/ceny-paliw-w-polsce-tyle-zaplacimy-w-piatek-24-kwietnia.html\" rel=\"nofollow noopener\" target=\"_blank\">litr benzyny 95 kosztowa\u0142<\/a> nie\u00a0wi\u0119cej ni\u017c\u00a06,03 z\u0142, benzyny 98 \u2013\u00a06,62 z\u0142, a\u00a0oleju nap\u0119dowego \u2013\u00a06,79 z\u0142. Tak zdecydowa\u0142 minister energii. &#13;\n<\/p>\n<p>&#13;<br \/>\nDecyzja szefa ME oznacza, \u017ce\u00a0wzros\u0142a cena benzyny 95 i\u00a098, a\u00a0spad\u0142a cena diesela. &#13;\n<\/p>\n<p>&#13;<br \/>\nW czwartek (23 kwietnia) maksymalna cena dla\u00a0benzyny 95 wynosi\u0142a 5,97 z\u0142\/l, dla\u00a0benzyny 98 \u2013\u00a06,56 z\u0142\/l, a\u00a0dla oleju nap\u0119dowego \u2013\u00a06,71 z\u0142\/l. &#13;\n<\/p>\n<p>&#13;<br \/>\nW ramach przyj\u0119tego pod\u00a0koniec marca pakietu CPN (Ceny Paliwa Ni\u017cej) podatek VAT od\u00a0paliw zosta\u0142 obni\u017cony z\u00a023 proc. do\u00a08 proc., a\u00a0podatek akcyzowy \u2013\u00a0do\u00a0minimum przewidzianego przepisami Unii Europejskiej (o 29 gr na\u00a0benzyn\u0119 i\u00a0o\u00a028 gr na\u00a0olej nap\u0119dowy). &#13;\n<\/p>\n<p>Maksymalne ceny za\u00a0paliwa. Minister poda\u0142 stawki<\/p>\n<p>&#13;<br \/>\n<a href=\"https:\/\/dorzeczy.pl\/ekonomia\/877951\/ceny-paliw-na-weekend-minister-motyka-podjal-decyzje.html\" rel=\"nofollow noopener\" target=\"_blank\">Minister energii Mi\u0142osz Motyka poda\u0142<\/a> maksymalne stawki za\u00a0paliwa, kt\u00f3re b\u0119d\u0105 obowi\u0105zywa\u0142y od\u00a0soboty do\u00a0poniedzia\u0142ku w\u0142\u0105cznie. &#13;\n<\/p>\n<p>&#13;<br \/>\nZgodnie z\u00a0rozporz\u0105dzeniem ministra energii przez najbli\u017csze trzy dni litr benzyny 95 ma\u00a0kosztowa\u0107 nie\u00a0wi\u0119cej ni\u017c\u00a06,17 z\u0142, benzyny 98 \u2013\u00a06,71 z\u0142, a\u00a0oleju nap\u0119dowego \u2013\u00a07,01 z\u0142. &#13;\n<\/p>\n<p>&#13;<br \/>\nDla przypomnienia: w\u00a0pi\u0105tek litr benzyny 95 ma\u00a0kosztowa\u0107 nie\u00a0wi\u0119cej ni\u017c\u00a06,03 z\u0142, benzyny 98 \u2013\u00a06,62 z\u0142, a\u00a0oleju nap\u0119dowego \u2013\u00a06,79 z\u0142. &#13;\n<\/p>\n<p>&#13;<br \/>\nCzytaj te\u017c:<br \/><a href=\"https:\/\/dorzeczy.pl\/kraj\/877264\/gus-sprzedaz-detaliczna-ceny-stale-wzrosla-o-87-rr-w-marcu-konsensus-59.html\" rel=\"follow nofollow noopener\" data-schema=\"DORZECZY\" data-image=\"https:\/\/img.dorzeczy.pl\/_thumb\/81\/3e\/09da4db90ae1138f2b2db8e49c40.jpeg\" target=\"_blank\">Tak Polacy wydaj\u0105 pieni\u0105dze. Paliwa skoczy\u0142y w\u00a0g\u00f3r\u0119<\/a>Czytaj te\u017c:<br \/><a href=\"https:\/\/dorzeczy.pl\/ekonomia\/877117\/drogo-dopiero-bedzie-tyle-zdrozeja-paliwa-przez-ets2.html\" rel=\"follow nofollow noopener\" data-schema=\"DORZECZY\" data-image=\"https:\/\/img.dorzeczy.pl\/_thumb\/19\/5c\/1843d1b7d5fed5f76295b002d8cf.jpeg\" target=\"_blank\">Drogo dopiero b\u0119dzie? Tyle zdro\u017cej\u0105 paliwa przez ETS2<\/a>&#13;<\/p>\n","protected":false},"excerpt":{"rendered":"&#13; Zmiany dotycz\u0105 LPG i\u00a0oleju nap\u0119dowego. R\u00f3\u017cnice pojawi\u0105 si\u0119 jednak r\u00f3wnie\u017c w\u00a0przypadku benzyny. Tu kluczow\u0105 rol\u0119 odgrywa lotno\u015b\u0107&hellip;\n","protected":false},"author":2,"featured_media":392422,"comment_status":"","ping_status":"","sticky":false,"template":"","format":"standard","meta":{"footnotes":"","_share_on_mastodon":"0"},"categories":[16],"tags":[497,71249,113,112,98,105,49,6337,71250,38182,5021,42,38,40,39,41,9040,80],"class_list":["post-392421","post","type-post","status-publish","format-standard","has-post-thumbnail","category-biznes","tag-benzyna","tag-benzyna-letnia","tag-biznes","tag-business","tag-dorzeczy","tag-ekonomia","tag-kraj","tag-lpg","tag-nowe-paliwo","tag-olej-napedowy","tag-paliwo","tag-pl","tag-poland","tag-polish","tag-polska","tag-polski","tag-stacje-paliw","tag-swiat"],"share_on_mastodon":{"url":"https:\/\/pubeurope.com\/@pl\/116474837971515984","error":""},"_links":{"self":[{"href":"https:\/\/www.europesays.com\/pl\/wp-json\/wp\/v2\/posts\/392421","targetHints":{"allow":["GET"]}}],"collection":[{"href":"https:\/\/www.europesays.com\/pl\/wp-json\/wp\/v2\/posts"}],"about":[{"href":"https:\/\/www.europesays.com\/pl\/wp-json\/wp\/v2\/types\/post"}],"author":[{"embeddable":true,"href":"https:\/\/www.europesays.com\/pl\/wp-json\/wp\/v2\/users\/2"}],"replies":[{"embeddable":true,"href":"https:\/\/www.europesays.com\/pl\/wp-json\/wp\/v2\/comments?post=392421"}],"version-history":[{"count":0,"href":"https:\/\/www.europesays.com\/pl\/wp-json\/wp\/v2\/posts\/392421\/revisions"}],"wp:featuredmedia":[{"embeddable":true,"href":"https:\/\/www.europesays.com\/pl\/wp-json\/wp\/v2\/media\/392422"}],"wp:attachment":[{"href":"https:\/\/www.europesays.com\/pl\/wp-json\/wp\/v2\/media?parent=392421"}],"wp:term":[{"taxonomy":"category","embeddable":true,"href":"https:\/\/www.europesays.com\/pl\/wp-json\/wp\/v2\/categories?post=392421"},{"taxonomy":"post_tag","embeddable":true,"href":"https:\/\/www.europesays.com\/pl\/wp-json\/wp\/v2\/tags?post=392421"}],"curies":[{"name":"wp","href":"https:\/\/api.w.org\/{rel}","templated":true}]}}