{"id":392458,"date":"2026-04-27T05:15:08","date_gmt":"2026-04-27T05:15:08","guid":{"rendered":"https:\/\/www.europesays.com\/pl\/392458\/"},"modified":"2026-04-27T05:15:08","modified_gmt":"2026-04-27T05:15:08","slug":"ponad-2-tys-osob-bez-pradu-ostrzezenia-dla-calej-polski","status":"publish","type":"post","link":"https:\/\/www.europesays.com\/pl\/392458\/","title":{"rendered":"Ponad 2 tys. os\u00f3b bez pr\u0105du. Ostrze\u017cenia dla ca\u0142ej Polski"},"content":{"rendered":"<ul class=\"ods-m-bullet-list\">\n<li class=\"ods-a-bullet ods-a-bullet--normal\"> Silny wiatr na Podkarpaciu spowodowa\u0142 przerwy w dostawie pr\u0105du dla oko\u0142o 2,1 tys. odbiorc\u00f3w i ponad 90 interwencji stra\u017cy po\u017carnej <\/li>\n<li class=\"ods-a-bullet ods-a-bullet--normal\"> Najtrudniejsza sytuacja panuje w okolicach Krosna, Mielca i Rzeszowa <\/li>\n<li class=\"ods-a-bullet ods-a-bullet--normal\"> Ostrze\u017cenia przed silnym wiatrem obowi\u0105zuj\u0105 w dziewi\u0119ciu wojew\u00f3dztwach, wiatr osi\u0105ga w porywach do 75 km na godz. <\/li>\n<li class=\"ods-a-bullet ods-a-bullet--normal\"> IMGW wyda\u0142 ostrze\u017cenia pierwszego stopnia przed przymrozkami dla ca\u0142ego kraju, temperatura przy gruncie mo\u017ce spa\u015b\u0107 do minus 6 st. C <\/li>\n<li class=\"ods-a-bullet ods-a-bullet--normal\"> MSWiA zapewnia, \u017ce s\u0142u\u017cby s\u0105 przygotowane do natychmiastowych dzia\u0142a\u0144 w zwi\u0105zku z alertami pogodowymi <\/li>\n<\/ul>\n<p>Najtrudniejsza sytuacja zwi\u0105zana z silnym wiatrem panuje w okolicach Krosna, Mielca i Rzeszowa na Podkarpaciu. Jak poinformowa\u0142 dy\u017curny Wojew\u00f3dzkiego Centrum Zarz\u0105dzania Kryzysowego (WCZK) w Rzeszowie Mariusz Dzioba, front atmosferyczny przesuwa si\u0119 obecnie w kierunku wschodnim.<\/p>\n<p>      Dalszy ci\u0105g artyku\u0142u pod materia\u0142em wideo Silny wiatr na Podkarpaciu. Ponad 2 tys. odbiorc\u00f3w bez pr\u0105du<\/p>\n<p>Obecnie bez zasilania pozostaje oko\u0142o 2,1 tys. odbiorc\u00f3w. Problemy dotycz\u0105 g\u0142\u00f3wnie obszaru operacyjnego PGE Rzesz\u00f3w, gdzie pr\u0105du nie ma 1,6 tys. gospodarstw domowych. Utrudnienia wyst\u0119puj\u0105 tak\u017ce w rejonie Krosna, gdzie bez zasilania pozostaje 1000 odbiorc\u00f3w. W powiecie d\u0119bickim, obs\u0142ugiwanym przez sp\u00f3\u0142k\u0119 Tauron, pr\u0105du nie ma oko\u0142o 400 gospodarstw, natomiast na wschodzie wojew\u00f3dztwa \u2014 w okolicach Jaros\u0142awia obs\u0142ugiwanych przez PGE Zamo\u015b\u0107 \u2014 awarie dotkn\u0119\u0142y oko\u0142o 200 odbiorc\u00f3w.<\/p>\n<p>S\u0142u\u017cby energetyczne pracuj\u0105 w terenie nad przywr\u00f3ceniem dostaw. \u2014 Te naprawy trwaj\u0105 do\u015b\u0107 sprawnie i intensywnie. Je\u015bli nie b\u0119dzie lawinowo przybywa\u0107 nowych awarii, to do godziny 16\u201317 prawdopodobnie uda si\u0119 wszystko usun\u0105\u0107 \u2014 doda\u0142 Mariusz Dzioba.<\/p>\n<p>Podkarpaccy stra\u017cacy interweniowali do tej pory ponad 90 razy. Dzia\u0142ania skupiaj\u0105 si\u0119 na usuwaniu skutk\u00f3w gwa\u0142townych podmuch\u00f3w.<\/p>\n<p> Ostrze\u017cenia przed przymrozkami w ca\u0142ej Polsce<\/p>\n<p>Instytut Meteorologii i Gospodarki Wodnej wyda\u0142 ostrze\u017cenia pierwszego stopnia przed przymrozkami dla ca\u0142ego kraju. Temperatura spadnie maksymalnie do minus 6 st. C przy gruncie. Aktualne pozostaj\u0105 tak\u017ce ostrze\u017cenia pierwszego stopnia przed silnym wiatrem dla dziewi\u0119ciu wojew\u00f3dztw.<\/p>\n<p>Ostrze\u017cenia pierwszego stopnia przed przymrozkami wydane dla ca\u0142ego kraju obowi\u0105zuj\u0105 od godz. 23 w niedziel\u0119 do godz. 7.30 w poniedzia\u0142ek. Prognozowany jest spadek temperatury do oko\u0142o minus 3-4 st. C, a przy gruncie maksymalnie do minus 6 st. C.<\/p>\n<p>Ostrze\u017cenia IMGW przed silnym wiatrem dotycz\u0105 wojew\u00f3dztw: pomorskiego, warmi\u0144sko-mazurskiego, podlaskiego, mazowieckiego, \u0142\u00f3dzkiego, lubelskiego, \u015bwi\u0119tokrzyskiego, podkarpackiego i ma\u0142opolskiego. Pozostan\u0105 aktualne najp\u00f3\u017aniej do godz. 18 w niedziel\u0119.<\/p>\n<p>Instytut informuje, \u017ce na obszarach obj\u0119tych alertem prognozowany jest silny wiatr o \u015bredniej pr\u0119dko\u015bci do 45 km na godz., w porywach do 75 km na godz., z p\u00f3\u0142nocnego zachodu, a najsilniejsze porywy wyst\u0105pi\u0105 od godzin oko\u0142opo\u0142udniowych oraz po po\u0142udniu. Lokalnie mo\u017cliwe s\u0105 burze.<\/p>\n<p>MSWiA zapewnia, \u017ce s\u0142u\u017cby s\u0105 przygotowane do dzia\u0142ania<\/p>\n<p>W zwi\u0105zku z alertami IMGW dla dziewi\u0119ciu wojew\u00f3dztw przed silnym wiatrem s\u0142u\u017cby monitoruj\u0105 sytuacj\u0119 i s\u0105 przygotowane do natychmiastowych dzia\u0142a\u0144 \u2014 zapewni\u0142o w niedziel\u0119 Ministerstwo Spraw Wewn\u0119trznych i Administracji.<\/p>\n<p>&#8222;W zwi\u0105zku z alertami IMGW dla dziewi\u0119ciu wojew\u00f3dztw przed silnym wiatrem (do 75 km na godz.), s\u0142u\u017cby MSWiA monitoruj\u0105 sytuacj\u0119 i s\u0105 przygotowane do natychmiastowych dzia\u0142a\u0144&#8221; \u2014 podkre\u015bli\u0142 resort w po\u015bcie opublikowanym w mediach spo\u0142eczno\u015bciowych.<\/p>\n","protected":false},"excerpt":{"rendered":"Silny wiatr na Podkarpaciu spowodowa\u0142 przerwy w dostawie pr\u0105du dla oko\u0142o 2,1 tys. odbiorc\u00f3w i ponad 90 interwencji&hellip;\n","protected":false},"author":2,"featured_media":392459,"comment_status":"","ping_status":"","sticky":false,"template":"","format":"standard","meta":{"footnotes":"","_share_on_mastodon":"0"},"categories":[5],"tags":[61195,32,33,168,36,37,27,49,2969,34,35,28,31,48,56812,25,46,42,78,38,40,39,41,1742,47,2149,29,30,26,8249],"class_list":["post-392458","post","type-post","status-publish","format-standard","has-post-thumbnail","category-naglowki","tag-bottomfeed_styl","tag-breaking-news","tag-breakingnews","tag-burza","tag-featured-news","tag-featurednews","tag-headlines","tag-kraj","tag-krosno","tag-latest-news","tag-latestnews","tag-naglowki","tag-najwazniejsze-artykuly","tag-nat_styl","tag-newbb_tst0","tag-news","tag-omp","tag-pl","tag-pogoda","tag-poland","tag-polish","tag-polska","tag-polski","tag-rzeszow","tag-screening_general","tag-straz_pozarna","tag-top-stories","tag-topstories","tag-wiadomosci","tag-wojewodztwo_podkarpackie"],"share_on_mastodon":{"url":"https:\/\/pubeurope.com\/@pl\/116474971719115915","error":""},"_links":{"self":[{"href":"https:\/\/www.europesays.com\/pl\/wp-json\/wp\/v2\/posts\/392458","targetHints":{"allow":["GET"]}}],"collection":[{"href":"https:\/\/www.europesays.com\/pl\/wp-json\/wp\/v2\/posts"}],"about":[{"href":"https:\/\/www.europesays.com\/pl\/wp-json\/wp\/v2\/types\/post"}],"author":[{"embeddable":true,"href":"https:\/\/www.europesays.com\/pl\/wp-json\/wp\/v2\/users\/2"}],"replies":[{"embeddable":true,"href":"https:\/\/www.europesays.com\/pl\/wp-json\/wp\/v2\/comments?post=392458"}],"version-history":[{"count":0,"href":"https:\/\/www.europesays.com\/pl\/wp-json\/wp\/v2\/posts\/392458\/revisions"}],"wp:featuredmedia":[{"embeddable":true,"href":"https:\/\/www.europesays.com\/pl\/wp-json\/wp\/v2\/media\/392459"}],"wp:attachment":[{"href":"https:\/\/www.europesays.com\/pl\/wp-json\/wp\/v2\/media?parent=392458"}],"wp:term":[{"taxonomy":"category","embeddable":true,"href":"https:\/\/www.europesays.com\/pl\/wp-json\/wp\/v2\/categories?post=392458"},{"taxonomy":"post_tag","embeddable":true,"href":"https:\/\/www.europesays.com\/pl\/wp-json\/wp\/v2\/tags?post=392458"}],"curies":[{"name":"wp","href":"https:\/\/api.w.org\/{rel}","templated":true}]}}