{"id":392495,"date":"2026-04-27T05:42:19","date_gmt":"2026-04-27T05:42:19","guid":{"rendered":"https:\/\/www.europesays.com\/pl\/392495\/"},"modified":"2026-04-27T05:42:19","modified_gmt":"2026-04-27T05:42:19","slug":"w-izraelu-lacza-sily-za-przykladem-petera-magyara-chca-pokonac-netanjahu-2","status":"publish","type":"post","link":"https:\/\/www.europesays.com\/pl\/392495\/","title":{"rendered":"W Izraelu \u0142\u0105cz\u0105 si\u0142y. Za przyk\u0142adem Petera Magyara chc\u0105 pokona\u0107 Netanjahu"},"content":{"rendered":"<ul class=\"ods-m-bullet-list\">\n<li class=\"ods-a-bullet ods-a-bullet--normal\"> Benet i Lapid ju\u017c wcze\u015bniej wsp\u00f3lnie kierowali rz\u0105dem, a teraz chc\u0105 odsun\u0105\u0107 Netanjahu od w\u0142adzy <\/li>\n<li class=\"ods-a-bullet ods-a-bullet--normal\"> Sonda\u017ce wskazuj\u0105, \u017ce blok Beneta i Lapida mo\u017ce zdoby\u0107 co najmniej 60 mandat\u00f3w, a blok Netanjahu \u2014 ok. 50 <\/li>\n<li class=\"ods-a-bullet ods-a-bullet--normal\"> Netanjahu pozostaje silnie polaryzuj\u0105c\u0105 postaci\u0105. Jego pozycja os\u0142abi\u0142a si\u0119 po ataku Hamasu w 2023 r <\/li>\n<\/ul>\n<p>Benet i Lapid pokonali ju\u017c Netanjahu w wyborach w 2021 r., a nast\u0119pnie wsp\u00f3lnie kierowali rz\u0105dem w latach 2021\u20132022, rotacyjnie pe\u0142ni\u0105c funkcj\u0119 premiera. Netanjahu, najd\u0142u\u017cej urz\u0119duj\u0105cy premier Izraela, wr\u00f3ci\u0142 jednak do w\u0142adzy po wyborach w listopadzie 2022 r. i utworzy\u0142 najbardziej prawicowy rz\u0105d w historii kraju.<\/p>\n<p>      Dalszy ci\u0105g artyku\u0142u pod materia\u0142em wideo Chc\u0105 odsun\u0105\u0107 Binjamina Netanjahu od w\u0142adzy. \u0141\u0105cz\u0105 si\u0142y<\/p>\n<p>Podczas og\u0142oszenia informacji o nowej partii, Lapid odni\u00f3s\u0142 si\u0119 do niedawnych wybor\u00f3w na W\u0119grzech.<\/p>\n<p>\u2014 Zwyci\u0119stwo opozycji przeczy\u0142o wszystkim sonda\u017com i by\u0142o wi\u0119ksze, ni\u017c si\u0119 spodziewano. Po 16 latach rz\u0105d\u00f3w [premier W\u0119gier Viktor] Orban przegra\u0142, bo ludzie uwierzyli w mo\u017cliwo\u015b\u0107 zmiany. Zjednoczyli si\u0119 wok\u00f3\u0142 jednego kandydata, walczyli o sw\u00f3j kraj i wygrali \u2014 powiedzia\u0142.<\/p>\n<p>Wizerunek Netanjahu w kwestiach bezpiecze\u0144stwa pogorszy\u0142 si\u0119 po ataku palesty\u0144skiego Hamasu na Izrael 7 pa\u017adziernika 2023 r., co doprowadzi\u0142o do wojny, kt\u00f3r\u0105 Izrael toczy w Strefie Gazy i walk na kilku frontach w regionie, w tym w Libanie. Sonda\u017ce wskazuj\u0105, \u017ce premier mo\u017ce przegra\u0107 wybory maj\u0105ce si\u0119 odby\u0107 do ko\u0144ca pa\u017adziernika.<\/p>\n<p>Netanjahu jest postaci\u0105 silnie polaryzuj\u0105c\u0105, a tak\u017ce od lat dominuj\u0105c\u0105 w izraelskiej polityce i wielokrotnie dowodzi\u0142 jednak zdolno\u015bci do politycznego przetrwania.<\/p>\n<p> <img decoding=\"async\" src=\"https:\/\/www.europesays.com\/pl\/wp-content\/uploads\/2026\/04\/7HPk9lBaHR0cHM6Ly9vY2RuLmV1L3B1bHNjbXMvTURBXy82MDkwMmMxZDM2NDZhZjkzOTY3ZmY5YTIyOTEwMGVkZS5qcGeRlQLNB.jpeg\" height=\"800\" width=\"533\" alt=\"Binjamin Netanjahu\" loading=\"lazy\" class=\"ods-c-image__img ods-c-image__img--vertical\"\/> <\/p>\n<p>Binjamin NetanjahuILIA YEFIMOVICH \/ POOL \/ PAP<\/p>\n<p> Naftali Benet i Jair Lapid chc\u0105 wygra\u0107 wybory w Izraelu<\/p>\n<p>Benet \u2014 by\u0142y komandos i milioner, kt\u00f3ry dorobi\u0142 si\u0119 w bran\u017cy technologicznej \u2014 zajmuje w sonda\u017cach drugie miejsce za Netanjahu. Wed\u0142ug jednego z bada\u0144 z 23 kwietnia jego prawicowe ugrupowanie mog\u0142oby zdoby\u0107 21 mandat\u00f3w w 120-miejscowym Knesecie, wobec 25 mandat\u00f3w dla Likudu obecnego premiera.<\/p>\n<p>Ca\u0142y blok Netanjahu, z\u0142o\u017cony z ugrupowa\u0144 prawicowych i religijnych, m\u00f3g\u0142by liczy\u0107 ok. 50 deputowanych, wobec co najmniej 60 mandat\u00f3w potencjalnej koalicji Beneta i Lapida, mimo \u017ce centrowa partia Lapida uzyska\u0142aby tylko siedem miejsc, przy wsparciu mniejszych ugrupowa\u0144.<\/p>\n<p>Lapid \u2014 by\u0142y prezenter telewizyjny i pisarz \u2014 przedstawia si\u0119 jako reprezentant \u015bwieckiej klasy \u015bredniej, kt\u00f3ra jest krytyczna wobec nier\u00f3wnego obci\u0105\u017cenia podatkami i s\u0142u\u017cb\u0105 wojskow\u0105 w spo\u0142ecze\u0144stwie izraelskim. \u2014 Aby wygra\u0107 wybory, izraelskie centrum musi stan\u0105\u0107 za Naftalim Benetem. To liberalny prawicowiec, uczciwy i przestrzegaj\u0105cy prawa, i b\u0119dzie znakomitym premierem \u2014 zapewnia\u0142 Lapid.<\/p>\n<p>Jak zauwa\u017ca dziennik &#8222;Israel Ha-Jom&#8221;, w nowym obozie mo\u017cliwa jest rywalizacja o przyw\u00f3dztwo &#8222;przed szczeg\u00f3lnie napi\u0119tymi wyborami&#8221;.<\/p>\n<p>Kluczowy temat kampanii w Izraelu<\/p>\n<p>Ultraortodoksyjni sojusznicy Netanjahu zabiegaj\u0105 tymczasem o zwolnienie swoich spo\u0142eczno\u015bci ze s\u0142u\u017cby wojskowej, a kwestia ta zyska\u0142a na znaczeniu w zwi\u0105zku z przeci\u0105\u017ceniem armii i najwy\u017cszymi od lat stratami poniesionymi na frontach.<\/p>\n<p>Lapid i Benet uczynili z tego jeden z g\u0142\u00f3wnych temat\u00f3w kampanii. Zarzucaj\u0105 te\u017c Netanjahu, \u017ce nie potrafi przeku\u0107 sukces\u00f3w militarnych w realne korzy\u015bci strategiczne wobec Iranu oraz wspieranych przez niego ugrupowa\u0144 w Libanie i Strefie Gazy \u2014 Hezbollahu i Hamasu.<\/p>\n<p>Obecn\u0105 koalicj\u0119 rz\u0105dz\u0105c\u0105 w Izraelu tworzy prawicowy Likud Benjamina Netanjahu wraz z partiami reprezentuj\u0105cymi spo\u0142eczno\u015b\u0107 \u017cyd\u00f3w ultraortodoksyjnych oraz ugrupowaniami skrajnej religijno-syjonistycznej prawicy.<\/p>\n<p>Najwi\u0119ksz\u0105 si\u0142\u0105 w opozycji jest prawicowa partia Beneta, a obok niej dzia\u0142aj\u0105 ugrupowania centrowe i centroprawicowe, w tym partia Lapida, a tak\u017ce formacje centrolewicowe. Uzupe\u0142nieniem opozycji s\u0105 partie arabskie, kt\u00f3re odgrywaj\u0105 rol\u0119 potencjalnych partner\u00f3w koalicyjnych.<\/p>\n","protected":false},"excerpt":{"rendered":"Benet i Lapid ju\u017c wcze\u015bniej wsp\u00f3lnie kierowali rz\u0105dem, a teraz chc\u0105 odsun\u0105\u0107 Netanjahu od w\u0142adzy Sonda\u017ce wskazuj\u0105, \u017ce&hellip;\n","protected":false},"author":2,"featured_media":392496,"comment_status":"","ping_status":"","sticky":false,"template":"","format":"standard","meta":{"footnotes":"","_share_on_mastodon":"0"},"categories":[5],"tags":[343,61195,32,33,36,37,213,27,91,34,35,28,31,48,56812,25,46,42,38,40,39,41,47,88,80,29,30,26],"class_list":["post-392495","post","type-post","status-publish","format-standard","has-post-thumbnail","category-naglowki","tag-binjamin_netanjahu","tag-bottomfeed_styl","tag-breaking-news","tag-breakingnews","tag-featured-news","tag-featurednews","tag-hamas","tag-headlines","tag-izrael","tag-latest-news","tag-latestnews","tag-naglowki","tag-najwazniejsze-artykuly","tag-nat_styl","tag-newbb_tst0","tag-news","tag-omp","tag-pl","tag-poland","tag-polish","tag-polska","tag-polski","tag-screening_general","tag-strefa_gazy","tag-swiat","tag-top-stories","tag-topstories","tag-wiadomosci"],"share_on_mastodon":{"url":"https:\/\/pubeurope.com\/@pl\/116475077882337868","error":""},"_links":{"self":[{"href":"https:\/\/www.europesays.com\/pl\/wp-json\/wp\/v2\/posts\/392495","targetHints":{"allow":["GET"]}}],"collection":[{"href":"https:\/\/www.europesays.com\/pl\/wp-json\/wp\/v2\/posts"}],"about":[{"href":"https:\/\/www.europesays.com\/pl\/wp-json\/wp\/v2\/types\/post"}],"author":[{"embeddable":true,"href":"https:\/\/www.europesays.com\/pl\/wp-json\/wp\/v2\/users\/2"}],"replies":[{"embeddable":true,"href":"https:\/\/www.europesays.com\/pl\/wp-json\/wp\/v2\/comments?post=392495"}],"version-history":[{"count":0,"href":"https:\/\/www.europesays.com\/pl\/wp-json\/wp\/v2\/posts\/392495\/revisions"}],"wp:featuredmedia":[{"embeddable":true,"href":"https:\/\/www.europesays.com\/pl\/wp-json\/wp\/v2\/media\/392496"}],"wp:attachment":[{"href":"https:\/\/www.europesays.com\/pl\/wp-json\/wp\/v2\/media?parent=392495"}],"wp:term":[{"taxonomy":"category","embeddable":true,"href":"https:\/\/www.europesays.com\/pl\/wp-json\/wp\/v2\/categories?post=392495"},{"taxonomy":"post_tag","embeddable":true,"href":"https:\/\/www.europesays.com\/pl\/wp-json\/wp\/v2\/tags?post=392495"}],"curies":[{"name":"wp","href":"https:\/\/api.w.org\/{rel}","templated":true}]}}