{"id":392543,"date":"2026-04-27T06:15:09","date_gmt":"2026-04-27T06:15:09","guid":{"rendered":"https:\/\/www.europesays.com\/pl\/392543\/"},"modified":"2026-04-27T06:15:09","modified_gmt":"2026-04-27T06:15:09","slug":"znany-dziennikarz-rozwscieczyl-polakow-w-sprawie-zbiorki-latwoganga","status":"publish","type":"post","link":"https:\/\/www.europesays.com\/pl\/392543\/","title":{"rendered":"Znany dziennikarz rozw\u015bcieczy\u0142 Polak\u00f3w w sprawie zbi\u00f3rki \u0141atwoganga"},"content":{"rendered":"<p>Wojciech Szcz\u0119sny znalaz\u0142 si\u0119 w gronie gwiazd, kt\u00f3re wzi\u0119\u0142y udzia\u0142 w transmisji \u0141atwoganga. Jak przysta\u0142o na polskiego bramkarza, nie tylko pom\u00f3g\u0142, ale i zrobi\u0142 show. Zadeklarowa\u0142, \u017ce je\u015bli uda si\u0119 zebra\u0107 100 mln z\u0142, na jeden dzie\u0144 zostanie zawodnikiem klubu Maty, Tajfuna Ostr\u00f3w Lubelski.<\/p>\n<p> Dalszy ci\u0105g artyku\u0142u pod materia\u0142em wideo <\/p>\n<p>Niestety nie uda\u0142o si\u0119 przekroczy\u0107 500 mln z\u0142. To kwota, przy kt\u00f3rej golkiper mia\u0142 rzuci\u0107 palenie. Za to szybko uda\u0142o si\u0119 zebra\u0107 150 mln z\u0142, a tutaj te\u017c kry\u0142a si\u0119 obietnica. Chodzi\u0142o o nagranie TikToka z Lamine Yamalem z piosenk\u0105 Cancer Fighters w tle. Jak obieca\u0142, tak zrobi\u0142.<\/p>\n<p>Fabrizio Romano nie\u015bwiadomie zdenerwowa\u0142 Polak\u00f3w     <\/p>\n<p>Wideo szybko sta\u0142o si\u0119 viralem, co z kolei przyczyni\u0142o si\u0119 do wpadki Fabrizio Romano. Dziennikarz opublikowa\u0142 filmik na swoim istagramie. Tyle tylko, \u017ce &#8222;Diss na raka&#8221; zosta\u0142 zast\u0105piony przez muzyk\u0119 Drake&#8217;a. &#8222;Tytu\u0142 La Liga si\u0119 zbli\u017ca&#8230; a gracze Barcy pozwoli sobie na troch\u0119 relaksu&#8221; &#8211; opisa\u0142 zamieszczone na profilu multimedia.<\/p>\n<p>Pod postem natychmiast pojawi\u0142o si\u0119 wiele komentarzy polskich kibic\u00f3w, nakre\u015blaj\u0105cych kontekst ca\u0142ej sytuacji. Ostatecznie wideo znikn\u0119\u0142o z publikacji Romano, co tylko pokaza\u0142o, \u017ce trudno oskar\u017ca\u0107 go o z\u0142\u0105 wol\u0119. Pomy\u0142ka wynika\u0142a najprawdopodobniej z braku wiedzy.<\/p>\n<p>\u0141atwogang zebra\u0142 250 mln z\u0142! Podczas specjalnej transmisji charytatywnej na kanale \u0141atwoganga uda\u0142o si\u0119 zebra\u0107 ponad 250 mln z\u0142 dla dzieci walcz\u0105cych z rakiem. Ca\u0142\u0105 akcj\u0119 wspar\u0142o wiele gwiazd, w tym tak\u017ce ze \u015bwiata sportu. Ogromne kwoty, zgolone g\u0142owy, tatua\u017c i nawet zako\u0144czony wieloletni sp\u00f3r. Te gesty przejd\u0105 to historii. Podsumowanie znajdziesz <a href=\"https:\/\/przegladsportowy.onet.pl\/ofsajd\/robert-lewandowski-z-zona-rozbili-bank-na-zbiorce-latwoganga-nie-tylko-oni\/geym4sm\" id=\"8fb34735-eb24-492b-a634-fe2da0a78d1d\" rel=\"nofollow noopener\" target=\"_blank\">TUTAJ<\/a>. <\/p>\n","protected":false},"excerpt":{"rendered":"Wojciech Szcz\u0119sny znalaz\u0142 si\u0119 w gronie gwiazd, kt\u00f3re wzi\u0119\u0142y udzia\u0142 w transmisji \u0141atwoganga. Jak przysta\u0142o na polskiego bramkarza,&hellip;\n","protected":false},"author":2,"featured_media":392544,"comment_status":"","ping_status":"","sticky":false,"template":"","format":"standard","meta":{"footnotes":"","_share_on_mastodon":"0"},"categories":[52122],"tags":[61195,23389,4168,69734,48,129,46,6010,752,42,38,40,39,41,47,1789],"class_list":["post-392543","post","type-post","status-publish","format-standard","has-post-thumbnail","category-pko-bank-polski","tag-bottomfeed_styl","tag-fabrizio_romano","tag-lamine_yamal","tag-latwogang","tag-nat_styl","tag-ofsajd","tag-omp","tag-pko-bank-polski","tag-pko-bp","tag-pl","tag-poland","tag-polish","tag-polska","tag-polski","tag-screening_general","tag-wojciech_szczesny"],"share_on_mastodon":{"url":"https:\/\/pubeurope.com\/@pl\/116475207593689544","error":""},"_links":{"self":[{"href":"https:\/\/www.europesays.com\/pl\/wp-json\/wp\/v2\/posts\/392543","targetHints":{"allow":["GET"]}}],"collection":[{"href":"https:\/\/www.europesays.com\/pl\/wp-json\/wp\/v2\/posts"}],"about":[{"href":"https:\/\/www.europesays.com\/pl\/wp-json\/wp\/v2\/types\/post"}],"author":[{"embeddable":true,"href":"https:\/\/www.europesays.com\/pl\/wp-json\/wp\/v2\/users\/2"}],"replies":[{"embeddable":true,"href":"https:\/\/www.europesays.com\/pl\/wp-json\/wp\/v2\/comments?post=392543"}],"version-history":[{"count":0,"href":"https:\/\/www.europesays.com\/pl\/wp-json\/wp\/v2\/posts\/392543\/revisions"}],"wp:featuredmedia":[{"embeddable":true,"href":"https:\/\/www.europesays.com\/pl\/wp-json\/wp\/v2\/media\/392544"}],"wp:attachment":[{"href":"https:\/\/www.europesays.com\/pl\/wp-json\/wp\/v2\/media?parent=392543"}],"wp:term":[{"taxonomy":"category","embeddable":true,"href":"https:\/\/www.europesays.com\/pl\/wp-json\/wp\/v2\/categories?post=392543"},{"taxonomy":"post_tag","embeddable":true,"href":"https:\/\/www.europesays.com\/pl\/wp-json\/wp\/v2\/tags?post=392543"}],"curies":[{"name":"wp","href":"https:\/\/api.w.org\/{rel}","templated":true}]}}