{"id":392597,"date":"2026-04-27T06:55:09","date_gmt":"2026-04-27T06:55:09","guid":{"rendered":"https:\/\/www.europesays.com\/pl\/392597\/"},"modified":"2026-04-27T06:55:09","modified_gmt":"2026-04-27T06:55:09","slug":"debata-parlamentarna-pawel-hreniak-i-michal-jaros-goscmi-radia-wroclaw","status":"publish","type":"post","link":"https:\/\/www.europesays.com\/pl\/392597\/","title":{"rendered":"Debata parlamentarna: Pawe\u0142 Hreniak i Micha\u0142 Jaros go\u015b\u0107mi Radia Wroc\u0142aw"},"content":{"rendered":"<p>Pawe\u0142 Hreniak i Micha\u0142 Jaros go\u015b\u0107mi Radia Wroc\u0142aw.<\/p>\n<p>Fot. RW<\/p>\n<p>Zapraszamy na poniedzia\u0142kow\u0105 debat\u0119 parlamentarn\u0105.<\/p>\n<p style=\"text-align: justify;\">W studiu Radia Wroc\u0142aw porozmawiamy mi\u0119dzy innymi o charytatywnej zbi\u00f3rce dla Cancer Fighters, rezygnacji S\u0142awomira Cenckiewicza z funkcji szefa BBN i aferze Zondacrypto. Go\u015b\u0107mi Filipa Marczy\u0144skiego w debacie parlamentarnej b\u0119d\u0105:<\/p>\n<p>&#13;<br \/>\nPawe\u0142 Hreniak (PiS),&#13;<br \/>\nMicha\u0142 Jaros (KO).&#13;<\/p>\n<p style=\"text-align: justify;\">Zapraszamy po godzinie 8:00.<\/p>\n","protected":false},"excerpt":{"rendered":"Pawe\u0142 Hreniak i Micha\u0142 Jaros go\u015b\u0107mi Radia Wroc\u0142aw. Fot. RW Zapraszamy na poniedzia\u0142kow\u0105 debat\u0119 parlamentarn\u0105. W studiu Radia&hellip;\n","protected":false},"author":2,"featured_media":392598,"comment_status":"","ping_status":"","sticky":false,"template":"","format":"standard","meta":{"footnotes":"","_share_on_mastodon":"0"},"categories":[51607],"tags":[3949,55894,71339,51726,71340,67677,55888,17037,42,38,40,39,41,52404,1853],"class_list":["post-392597","post","type-post","status-publish","format-standard","has-post-thumbnail","category-wroclaw","tag-debata","tag-goscmi","tag-hreniak","tag-i","tag-jaros","tag-michal","tag-parlamentarna","tag-pawel","tag-pl","tag-poland","tag-polish","tag-polska","tag-polski","tag-radia","tag-wroclaw"],"share_on_mastodon":{"url":"https:\/\/pubeurope.com\/@pl\/116475364959098952","error":""},"_links":{"self":[{"href":"https:\/\/www.europesays.com\/pl\/wp-json\/wp\/v2\/posts\/392597","targetHints":{"allow":["GET"]}}],"collection":[{"href":"https:\/\/www.europesays.com\/pl\/wp-json\/wp\/v2\/posts"}],"about":[{"href":"https:\/\/www.europesays.com\/pl\/wp-json\/wp\/v2\/types\/post"}],"author":[{"embeddable":true,"href":"https:\/\/www.europesays.com\/pl\/wp-json\/wp\/v2\/users\/2"}],"replies":[{"embeddable":true,"href":"https:\/\/www.europesays.com\/pl\/wp-json\/wp\/v2\/comments?post=392597"}],"version-history":[{"count":0,"href":"https:\/\/www.europesays.com\/pl\/wp-json\/wp\/v2\/posts\/392597\/revisions"}],"wp:featuredmedia":[{"embeddable":true,"href":"https:\/\/www.europesays.com\/pl\/wp-json\/wp\/v2\/media\/392598"}],"wp:attachment":[{"href":"https:\/\/www.europesays.com\/pl\/wp-json\/wp\/v2\/media?parent=392597"}],"wp:term":[{"taxonomy":"category","embeddable":true,"href":"https:\/\/www.europesays.com\/pl\/wp-json\/wp\/v2\/categories?post=392597"},{"taxonomy":"post_tag","embeddable":true,"href":"https:\/\/www.europesays.com\/pl\/wp-json\/wp\/v2\/tags?post=392597"}],"curies":[{"name":"wp","href":"https:\/\/api.w.org\/{rel}","templated":true}]}}