{"id":392844,"date":"2026-04-27T09:23:10","date_gmt":"2026-04-27T09:23:10","guid":{"rendered":"https:\/\/www.europesays.com\/pl\/392844\/"},"modified":"2026-04-27T09:23:10","modified_gmt":"2026-04-27T09:23:10","slug":"budowa-armady-dronowej-donald-tusk-oglasza-nowe-decyzje-2","status":"publish","type":"post","link":"https:\/\/www.europesays.com\/pl\/392844\/","title":{"rendered":"Budowa armady dronowej. Donald Tusk og\u0142asza nowe decyzje"},"content":{"rendered":"<p class=\"Paragraph_desktopParagraph__U31Gm\"><a href=\"https:\/\/wiadomosci.onet.pl\/rzeszow\" id=\"73456aef-48fe-4489-b729-7f51f64e638a\" rel=\"nofollow noopener\" target=\"_blank\">W Rzeszowie<\/a> trwa konferencja Road to URC \u2014 &#8222;Security and Defence Dimension&#8221;. Poniedzia\u0142kowe obrady poprzedza spotkanie premiera Donalda Tuska z premier Ukrainy Juli\u0105 Swyrydenko.<\/p>\n<p class=\"Paragraph_desktopParagraph__U31Gm\">\u2014 To bardzo wa\u017cny moment w historii relacji polsko-ukrai\u0144skich i w naszych dzia\u0142aniach na rzecz bezpiecze\u0144stwa kontynentu i obrony Ukrainy przed rosyjsk\u0105 agresj\u0105 \u2014 rozpocz\u0105\u0142 swoje wyst\u0105pienie polski premier. Przypomnia\u0142, \u017ce Rzesz\u00f3w to jedno z pierwszych miast, w kt\u00f3rych ruszy\u0142a pomoc dla Ukrai\u0144c\u00f3w po rosyjskiej inwazji. \u2014 Us\u0142ysza\u0142em dzi\u015b od pani premier to najprostsze s\u0142owo &#8222;dzi\u0119kuj\u0119&#8221; \u2014 poinformowa\u0142 Tusk.<\/p>\n<p class=\"VideoPlayerText_videoPlayerText__iDwyz\">Dalszy ci\u0105g materia\u0142u pod wideo<\/p>\n<p class=\"Paragraph_desktopParagraph__U31Gm\">\u2014 My wiemy, co znaczy bohaterska walka przeciwko przewa\u017caj\u0105cym si\u0142om. W naszej historii jak\u017ce cz\u0119ste by\u0142y kl\u0119ski, w\u0142a\u015bnie dlatego, \u017ce byli\u015bmy osamotnieni lub wyra\u017anie s\u0142absi. Ale wiemy te\u017c, co to jest zwyci\u0119stwo, tak\u017ce z tym przeciwnikiem, kt\u00f3ry atakuje Ukrain\u0119 \u2014 dodawa\u0142.<\/p>\n<p class=\"Paragraph_desktopParagraph__U31Gm\">\u2014 Relacje polsko-ukrai\u0144skie i relacje mi\u0119dzy Europ\u0105 a Ukrain\u0105, to nie jest jednostronna pomoc dla walcz\u0105cego kraju. Uda\u0142o si\u0119 zbudowa\u0107 taki model wsp\u00f3\u0142pracy, mimo wojny, w kt\u00f3rym tak\u017ce Ukraina co\u015b mo\u017ce da\u0107, co\u015b bezcennego, czyli nowoczesne, przekraczaj\u0105ce granice wyobra\u017ani dzia\u0142ania w teatrze wojny \u2014 ocenia\u0142 Tusk.<\/p>\n<p>Tusk o wsp\u00f3\u0142pracy z Ukrain\u0105: zaczynamy wielki projekt <\/p>\n<p class=\"Paragraph_desktopParagraph__U31Gm\">\u2014 Z wielk\u0105 satysfakcj\u0105 mog\u0119 og\u0142osi\u0107, \u017ce polski plan budowy armady dronowej b\u0119dzie planem wspieranym przez my\u015bl techniczn\u0105 i kompetencje naszych ukrai\u0144skich przyjaci\u00f3\u0142. B\u0119dziemy inwestowali w to wsp\u00f3lne pieni\u0105dze, europejskie, polskie \u2014 poinformowa\u0142 premier.<\/p>\n<p class=\"Paragraph_desktopParagraph__U31Gm\">\u2014 Naszym celem jest, aby dla Rosjan niespodziewan\u0105 konsekwencj\u0105 wojny by\u0142o przeskoczenie ca\u0142ej epoki technologicznej, aby w przysz\u0142o\u015bci Europa by\u0142a bezpieczna od atak\u00f3w z powietrza \u2014 stwierdzi\u0142 szef rz\u0105du.<\/p>\n<p class=\"Paragraph_desktopParagraph__U31Gm\">\u2014 Dzisiaj zaczynamy ten wielki projekt. Polska musi mie\u0107 swoj\u0105 nowoczesn\u0105 armad\u0119 dronow\u0105, nie tylko by pomaga\u0107 Ukrainie, ale by z pe\u0142nym przekonaniem powiedzie\u0107 Polkom i Polakom: &#8222;jeste\u015bmy bezpieczni&#8221; \u2014 podkre\u015bli\u0142 Tusk.<\/p>\n","protected":false},"excerpt":{"rendered":"W Rzeszowie trwa konferencja Road to URC \u2014 &#8222;Security and Defence Dimension&#8221;. Poniedzia\u0142kowe obrady poprzedza spotkanie premiera Donalda&hellip;\n","protected":false},"author":2,"featured_media":392845,"comment_status":"","ping_status":"","sticky":false,"template":"","format":"standard","meta":{"footnotes":"","_share_on_mastodon":"0"},"categories":[12],"tags":[32,33,200,165,36,37,27,67,64,34,35,28,31,53,25,52,68,51,55,42,38,40,39,41,62,12481,47,29,30,390,65,50,26],"class_list":["post-392844","post","type-post","status-publish","format-standard","has-post-thumbnail","category-polska","tag-breaking-news","tag-breakingnews","tag-donald_tusk_polityk","tag-drony_dron","tag-featured-news","tag-featurednews","tag-headlines","tag-intextvideo_splayer","tag-inwazja_rosji_na_ukraine_2014_","tag-latest-news","tag-latestnews","tag-naglowki","tag-najwazniejsze-artykuly","tag-new_header","tag-news","tag-onet3","tag-onet3d","tag-onet3d_2i","tag-phx","tag-pl","tag-poland","tag-polish","tag-polska","tag-polski","tag-rosja_kraj_rosjanin_rosjanie_rosjanka_rosjanki","tag-rzeszow_miasto","tag-screening_general","tag-top-stories","tag-topstories","tag-ukraina_ukrainiec_ukrainka_ukraincy_ukrainki","tag-update_me","tag-v2021","tag-wiadomosci"],"share_on_mastodon":{"url":"","error":"Validation failed: Text character limit of 500 exceeded"},"_links":{"self":[{"href":"https:\/\/www.europesays.com\/pl\/wp-json\/wp\/v2\/posts\/392844","targetHints":{"allow":["GET"]}}],"collection":[{"href":"https:\/\/www.europesays.com\/pl\/wp-json\/wp\/v2\/posts"}],"about":[{"href":"https:\/\/www.europesays.com\/pl\/wp-json\/wp\/v2\/types\/post"}],"author":[{"embeddable":true,"href":"https:\/\/www.europesays.com\/pl\/wp-json\/wp\/v2\/users\/2"}],"replies":[{"embeddable":true,"href":"https:\/\/www.europesays.com\/pl\/wp-json\/wp\/v2\/comments?post=392844"}],"version-history":[{"count":0,"href":"https:\/\/www.europesays.com\/pl\/wp-json\/wp\/v2\/posts\/392844\/revisions"}],"wp:featuredmedia":[{"embeddable":true,"href":"https:\/\/www.europesays.com\/pl\/wp-json\/wp\/v2\/media\/392845"}],"wp:attachment":[{"href":"https:\/\/www.europesays.com\/pl\/wp-json\/wp\/v2\/media?parent=392844"}],"wp:term":[{"taxonomy":"category","embeddable":true,"href":"https:\/\/www.europesays.com\/pl\/wp-json\/wp\/v2\/categories?post=392844"},{"taxonomy":"post_tag","embeddable":true,"href":"https:\/\/www.europesays.com\/pl\/wp-json\/wp\/v2\/tags?post=392844"}],"curies":[{"name":"wp","href":"https:\/\/api.w.org\/{rel}","templated":true}]}}