{"id":393030,"date":"2026-04-27T11:15:08","date_gmt":"2026-04-27T11:15:08","guid":{"rendered":"https:\/\/www.europesays.com\/pl\/393030\/"},"modified":"2026-04-27T11:15:08","modified_gmt":"2026-04-27T11:15:08","slug":"krzyz-oficerski-orderu-odrodzenia-polski-dla-lukasza-litewki-jest-decyzja-prezydenta-karola-nawrockiego","status":"publish","type":"post","link":"https:\/\/www.europesays.com\/pl\/393030\/","title":{"rendered":"Krzy\u017c Oficerski Orderu Odrodzenia Polski dla \u0141ukasza Litewki. Jest decyzja prezydenta Karola Nawrockiego"},"content":{"rendered":"<p>Co musisz wiedzie\u0107:<\/p>\n<p>Decyzj\u0105 prezydenta Karola Nawrockiego, <a href=\"https:\/\/pl.wikipedia.org\/wiki\/%C5%81ukasz_Litewka\" rel=\"nofollow noopener\" target=\"_blank\">\u0141ukasz Litewka<\/a> zosta\u0142 po\u015bmiertnie odznaczony <a href=\"https:\/\/pl.wikipedia.org\/wiki\/Order_Odrodzenia_Polski\" rel=\"nofollow noopener\" target=\"_blank\">Krzy\u017cem Oficerskim Orderu Odrodzenia Polski<\/a>.<br \/>\nPose\u0142 Lewicy zgin\u0105\u0142 tragicznie w wypadku drogowym w D\u0105browie G\u00f3rniczej podczas jazdy na rowerze.<br \/>\nPogrzeb odb\u0119dzie si\u0119 29 kwietnia w Sosnowcu i b\u0119dzie mia\u0142 charakter pa\u0144stwowy.<br \/>\nS\u0105d zastosowa\u0142 tymczasowy areszt wobec kierowcy podejrzanego o spowodowanie wypadku.<\/p>\n<p>Po\u015bmiertne oznaczenie dla \u0141ukasza Litewki<\/p>\n<p>Decyzj\u0105 Prezydenta RP, \u015bp. \u0141ukasz Litewka zosta\u0142 po\u015bmiertnie oznaczony Krzy\u017cem Oficerskim Orderu Odrodzenia Polski.<\/p>\n<p>Postanowieniem z dnia 27 kwietnia 2026 r. Prezydent RP Karol Nawrocki odznaczy\u0142 po\u015bmiertnie tragicznie zmar\u0142ego pos\u0142a na Sejm \u0141ukasza Karola Litewk\u0119 Krzy\u017cem Oficerskim Orderu Odrodzenia Polski<\/p>\n<p>\u2013 poinformowa\u0142 w poniedzia\u0142ek w mediach spo\u0142eczno\u015bciowych rzecznik prezydenta, Rafa\u0142 Le\u015bkiewicz.<\/p>\n<p>Nie \u017cyje \u0141ukasz Litewka<\/p>\n<p>\u0141ukasz Litewka, 36-letni pose\u0142 Lewicy z Sosnowca, organizator licznych akcji charytatywnych, zgin\u0105\u0142 tragicznie w czwartek po po\u0142udniu podczas jazdy na rowerze. Potr\u0105ci\u0142 go samoch\u00f3d na ul. Kazimierzowskiej w D\u0105browie G\u00f3rniczej.<\/p>\n<p>Do tragicznego w skutkach wypadku dosz\u0142o w czwartek oko\u0142o godz. 13. Wed\u0142ug wst\u0119pnych ustale\u0144 policji 57-letni Sosnowiczanin kieruj\u0105cy Mitsubishi Colt najprawdopodobniej zasn\u0105\u0142 lub zas\u0142ab\u0142 za kierownic\u0105 i zjecha\u0142 na przeciwny pas ruchu, gdzie zderzy\u0142 si\u0119 z pos\u0142em jad\u0105cym z naprzeciwka na rowerze. \u0141ukasz Litewka zmar\u0142 mimo reanimacji. Kierowca Mitsubishi zosta\u0142 zatrzymany.<\/p>\n<p>Szczeg\u00f3\u0142y pogrzebu<\/p>\n<p>Pogrzeb pos\u0142a \u0141ukasza Litewki odb\u0119dzie si\u0119 w najbli\u017csz\u0105 \u015brod\u0119 (29 kwietnia) w Sosnowcu i b\u0119dzie mia\u0142 charakter pa\u0144stwowy. Uroczysto\u015bci \u017ca\u0142obne rozpoczn\u0105 si\u0119 o godz. 13:30 w ko\u015bciele parafialnym pw. \u015bw. Joachima przy ul. Popie\u0142uszki 46. Po nabo\u017ce\u0144stwie zmar\u0142y zostanie odprowadzony na cmentarz przy ul. Zuzanny.<\/p>\n<p>Areszt dla kierowcy<\/p>\n<p>S\u0105d Rejonowy w D\u0105browie G\u00f3rniczej zdecydowa\u0142 w sobot\u0119 przed po\u0142udniem o zastosowaniu aresztu na trzy miesi\u0105ce wobec 57-latka podejrzanego o spowodowanie wypadku, w kt\u00f3rym zgin\u0105\u0142 pose\u0142. Tymczasowe aresztowanie jest warunkowe &#8211; w przypadku wp\u0142aty 40 tys. z\u0142 por\u0119czenia maj\u0105tkowego podejrzany b\u0119dzie mia\u0142 prawo opu\u015bci\u0107 areszt i zostanie obj\u0119ty dozorem policji oraz zakazem opuszczania kraju. Prokurator z pocz\u0105tkiem przysz\u0142ego tygodnia podejmie decyzj\u0119, czy zaskar\u017cone zostanie orzeczenie s\u0105du o zastosowaniu aresztu warunkowego wobec 57-latka.<\/p>\n<p>\u0141ukasz Litewka \u2013 sylwetka<\/p>\n<p>\u0141ukasz Litewka by\u0142 znany z dzia\u0142alno\u015bci charytatywnej i spo\u0142ecznej. Jego fundacja #TeamLitewka m.in. poprzez portale spo\u0142eczno\u015bciowe nag\u0142a\u015bnia\u0142a i wspiera\u0142a leczenie dzieci czy ratowanie zwierz\u0105t; reagowa\u0142a na trudne sytuacje w lokalnej spo\u0142eczno\u015bci, zbieraj\u0105c \u015brodki na sprz\u0119t rehabilitacyjny czy pomoc poszkodowanym w wypadkach.<\/p>\n<p>Podczas kampanii przed wyborami parlamentarnymi w 2023 r. \u0141ukasz Litewka umie\u015bci\u0142 na plakatach wyborczych wizerunki czekaj\u0105cych na adopcj\u0119 ps\u00f3w z miejscowego schroniska z ich imionami i kontaktem telefonicznym w sprawie. Po zako\u0144czonej kampanii banery Litewki pos\u0142u\u017cy\u0142y jako materia\u0142 docieplaj\u0105cy schroniskowe boksy.\u00a0<\/p>\n<p>\u00a0<\/p>\n","protected":false},"excerpt":{"rendered":"Co musisz wiedzie\u0107: Decyzj\u0105 prezydenta Karola Nawrockiego, \u0141ukasz Litewka zosta\u0142 po\u015bmiertnie odznaczony Krzy\u017cem Oficerskim Orderu Odrodzenia Polski. Pose\u0142&hellip;\n","protected":false},"author":2,"featured_media":393031,"comment_status":"","ping_status":"","sticky":false,"template":"","format":"standard","meta":{"footnotes":"","_share_on_mastodon":"0"},"categories":[62712],"tags":[210,113,61546,190,291,399,690,5567,49,261,102,907,39,7870,80,17258,26,1092],"class_list":["post-393030","post","type-post","status-publish","format-standard","has-post-thumbnail","category-karol-nawrocki","tag-aktualnosci","tag-biznes","tag-blogi","tag-gospodarka","tag-historia","tag-informacje","tag-karol-nawrocki","tag-komentarze","tag-kraj","tag-kultura","tag-opinie","tag-polityka","tag-polska","tag-solidarnosc","tag-swiat","tag-tygodnik","tag-wiadomosci","tag-wydarzenia"],"share_on_mastodon":{"url":"","error":""},"_links":{"self":[{"href":"https:\/\/www.europesays.com\/pl\/wp-json\/wp\/v2\/posts\/393030","targetHints":{"allow":["GET"]}}],"collection":[{"href":"https:\/\/www.europesays.com\/pl\/wp-json\/wp\/v2\/posts"}],"about":[{"href":"https:\/\/www.europesays.com\/pl\/wp-json\/wp\/v2\/types\/post"}],"author":[{"embeddable":true,"href":"https:\/\/www.europesays.com\/pl\/wp-json\/wp\/v2\/users\/2"}],"replies":[{"embeddable":true,"href":"https:\/\/www.europesays.com\/pl\/wp-json\/wp\/v2\/comments?post=393030"}],"version-history":[{"count":0,"href":"https:\/\/www.europesays.com\/pl\/wp-json\/wp\/v2\/posts\/393030\/revisions"}],"wp:featuredmedia":[{"embeddable":true,"href":"https:\/\/www.europesays.com\/pl\/wp-json\/wp\/v2\/media\/393031"}],"wp:attachment":[{"href":"https:\/\/www.europesays.com\/pl\/wp-json\/wp\/v2\/media?parent=393030"}],"wp:term":[{"taxonomy":"category","embeddable":true,"href":"https:\/\/www.europesays.com\/pl\/wp-json\/wp\/v2\/categories?post=393030"},{"taxonomy":"post_tag","embeddable":true,"href":"https:\/\/www.europesays.com\/pl\/wp-json\/wp\/v2\/tags?post=393030"}],"curies":[{"name":"wp","href":"https:\/\/api.w.org\/{rel}","templated":true}]}}