{"id":393067,"date":"2026-04-27T11:40:11","date_gmt":"2026-04-27T11:40:11","guid":{"rendered":"https:\/\/www.europesays.com\/pl\/393067\/"},"modified":"2026-04-27T11:40:11","modified_gmt":"2026-04-27T11:40:11","slug":"takiej-pogody-w-tym-roku-jeszcze-nie-mielismy-temperatura-poszybuje-do-25-st-c","status":"publish","type":"post","link":"https:\/\/www.europesays.com\/pl\/393067\/","title":{"rendered":"Takiej pogody w tym roku jeszcze nie mieli\u015bmy. Temperatura poszybuje do 25 st. C"},"content":{"rendered":"<p class=\"Paragraph_desktopParagraph__U31Gm\">Tak jak ju\u017c pisali\u015bmy dzi\u015b w Onecie, <a href=\"https:\/\/wiadomosci.onet.pl\/pogoda\/silna-fala-zimna-bedzie-atakowac-polske-w-prognozach-mroz-a-nawet-snieg\/ks7wd21\" id=\"0a3a3bb3-c0b1-4599-abe0-7d9733e70c8e\" rel=\"nofollow noopener\" target=\"_blank\">czekaj\u0105 nas jeszcze cztery rze\u015bkie dni.<\/a> Do czwartku nocami zapowiadamy silne przymrozki, przy gruncie nawet poni\u017cej -5 st. C. Natomiast popo\u0142udniami na wschodzie i p\u00f3\u0142nocnym wschodzie s\u0142upki rt\u0119ci maj\u0105 mie\u0107 problemy z osi\u0105ganiem 10 st. C. Zimnej pogodzie towarzyszy\u0107 ma jednak du\u017ca ilo\u015b\u0107 s\u0142o\u0144ca, a je\u015bli gdzie\u015b popada, to symbolicznie i tylko na wschodzie.<\/p>\n<p class=\"VideoPlayerText_videoPlayerText__iDwyz\">Dalszy ci\u0105g materia\u0142u pod wideo<\/p>\n<p>To b\u0119dzie prze\u0142om w pogodzie. Znamy dat\u0119 gwa\u0142townego wzrostu temperatury <img decoding=\"async\" class=\"Image_image__0tuHp Image_autoHeight__f2n87 \" height=\"626\" width=\"940\" src=\"https:\/\/www.europesays.com\/pl\/wp-content\/uploads\/2026\/04\/4yrk9kpTURBXy81NWM4ZjIwYjhmMmJhYzIxYzYxMDg3M2E1MGFkMmFlMy5wbmeRlQLNA6wAwsPeAAOhMAGhMQGhM8M.jpeg\" alt=\"Znamy dat\u0119 gwa\u0142townego wzrostu temperatury\" loading=\"lazy\" \/>Stworzone przy u\u017cyciu AI \/ ChatGPT<\/p>\n<p>Znamy dat\u0119 gwa\u0142townego wzrostu temperatury<\/p>\n<p class=\"Paragraph_desktopParagraph__U31Gm\">Wygl\u0105da na to, \u017ce w czasie d\u0142ugiego weekendu przypadnie pierwszy w tym roku powiew lata. Wiele wskazuje na to, \u017ce od pi\u0105tku do niedzieli w ca\u0142ej <a href=\"https:\/\/wiadomosci.onet.pl\/polska\" id=\"5ac5d1f5-2438-48cb-810f-0a0cff7d9525\" rel=\"nofollow noopener\" target=\"_blank\">Polsce<\/a> mo\u017cemy liczy\u0107 na stabiln\u0105 pogod\u0119. Pada\u0107 nigdzie nie b\u0119dzie, a niebo zdominuje s\u0142o\u0144ce. Wychodz\u0105c do las\u00f3w, pami\u0119tajmy jednak o tym, \u017ce mamy susz\u0119, a kontynuacja bezdeszczowej aury przyczyni si\u0119 do dalszego zwi\u0119kszania si\u0119 zagro\u017cenia po\u017carowego.<\/p>\n<p><img decoding=\"async\" class=\"Image_image__0tuHp Image_autoHeight__f2n87 \" height=\"503\" width=\"940\" src=\"https:\/\/www.europesays.com\/pl\/wp-content\/uploads\/2026\/04\/aB4k9kpTURBXy85ZWIwNDQ5YTk4N2JlNDU0MmQ5Yjg4OGQ1OGRiYWRiNi5wbmeRlQLNA6wAwsPeAAOhMAGhMQGhM8M.jpeg\" alt=\"Czeka nas ci\u0105g dalszy bardzo suchej pogody. Potrwa ona co najmniej do ko\u0144ca d\u0142ugiego weekendu\" loading=\"lazy\" \/>IMGW-PIB METEO POLSKA<\/p>\n<p>Czeka nas ci\u0105g dalszy bardzo suchej pogody. Potrwa ona co najmniej do ko\u0144ca d\u0142ugiego weekendu<\/p>\n<p class=\"Paragraph_desktopParagraph__U31Gm\">Z ka\u017cdym dniem przewidujemy te\u017c wy\u017csze <a href=\"https:\/\/wiadomosci.onet.pl\/temperatura\" id=\"4d0153cd-7589-40ca-87a2-9224044d0cb7\" rel=\"nofollow noopener\" target=\"_blank\">temperatury<\/a>. Najcieplej b\u0119dzie na zachodzie, gdzie ju\u017c w pi\u0105tek odnotujemy 20-22 st. C, a w sobot\u0119 i niedziel\u0119 termometry mog\u0105 poszybowa\u0107 do 23-25 st. C. Niewykluczone jednak, \u017ce przej\u015bciowo zrobi si\u0119 jeszcze cieplej. W g\u0142\u0119bi kraju w pi\u0105tek zapowiadamy jeszcze umiarkowane warto\u015bci, do 13 do 16 st. C, ale ostatecznie koniec tygodnia i tam przyniesie wzrost, cho\u0107 nieco mniejszy. Z regu\u0142y przewidujemy od 18 do 23 st. C.<\/p>\n<p><img decoding=\"async\" class=\"Image_image__0tuHp Image_autoHeight__f2n87 \" height=\"760\" width=\"760\" src=\"https:\/\/www.europesays.com\/pl\/wp-content\/uploads\/2026\/04\/z-Ck9kpTURBXy81MzM5ZWIxMTJhMDY0Y2U5Mjc0ZDVhNzJiOGNiYTRmZS5wbmeRlQLNA6wAwsPeAAOhMAGhMQGhM8M.jpeg\" alt=\"Koniec tygodnia przyniesie du\u017cy wzrost temperatury i nawet ponad 20 st. C\" loading=\"lazy\" \/>meteologix.com<\/p>\n<p>Koniec tygodnia przyniesie du\u017cy wzrost temperatury i nawet ponad 20 st. C<\/p>\n<p class=\"Paragraph_desktopParagraph__U31Gm\">Mimo coraz cieplejszych dni, noce pozostan\u0105 rze\u015bkie. Do pi\u0105tkowego poranka utrzyma si\u0119 ryzyko <a href=\"https:\/\/wiadomosci.onet.pl\/przymrozki\" id=\"c50a78e2-42f3-4136-b637-b030314af554\" rel=\"nofollow noopener\" target=\"_blank\">przymrozk\u00f3w<\/a>. Dopiero w nocy z pi\u0105tku na sobot\u0119 i z soboty na niedziel\u0119 nocne mrozy odpuszcz\u0105, niemniej miejscami temperatura w najch\u0142odniejszej porze doby wci\u0105\u017c mo\u017ce do\u015b\u0107 mocno spada\u0107, zaledwie do ok. 5 st. C. Z regu\u0142y najwy\u017csze warto\u015bci przewidujemy na zachodzie, a im dalej na wsch\u00f3d, tym b\u0119dzie ch\u0142odniej.<\/p>\n<p><img decoding=\"async\" class=\"Image_image__0tuHp Image_autoHeight__f2n87 \" height=\"503\" width=\"940\" src=\"https:\/\/www.europesays.com\/pl\/wp-content\/uploads\/2026\/04\/rK7k9kpTURBXy81ZWNhN2I2YWE0ZTE5YjQ1ODFiMTg0MDIxY2Y1NTJiZi5wbmeRlQLNA6wAwsPeAAOhMAGhMQGhM8M.jpeg\" alt=\"Polsk\u0119 na wiele dni zdominuje s\u0142o\u0144ce\" loading=\"lazy\" \/>IMGW-PIB METEO POLSKA<\/p>\n<p>Polsk\u0119 na wiele dni zdominuje s\u0142o\u0144ce<\/p>\n<p class=\"Paragraph_desktopParagraph__U31Gm\">Kolejna zmiana pogody nadejdzie do Polski nie wcze\u015bniej ni\u017c po d\u0142ugim weekendzie, w okolicach 4\u20135 maja. W\u00f3wczas niewykluczone jest nadej\u015bcie front\u00f3w z deszczem oraz burzami, jak i spadek temperatury.<\/p>\n","protected":false},"excerpt":{"rendered":"Tak jak ju\u017c pisali\u015bmy dzi\u015b w Onecie, czekaj\u0105 nas jeszcze cztery rze\u015bkie dni. Do czwartku nocami zapowiadamy silne&hellip;\n","protected":false},"author":2,"featured_media":393068,"comment_status":"","ping_status":"","sticky":false,"template":"","format":"standard","meta":{"footnotes":"","_share_on_mastodon":"0"},"categories":[12],"tags":[32,33,36,37,27,67,34,35,6987,28,31,53,25,5538,52,68,51,55,42,78,38,40,39,41,47,1984,29,30,65,50,26],"class_list":["post-393067","post","type-post","status-publish","format-standard","has-post-thumbnail","category-polska","tag-breaking-news","tag-breakingnews","tag-featured-news","tag-featurednews","tag-headlines","tag-intextvideo_splayer","tag-latest-news","tag-latestnews","tag-mroz","tag-naglowki","tag-najwazniejsze-artykuly","tag-new_header","tag-news","tag-ocieplenie","tag-onet3","tag-onet3d","tag-onet3d_2i","tag-phx","tag-pl","tag-pogoda","tag-poland","tag-polish","tag-polska","tag-polski","tag-screening_general","tag-slonce","tag-top-stories","tag-topstories","tag-update_me","tag-v2021","tag-wiadomosci"],"share_on_mastodon":{"url":"https:\/\/pubeurope.com\/@pl\/116476485728366136","error":""},"_links":{"self":[{"href":"https:\/\/www.europesays.com\/pl\/wp-json\/wp\/v2\/posts\/393067","targetHints":{"allow":["GET"]}}],"collection":[{"href":"https:\/\/www.europesays.com\/pl\/wp-json\/wp\/v2\/posts"}],"about":[{"href":"https:\/\/www.europesays.com\/pl\/wp-json\/wp\/v2\/types\/post"}],"author":[{"embeddable":true,"href":"https:\/\/www.europesays.com\/pl\/wp-json\/wp\/v2\/users\/2"}],"replies":[{"embeddable":true,"href":"https:\/\/www.europesays.com\/pl\/wp-json\/wp\/v2\/comments?post=393067"}],"version-history":[{"count":0,"href":"https:\/\/www.europesays.com\/pl\/wp-json\/wp\/v2\/posts\/393067\/revisions"}],"wp:featuredmedia":[{"embeddable":true,"href":"https:\/\/www.europesays.com\/pl\/wp-json\/wp\/v2\/media\/393068"}],"wp:attachment":[{"href":"https:\/\/www.europesays.com\/pl\/wp-json\/wp\/v2\/media?parent=393067"}],"wp:term":[{"taxonomy":"category","embeddable":true,"href":"https:\/\/www.europesays.com\/pl\/wp-json\/wp\/v2\/categories?post=393067"},{"taxonomy":"post_tag","embeddable":true,"href":"https:\/\/www.europesays.com\/pl\/wp-json\/wp\/v2\/tags?post=393067"}],"curies":[{"name":"wp","href":"https:\/\/api.w.org\/{rel}","templated":true}]}}