{"id":393188,"date":"2026-04-27T12:53:15","date_gmt":"2026-04-27T12:53:15","guid":{"rendered":"https:\/\/www.europesays.com\/pl\/393188\/"},"modified":"2026-04-27T12:53:15","modified_gmt":"2026-04-27T12:53:15","slug":"talksdrinks-with-friends-krakow-loftmill-diamante-plaza","status":"publish","type":"post","link":"https:\/\/www.europesays.com\/pl\/393188\/","title":{"rendered":"Talks&#038;Drinks with friends &#8211; Krak\u00f3w, Loftmill Diamante Plaza"},"content":{"rendered":"<p>Talks&amp;Drinks with friends\u00a0to format networkingowy Pro Progressio, w kt\u00f3rym \u0142\u0105czymy kr\u00f3tki, merytoryczny wst\u0119p z otwart\u0105 rozmow\u0105 w kameralnym gronie. Spotkamy si\u0119 w modelu &#8222;with friends&#8221; co oznacza, \u017ce poza cz\u0142onkami Klubu Pro Progressio, na wydarzeniu mog\u0105 pojawi\u0107 si\u0119 przedstawiciele innych organizacji, zaproszonych przez Cz\u0142onk\u00f3w Klubu.<\/p>\n<p>Spotykamy si\u0119 7 maja w przestrzeniach biurowych Loftmill, mieszcz\u0105cym si\u0119 w budynku Diamante Plaza, przy ulicy Dekerta 24.\u00a0<\/p>\n<p>Agenda jest prosta: kr\u00f3tkie wprowadzenie merytoryczne, a nast\u0119pnie czas na swobodny networking i kontynuacj\u0119 rozm\u00f3w w nieformalnym wydaniu. Wydarzenie b\u0119dzie prowadzone w j\u0119zyku polskim.<\/p>\n<p>W spotkaniach Talks&amp;Drinks stawiamy na networking. Je\u015bli masz smyczk\u0119 swojej firmy, to we\u017a j\u0105 ze sob\u0105 na nasze spotkanie i podczepimy na niej Tw\u00f3j identyfikator. Poka\u017c nam jak\u0105 firm\u0119 reprezentujesz. Je\u015bli nie b\u0119dziesz mia\u0142 w\u0142asnej, to dostaniesz nasz\u0105.<\/p>\n<p>Je\u015bli cenisz spotkania, w kt\u00f3rych liczy si\u0119 warto\u015bciowa tre\u015b\u0107 i relacje budowane wok\u00f3\u0142 wsp\u00f3lnych wyzwa\u0144 biznesowych \u2013 do\u0142\u0105cz do nas w Krakowie!<\/p>\n<p>            &#13;<br \/>\nDla cz\u0142onk\u00f3w Klubu Pro Progressio&#13;<br \/>\nDla przedstawicieli innych organizacji, zaproszonych przez Cz\u0142onk\u00f3w Klubu, kt\u00f3rzy nigdy wcze\u015bniej nie brali udzia\u0142u w takim spotkaniu&#13;<\/p>\n","protected":false},"excerpt":{"rendered":"Talks&amp;Drinks with friends\u00a0to format networkingowy Pro Progressio, w kt\u00f3rym \u0142\u0105czymy kr\u00f3tki, merytoryczny wst\u0119p z otwart\u0105 rozmow\u0105 w kameralnym&hellip;\n","protected":false},"author":2,"featured_media":393189,"comment_status":"","ping_status":"","sticky":false,"template":"","format":"standard","meta":{"footnotes":"","_share_on_mastodon":"0"},"categories":[51606],"tags":[1304,37330,42,38,40,39,41,71535,71536],"class_list":["post-393188","post","type-post","status-publish","format-standard","has-post-thumbnail","category-krakow","tag-krakow","tag-networking","tag-pl","tag-poland","tag-polish","tag-polska","tag-polski","tag-pro-progressio","tag-talksdrinks"],"share_on_mastodon":{"url":"https:\/\/pubeurope.com\/@pl\/116476772806071868","error":""},"_links":{"self":[{"href":"https:\/\/www.europesays.com\/pl\/wp-json\/wp\/v2\/posts\/393188","targetHints":{"allow":["GET"]}}],"collection":[{"href":"https:\/\/www.europesays.com\/pl\/wp-json\/wp\/v2\/posts"}],"about":[{"href":"https:\/\/www.europesays.com\/pl\/wp-json\/wp\/v2\/types\/post"}],"author":[{"embeddable":true,"href":"https:\/\/www.europesays.com\/pl\/wp-json\/wp\/v2\/users\/2"}],"replies":[{"embeddable":true,"href":"https:\/\/www.europesays.com\/pl\/wp-json\/wp\/v2\/comments?post=393188"}],"version-history":[{"count":0,"href":"https:\/\/www.europesays.com\/pl\/wp-json\/wp\/v2\/posts\/393188\/revisions"}],"wp:featuredmedia":[{"embeddable":true,"href":"https:\/\/www.europesays.com\/pl\/wp-json\/wp\/v2\/media\/393189"}],"wp:attachment":[{"href":"https:\/\/www.europesays.com\/pl\/wp-json\/wp\/v2\/media?parent=393188"}],"wp:term":[{"taxonomy":"category","embeddable":true,"href":"https:\/\/www.europesays.com\/pl\/wp-json\/wp\/v2\/categories?post=393188"},{"taxonomy":"post_tag","embeddable":true,"href":"https:\/\/www.europesays.com\/pl\/wp-json\/wp\/v2\/tags?post=393188"}],"curies":[{"name":"wp","href":"https:\/\/api.w.org\/{rel}","templated":true}]}}