{"id":393311,"date":"2026-04-27T13:59:13","date_gmt":"2026-04-27T13:59:13","guid":{"rendered":"https:\/\/www.europesays.com\/pl\/393311\/"},"modified":"2026-04-27T13:59:13","modified_gmt":"2026-04-27T13:59:13","slug":"nieoficjalnie-palac-prezydencki-reaguje-na-slowa-tuska-bedzie-wniosek-do-rzadu","status":"publish","type":"post","link":"https:\/\/www.europesays.com\/pl\/393311\/","title":{"rendered":"Nieoficjalnie: Pa\u0142ac Prezydencki reaguje na s\u0142owa Tuska. B\u0119dzie wniosek do rz\u0105du"},"content":{"rendered":"<p>Co musisz wiedzie\u0107:<\/p>\n<p><a href=\"https:\/\/pl.wikipedia.org\/wiki\/Pa%C5%82ac_Prezydencki_w_Warszawie\" rel=\"nofollow noopener\" target=\"_blank\">Pa\u0142ac Prezydencki<\/a> ma zwr\u00f3ci\u0107 si\u0119 do rz\u0105du o szczeg\u00f3\u0142owe informacje ws. mo\u017cliwego zagro\u017cenia rosyjsk\u0105 agresj\u0105.<br \/>\nWed\u0142ug doniesie\u0144 Wirtualnej Polski Kancelaria Prezydenta RP by\u0142a zaskoczona s\u0142owami <a href=\"https:\/\/pl.wikipedia.org\/wiki\/Donald_Tusk\" rel=\"nofollow noopener\" target=\"_blank\">Donalda Tuska<\/a>, kt\u00f3re premier wypowiedzia\u0142 na \u0142amach zachodniej prasy.<br \/>\nPremier w wywiadzie dla \u201eFinancial Times\u201d m\u00f3wi\u0142 o ryzyku ataku przez Rosj\u0119 na kraj <a href=\"https:\/\/pl.wikipedia.org\/wiki\/NATO\" target=\"_balnk\" rel=\"follow nofollow noopener\" data-link-id=\"11\">NATO<\/a> \u201eraczej w ci\u0105gu miesi\u0119cy ni\u017c lat\u201d.<br \/>\nKrytycznie do wypowiedzi odni\u00f3s\u0142 si\u0119 m.in. prezes PiS Jaros\u0142aw Kaczy\u0144ski, zarzucaj\u0105c Tuskowi podwa\u017canie sojuszu z USA.<\/p>\n<p>Jest reakcja Pa\u0142acu Prezydenckiego po wywiadzie Tuska<\/p>\n<p>Pa\u0142ac Prezydencki ma wyst\u0105pi\u0107 do rz\u0105du o poszerzon\u0105 informacj\u0119 w sprawie potencjalnego zagro\u017cenia rosyjsk\u0105 agresj\u0105 w ci\u0105gu kilku miesi\u0119cy. Ze strony Kancelarii Prezydenta nieoficjalnie s\u0142ycha\u0107, \u017ce nie posiada ona informacji o rosyjskim zagro\u017ceniu w takiej perspektywie i by\u0142a zaskoczona s\u0142owami Donalda Tuska<\/p>\n<p>\u2013 donosi Wirtualna Polska.<\/p>\n<p>Podobne informacje na platformie X przekaza\u0142a dziennikarka Interii Kamila Baranowska.<\/p>\n<p>Pa\u0142ac Prezydencki zwr\u00f3ci si\u0119 do rz\u0105du z pro\u015bb\u0105 o pog\u0142\u0119bion\u0105 informacj\u0119 w zwi\u0105zku ze s\u0142owami premiera dla \u201eFT\u201d dot. ataku Rosji \u201ew ci\u0105gu kilku miesi\u0119cy\u201d. Pa\u0142ac nie kryje, \u017ce jest zaskoczony tymi s\u0142owami i nie by\u0142y one konsultowane ani omawiane z prezydentem<\/p>\n<p>\u2013 poinformowa\u0142a red. Baranowska.<\/p>\n<p>\u00a0<\/p>\n<p>Szokuj\u0105ce wypowiedzi Tuska dla \u201eFinancial Times\u201d<\/p>\n<p>Donald Tusk powiedzia\u0142 w opublikowanym w pi\u0105tek wywiadzie dla \u201eFinancial Times\u201d, \u017ce czasami \u201ema pewne problemy\u201d z wiar\u0105, \u017ce artyku\u0142 5 Traktatu Waszyngto\u0144skiego o wzajemnej obronie sojusznik\u00f3w w <a href=\"https:\/\/pl.wikipedia.org\/wiki\/NATO\" target=\"_balnk\" rel=\"follow nofollow noopener\" data-link-id=\"11\">NATO<\/a> nadal obowi\u0105zuje. Podkre\u015bli\u0142, \u017ce USA traktuj\u0105 Polsk\u0119 jako jednego z najlepszych i najbli\u017cszych sojusznik\u00f3w w Europie, ale kluczowe jest, jak zadzia\u0142a\u0142oby to w praktyce, gdyby \u201eco\u015b si\u0119 wydarzy\u0142o\u201d.<\/p>\n<p>Tusk powiedzia\u0142 w rozmowie z gazet\u0105, \u017ce \u201enajwi\u0119kszym i najwa\u017cniejszym pytaniem dla Europy jest to, czy Stany Zjednoczone s\u0105 gotowe by\u0107 tak lojalne, jak opisano to w naszych traktatach (<a href=\"https:\/\/pl.wikipedia.org\/wiki\/NATO\" target=\"_balnk\" rel=\"follow nofollow noopener\" data-link-id=\"11\">NATO<\/a>)\u201d. Ostrzeg\u0142 jednocze\u015bnie, \u017ce Rosja mo\u017ce zaatakowa\u0107 cz\u0142onka Sojuszu w perspektywie \u201eraczej miesi\u0119cy ni\u017c lat\u201d.<\/p>\n<p>W rozmowie z brytyjskim dziennikiem Tusk stwierdzi\u0142, \u017ce UE powinna wzmocni\u0107 w\u0142asn\u0105 klauzul\u0119 wzajemnej obrony zawart\u0105 w art. 42 ust. 7 Traktatu o Unii Europejskiej.<\/p>\n<p>Dziennik, nazywaj\u0105c stwierdzenia Tuska \u201eniezwyk\u0142\u0105 wypowiedzi\u0105\u201d, podkre\u015bli\u0142, \u017ce odzwierciedla ona niepewno\u015b\u0107 rosn\u0105c\u0105 w Europie po gro\u017abach prezydenta USA Donalda Trumpa i jego chwiejnym zaanga\u017cowaniu w obron\u0119 kontynentu.\u00a0<\/p>\n<p>Jaros\u0142aw Kaczy\u0144ski: Tusk znowu ograny<\/p>\n<p>Jak podkre\u015bla prezes PiS, Donald Tusk \u201ekolejny raz Tusk da\u0142 si\u0119 podpu\u015bci\u0107 i wykona\u0142 dyspozycje z Berlina, atakuj\u0105c Amerykan\u00f3w i de facto podwa\u017caj\u0105c sens art. 5 Traktatu P\u00f3\u0142nocnoatlantyckiego, kt\u00f3ry gwarantuje wzajemn\u0105, sojusznicz\u0105 obron\u0119\u201d.\u00a0<\/p>\n<p>Tusk niszczy relacje polsko-ameryka\u0144skie, a w tym czasie Niemcy zacie\u015bniaj\u0105 wsp\u00f3\u0142prac\u0119 z Amerykanami nad koncepcj\u0105 <a href=\"https:\/\/pl.wikipedia.org\/wiki\/NATO\" target=\"_balnk\" rel=\"follow nofollow noopener\" data-link-id=\"11\">NATO<\/a> 3.0<\/p>\n<p>\u2013 mocno skwitowa\u0142 Jaros\u0142aw Kaczy\u0144ski i podkre\u015bli\u0142, \u017ce \u201eTusk znowu ograny\u201d.<\/p>\n<p>Rz\u0105dzi nami agentura czy ludzie, kt\u00f3rym B\u00f3g posk\u0105pi\u0142 jakichkolwiek zdolno\u015bci politycznych? Ta diagnoza jest i tak bardzo \u0142agodna i optymistyczna<\/p>\n<p>\u2013 podsumowa\u0142 prezes PiS.<\/p>\n","protected":false},"excerpt":{"rendered":"Co musisz wiedzie\u0107: Pa\u0142ac Prezydencki ma zwr\u00f3ci\u0107 si\u0119 do rz\u0105du o szczeg\u00f3\u0142owe informacje ws. mo\u017cliwego zagro\u017cenia rosyjsk\u0105 agresj\u0105.&hellip;\n","protected":false},"author":2,"featured_media":393312,"comment_status":"","ping_status":"","sticky":false,"template":"","format":"standard","meta":{"footnotes":"","_share_on_mastodon":"0"},"categories":[62713],"tags":[210,113,61546,1345,190,291,399,5567,49,261,102,907,39,7870,80,17258,26,1092],"class_list":["post-393311","post","type-post","status-publish","format-standard","has-post-thumbnail","category-donald-tusk","tag-aktualnosci","tag-biznes","tag-blogi","tag-donald-tusk","tag-gospodarka","tag-historia","tag-informacje","tag-komentarze","tag-kraj","tag-kultura","tag-opinie","tag-polityka","tag-polska","tag-solidarnosc","tag-swiat","tag-tygodnik","tag-wiadomosci","tag-wydarzenia"],"share_on_mastodon":{"url":"https:\/\/pubeurope.com\/@pl\/116477032194391762","error":""},"_links":{"self":[{"href":"https:\/\/www.europesays.com\/pl\/wp-json\/wp\/v2\/posts\/393311","targetHints":{"allow":["GET"]}}],"collection":[{"href":"https:\/\/www.europesays.com\/pl\/wp-json\/wp\/v2\/posts"}],"about":[{"href":"https:\/\/www.europesays.com\/pl\/wp-json\/wp\/v2\/types\/post"}],"author":[{"embeddable":true,"href":"https:\/\/www.europesays.com\/pl\/wp-json\/wp\/v2\/users\/2"}],"replies":[{"embeddable":true,"href":"https:\/\/www.europesays.com\/pl\/wp-json\/wp\/v2\/comments?post=393311"}],"version-history":[{"count":0,"href":"https:\/\/www.europesays.com\/pl\/wp-json\/wp\/v2\/posts\/393311\/revisions"}],"wp:featuredmedia":[{"embeddable":true,"href":"https:\/\/www.europesays.com\/pl\/wp-json\/wp\/v2\/media\/393312"}],"wp:attachment":[{"href":"https:\/\/www.europesays.com\/pl\/wp-json\/wp\/v2\/media?parent=393311"}],"wp:term":[{"taxonomy":"category","embeddable":true,"href":"https:\/\/www.europesays.com\/pl\/wp-json\/wp\/v2\/categories?post=393311"},{"taxonomy":"post_tag","embeddable":true,"href":"https:\/\/www.europesays.com\/pl\/wp-json\/wp\/v2\/tags?post=393311"}],"curies":[{"name":"wp","href":"https:\/\/api.w.org\/{rel}","templated":true}]}}