{"id":393705,"date":"2026-04-27T18:02:06","date_gmt":"2026-04-27T18:02:06","guid":{"rendered":"https:\/\/www.europesays.com\/pl\/393705\/"},"modified":"2026-04-27T18:02:06","modified_gmt":"2026-04-27T18:02:06","slug":"kim-jest-obecny-maz-joanny-kos-krauze-jego-zycie-prywatne-budzi-emocje","status":"publish","type":"post","link":"https:\/\/www.europesays.com\/pl\/393705\/","title":{"rendered":"Kim jest obecny m\u0105\u017c Joanny Kos-Krauze? Jego \u017cycie prywatne budzi emocje"},"content":{"rendered":"<p>W ostatnim czasie wok\u00f3\u0142 Joanny Kos-Krauze pojawi\u0142y si\u0119 kontrowersje zwi\u0105zane z jej zachowaniem podczas pracy nad filmem &#8222;Ptaki \u015bpiewaj\u0105 w Kigali&#8221;. Gilbert Sezirahiga, ocala\u0142y z ludob\u00f3jstwa w Rwandzie, opisa\u0142 trudne do\u015bwiadczenia ze wsp\u00f3\u0142pracy z re\u017cyserk\u0105. <a href=\"https:\/\/wiadomosci.onet.pl\/swiat\/szokujace-zachowanie-znanej-rezyserki-lezalem-na-podlodze-i-plakalem\/vdymwfh\" id=\"c5ae0165-0361-4358-832d-6ee2f44896a9\" rel=\"nofollow noopener\" target=\"_blank\">Jak opisuje na \u0142amach Onetu Magdalena Rigamonti<\/a>, wed\u0142ug jego relacji, Kos-Krauze mia\u0142a dopu\u015bci\u0107 si\u0119 wobec niego przemocy psychicznej i fizycznej podczas realizacji filmu. Dalszy ci\u0105g artyku\u0142u pod materia\u0142em wideo <\/p>\n<p>Joanna Kos-Krauze by\u0142a wcze\u015bniej \u017con\u0105 bankowca Mateusza Kosa, nast\u0119pnie, w 2004 r., po\u015blubi\u0142a re\u017cysera Krzysztofa Krauzego, z kt\u00f3rym by\u0142a zwi\u0105zana przez sze\u015b\u0107 lat przed \u015blubem. Jej obecny partner, Igor S\u0142awomir de Lendorff, znany tak\u017ce jako Igor Lendorf lub wcze\u015bniej Igor Dzierz\u0119cki, jest publicyst\u0105 i fotografem. Od 2022 r. re\u017cyserka u\u017cywa nazwiska Krauze de Lendorff.<\/p>\n<p>Igor S\u0142awomir de Lendorff przez kilka lat by\u0142 partnerem Marii Seweryn, aktorki i c\u00f3rki Krystyny Jandy oraz Andrzeja Seweryna. Para doczeka\u0142a si\u0119 syna, jednak ich relacja zako\u0144czy\u0142a si\u0119 w 2019 r. Po rozstaniu aktorka w wywiadzie dla &#8222;Pani&#8221; podkre\u015bla\u0142a, \u017ce bardzo pragn\u0119\u0142a mie\u0107 syna i jej marzenie si\u0119 spe\u0142ni\u0142o. Wspomina\u0142a tak\u017ce, \u017ce wychowuje ch\u0142opca samodzielnie i wyrazi\u0142a nadziej\u0119, \u017ce nie stanie si\u0119 &#8222;toksyczn\u0105 matk\u0105&#8221;, kt\u00f3ra traktuje syna jak partnera, zauwa\u017caj\u0105c, \u017ce wiele kobiet pope\u0142nia ten b\u0142\u0105d.<\/p>\n<p>Zwi\u0105zek Marii Seweryn z de Lendorffem od pocz\u0105tku budzi\u0142 spore emocje. Powodem by\u0142y wcze\u015bniejsze relacje fotografa \u2014 mia\u0142 on ju\u017c pi\u0119cioro dzieci z trzema r\u00f3\u017cnymi kobietami. Ich relacja mia\u0142a r\u00f3wnie\u017c wp\u0142yw na stosunki aktorki z jej matk\u0105, Krystyn\u0105 Jand\u0105, kt\u00f3re uleg\u0142y pogorszeniu.<\/p>\n<p>Czytaj tak\u017ce:<\/p>\n","protected":false},"excerpt":{"rendered":"W ostatnim czasie wok\u00f3\u0142 Joanny Kos-Krauze pojawi\u0142y si\u0119 kontrowersje zwi\u0105zane z jej zachowaniem podczas pracy nad filmem &#8222;Ptaki&hellip;\n","protected":false},"author":2,"featured_media":393706,"comment_status":"","ping_status":"","sticky":false,"template":"","format":"standard","meta":{"footnotes":"","_share_on_mastodon":"0"},"categories":[22],"tags":[61195,1942,122,33202,48,46,42,38,40,39,41,123,27709,47,2579,628],"class_list":["post-393705","post","type-post","status-publish","format-standard","has-post-thumbnail","category-rozrywka","tag-bottomfeed_styl","tag-celebryci","tag-entertainment","tag-joanna_kos_krauze","tag-nat_styl","tag-omp","tag-pl","tag-poland","tag-polish","tag-polska","tag-polski","tag-rozrywka","tag-rwanda","tag-screening_general","tag-zwiazki","tag-zwiazki_celebrytow"],"share_on_mastodon":{"url":"https:\/\/pubeurope.com\/@pl\/116477987701577987","error":""},"_links":{"self":[{"href":"https:\/\/www.europesays.com\/pl\/wp-json\/wp\/v2\/posts\/393705","targetHints":{"allow":["GET"]}}],"collection":[{"href":"https:\/\/www.europesays.com\/pl\/wp-json\/wp\/v2\/posts"}],"about":[{"href":"https:\/\/www.europesays.com\/pl\/wp-json\/wp\/v2\/types\/post"}],"author":[{"embeddable":true,"href":"https:\/\/www.europesays.com\/pl\/wp-json\/wp\/v2\/users\/2"}],"replies":[{"embeddable":true,"href":"https:\/\/www.europesays.com\/pl\/wp-json\/wp\/v2\/comments?post=393705"}],"version-history":[{"count":0,"href":"https:\/\/www.europesays.com\/pl\/wp-json\/wp\/v2\/posts\/393705\/revisions"}],"wp:featuredmedia":[{"embeddable":true,"href":"https:\/\/www.europesays.com\/pl\/wp-json\/wp\/v2\/media\/393706"}],"wp:attachment":[{"href":"https:\/\/www.europesays.com\/pl\/wp-json\/wp\/v2\/media?parent=393705"}],"wp:term":[{"taxonomy":"category","embeddable":true,"href":"https:\/\/www.europesays.com\/pl\/wp-json\/wp\/v2\/categories?post=393705"},{"taxonomy":"post_tag","embeddable":true,"href":"https:\/\/www.europesays.com\/pl\/wp-json\/wp\/v2\/tags?post=393705"}],"curies":[{"name":"wp","href":"https:\/\/api.w.org\/{rel}","templated":true}]}}