{"id":393785,"date":"2026-04-27T18:55:08","date_gmt":"2026-04-27T18:55:08","guid":{"rendered":"https:\/\/www.europesays.com\/pl\/393785\/"},"modified":"2026-04-27T18:55:08","modified_gmt":"2026-04-27T18:55:08","slug":"polsko-irlandzkie-rozmowy-o-wspolpracy","status":"publish","type":"post","link":"https:\/\/www.europesays.com\/pl\/393785\/","title":{"rendered":"Polsko-irlandzkie rozmowy o wsp\u00f3\u0142pracy"},"content":{"rendered":"<p>&#13;<br \/>\n  Cyberbezpiecze\u0144stwo, wojskowe szkolnictwo wy\u017csze i ochrona infrastruktury krytycznej to tematy rozmowy szef\u00f3w resort\u00f3w obrony Polski i Irlandii. Do spotkania ministr\u00f3w dosz\u0142o dzisiaj w Warszawie. \u2013 Istnieje wiele obszar\u00f3w, w kt\u00f3rych jeste\u015bmy zgodni, a dla Irlandii bezpiecze\u0144stwo i obrona pozostan\u0105 priorytetem \u2013 podsumowa\u0142a minister Helen McEntee.&#13;\n<\/p>\n<p>&#13;<br \/>\n  &#13;<br \/>\n    <img loading=\"lazy\" decoding=\"async\" style=\"display: block; margin-left: auto; margin-right: auto;\" src=\"https:\/\/www.europesays.com\/pl\/wp-content\/uploads\/2026\/04\/109359.jpeg\" alt=\"\" width=\"800\" height=\"533\"\/>&#13;<br \/>\n  &#13;\n<\/p>\n<p>Dzisiejsza wizyta minister obrony Irlandii Helen McEntee w Polsce ma zwi\u0105zek z przygotowywaniem si\u0119 tego kraju do obj\u0119cia przewodnictwa w Unii Europejskiej, co nast\u0105pi 1 lipca tego roku. Szefowa irlandzkiego MON-u spotka\u0142a si\u0119 w Warszawie m.in. z wicepremierem W\u0142adys\u0142awem Kosiniakiem-Kamyszem. Tematem rozm\u00f3w by\u0142a wsp\u00f3\u0142praca w obszarze cyberbezpiecze\u0144stwa, wojskowego szkolnictwa wy\u017cszego i ochrony infrastruktury krytycznej.<\/p>\n<p>Irlandia jest jednym z tych kraj\u00f3w Unii Europejskiej, kt\u00f3re nie nale\u017c\u0105 do NATO i w kwestiach militarnych zachowuje neutralno\u015b\u0107. W \u015blad za tym id\u0105 stosunkowo niskie nak\u0142ady na obronno\u015b\u0107, w por\u00f3wnaniu np. z Polsk\u0105 czy \u015bredni\u0105 w NATO. W ubieg\u0142ym roku bud\u017cetowe wydatki na wojsko stanowi\u0142y zaledwie 0,3% irlandzkiego PKB.<\/p>\n<p>Szefowa irlandzkiego MON-u zapewni\u0142a, \u017ce Polska i Irlandia dziel\u0105 wsp\u00f3lne warto\u015bci oraz dobrze wsp\u00f3\u0142pracuj\u0105 na forum Unii Europejskiej przy przezwyci\u0119\u017caniu najwi\u0119kszych wyzwa\u0144 w obszarze bezpiecze\u0144stwa. W tym kontek\u015bcie wspomnia\u0142a o wojnie w Ukrainie, procesie nak\u0142adania unijnych sankcji na Rosj\u0119 oraz dalszym wsparciu Kijowa. \u2013 Istnieje wiele obszar\u00f3w, w kt\u00f3rych jeste\u015bmy zgodni, a dla Irlandii, szczeg\u00f3lnie w kontek\u015bcie zbli\u017caj\u0105cej si\u0119 prezydencji, bezpiecze\u0144stwo i obrona pozostan\u0105 priorytetem \u2013 m\u00f3wi\u0142a McEntee.<\/p>\n<p>Ministrowie przypomnieli, \u017ce wojskowa wsp\u00f3\u0142praca Polski i Irlandii ma obecnie bardzo realny kszta\u0142t. Oba kraje wsp\u00f3\u0142tworz\u0105 <a href=\"https:\/\/polska-zbrojna.pl\/home\/articleshow\/46167?t=Grozny-incydent-w-Libanie\" target=\"_blank\" rel=\"nofollow noopener\">batalion si\u0142 Organizacji Narod\u00f3w Zjednoczonych<\/a>, kt\u00f3ry realizuje mi\u0119dzynarodow\u0105 misj\u0119 na izraelsko-liba\u0144skim pograniczu. \u2013 Ta trudna misja nie przynosi takich efekt\u00f3w, jak by\u015bmy chcieli. Ona nie realizuje postanowienia ONZ-etu, kt\u00f3re mia\u0142o doprowadzi\u0107 do pokoju. Ale nasi \u017co\u0142nierze, polscy i irlandzcy, zdaj\u0105 egzamin \u2013 zaznaczy\u0142 wicepremier Kosiniak-Kamysz. Realia wykonywania mandatu ONZ-etu zmieni\u0142y si\u0119 radykalnie po izraelskim ataku na Liban, kt\u00f3ry nast\u0105pi\u0142 w zwi\u0105zku z wojn\u0105 w Zatoce Perskiej. <a href=\"https:\/\/polska-zbrojna.pl\/home\/articleshow\/46034?t=Wypadek-w-PKW-UNIFIL\" target=\"_blank\" rel=\"nofollow noopener\">Kilkukrotnie \u017co\u0142nierze b\u0142\u0119kitnych he\u0142m\u00f3w znale\u017ali si\u0119 pod ogniem<\/a>, a jeden z nich \u2013 wojskowy z francuskiego kontyngentu \u2013 zgin\u0105\u0142. Misja w Libanie trwa formalnie do ko\u0144ca tego roku. Obecnie na forum ONZ-etu trwa dyskusja, co dalej.<\/p>\n<p>W\u0142adys\u0142aw Kosiniak-Kamysz zaprosi\u0142 dzisiaj Irlandi\u0119 i jej przemys\u0142 do udzia\u0142u we wrze\u015bniowych targach MSPO w Kielcach. Specjalno\u015bci\u0105 przemys\u0142u obronnego \u201eZielonej Wyspy\u201d s\u0105 technologie z obszaru cyberbezpiecze\u0144stwa, implementacja sztucznej inteligencji oraz sprz\u0119t i uzbrojenie wykorzystywane do wzmacniania obrony na morzu.<\/p>\n","protected":false},"excerpt":{"rendered":"&#13; Cyberbezpiecze\u0144stwo, wojskowe szkolnictwo wy\u017csze i ochrona infrastruktury krytycznej to tematy rozmowy szef\u00f3w resort\u00f3w obrony Polski i Irlandii.&hellip;\n","protected":false},"author":2,"featured_media":393786,"comment_status":"","ping_status":"","sticky":false,"template":"","format":"standard","meta":{"footnotes":"","_share_on_mastodon":"0"},"categories":[12],"tags":[2891,425,71626,7257,8660,1587,52570,18211,1191,42,38,2279,40,39,50002,52571,41,6525,161,5041,71627,6573],"class_list":["post-393785","post","type-post","status-publish","format-standard","has-post-thumbnail","category-polska","tag-armia","tag-bezpieczenstwo","tag-helen-mcentee","tag-irlandia","tag-ministerstwo-obrony-narodowej","tag-mon","tag-obrona-narodowa","tag-oficer","tag-onz","tag-pl","tag-poland","tag-poligon","tag-polish","tag-polska","tag-polska-zbrojna","tag-polska-zbrojna-pl","tag-polski","tag-wladyslaw-kosiniak-kamysz","tag-wojsko","tag-wojsko-polskie","tag-wsplpraca-wojskowa-polska-irlandia","tag-zolnierz"],"share_on_mastodon":{"url":"https:\/\/pubeurope.com\/@pl\/116478196279611072","error":""},"_links":{"self":[{"href":"https:\/\/www.europesays.com\/pl\/wp-json\/wp\/v2\/posts\/393785","targetHints":{"allow":["GET"]}}],"collection":[{"href":"https:\/\/www.europesays.com\/pl\/wp-json\/wp\/v2\/posts"}],"about":[{"href":"https:\/\/www.europesays.com\/pl\/wp-json\/wp\/v2\/types\/post"}],"author":[{"embeddable":true,"href":"https:\/\/www.europesays.com\/pl\/wp-json\/wp\/v2\/users\/2"}],"replies":[{"embeddable":true,"href":"https:\/\/www.europesays.com\/pl\/wp-json\/wp\/v2\/comments?post=393785"}],"version-history":[{"count":0,"href":"https:\/\/www.europesays.com\/pl\/wp-json\/wp\/v2\/posts\/393785\/revisions"}],"wp:featuredmedia":[{"embeddable":true,"href":"https:\/\/www.europesays.com\/pl\/wp-json\/wp\/v2\/media\/393786"}],"wp:attachment":[{"href":"https:\/\/www.europesays.com\/pl\/wp-json\/wp\/v2\/media?parent=393785"}],"wp:term":[{"taxonomy":"category","embeddable":true,"href":"https:\/\/www.europesays.com\/pl\/wp-json\/wp\/v2\/categories?post=393785"},{"taxonomy":"post_tag","embeddable":true,"href":"https:\/\/www.europesays.com\/pl\/wp-json\/wp\/v2\/tags?post=393785"}],"curies":[{"name":"wp","href":"https:\/\/api.w.org\/{rel}","templated":true}]}}