{"id":394216,"date":"2026-04-27T23:46:09","date_gmt":"2026-04-27T23:46:09","guid":{"rendered":"https:\/\/www.europesays.com\/pl\/394216\/"},"modified":"2026-04-27T23:46:09","modified_gmt":"2026-04-27T23:46:09","slug":"spor-o-zboze-z-ukrainy-izraelski-minister-odpowiada-kijowowi-onet","status":"publish","type":"post","link":"https:\/\/www.europesays.com\/pl\/394216\/","title":{"rendered":"Sp\u00f3r o zbo\u017ce z Ukrainy. Izraelski minister odpowiada Kijowowi &#8211; Onet"},"content":{"rendered":"<ol>\n<li><a href=\"https:\/\/news.google.com\/rss\/articles\/CBMiyAFBVV95cUxPZnlxTGotbzJuLU93QTZTQUZISVAtWS1pc3dmNGotZFkxZS1wWnpWOXVQUmktb3I3SmsxMWxsN01ySEtNMTBybVN5QUNycFJyeWRlbTd0SExDQXZkRUZGT2tiRU5UVGtQaU9kelVfQkRETGFsR2lILVdidnA5ZFBLbWxXdEhILXdpOFpnN2gyeTZqNGZkaFBRRGpzME83bGNnaFBGUmdNUVlJcDVVbkNtN0VuRkZOUFhCMzRTeTNJei1JOVRIOFQ5eg?oc=5\" target=\"_blank\" rel=\"nofollow noopener\">Sp\u00f3r o zbo\u017ce z Ukrainy. Izraelski minister odpowiada Kijowowi<\/a>&nbsp;&nbsp;Onet<\/li>\n<li><a href=\"https:\/\/news.google.com\/rss\/articles\/CBMivAFBVV95cUxQbDhxOTJmVHFGcmdtNmFhQUtkcmh5Nk13cFZ3aENPY2dTWS1DbmduYjl1dDJ3czQzY1ZEMVl5dHVOMnhlM3Fpd0I3MEZiNmg1dWkxcmxSdVFyS2g3X3BOSElETmJtbDRXb1Z3OWI4TUtQOUluci1JV3V5M0tKMXdUM28tQVdRRW8yeDlNMGZJa3RlXzBRbXJBLVB6ZHpyX2I5QTJUcW5FcjRkZkg3RGt3YWs2QmcyZTJCM0J2bg?oc=5\" target=\"_blank\" rel=\"nofollow noopener\">Statek Panormitis czeka w izraelskim porcie. Kij\u00f3w ostrzega przed konsekwencjami<\/a>&nbsp;&nbsp;Wiadomo\u015bci Onet<\/li>\n<li><a href=\"https:\/\/news.google.com\/rss\/articles\/CBMinAFBVV95cUxPSjVsRGRqNVctTDRXT2s2dENaN1lYd1lIOWZXQUM0VnRPSGRLeUdKWVRXZDBjbjk4YVc3WmpfWE9fdUVObVNRN3NlVy00NExpOWkxbGFGbU80WnFMVUtqbzNHaGx3eFh1R3hOWkVjMUQ4RWpUbEFBT0dJU3VkdER1d1BNVHZFODRrb3FnQzJITVZtblpRb29UaVJPVGY?oc=5\" target=\"_blank\" rel=\"nofollow noopener\">Kryzys na linii Ukraina-Izrael. Kij\u00f3w wzywa ambasadora<\/a>&nbsp;&nbsp;WP Wiadomo\u015bci<\/li>\n<li><a href=\"https:\/\/news.google.com\/rss\/articles\/CBMixgFBVV95cUxNUUZncW9GUTNoWHZOUlFlaHA5U3pmSk5nbkl0ZGhiSHdyUjFLNlpkamlJcm9SV0VDdlNQUTFBR0djNjBYd1paU0RzZHNqam9DeDRaTmNoVDZrMUp1THdlbWtYS28wbEU1SkZuX1V3NU5STWtBZFZ5djVzclE2alhEVFh3Xy0xYXNMQ3lEeXBqM0NFcG4tdnhmUGRKX2VTT0JlMWRVMWN3RXFIeHRnRzFEWkhhLTlSdTdhQXozUVdQQjE3bEpMNVE?oc=5\" target=\"_blank\" rel=\"nofollow noopener\">Ukraina ostrzega Izrael. Grozi podj\u0119ciem &#8222;pe\u0142nego zestawu dzia\u0142a\u0144&#8221;<\/a>&nbsp;&nbsp;RMF24<\/li>\n<li><a href=\"https:\/\/news.google.com\/rss\/articles\/CBMiwgFBVV95cUxNMW0zbFZxUVUyMUdjal9SdThvM05DY2lFOHYzaXcxLThKNk8wbUVOM19hemg4YzE0OHM0LWJGNGlrNGE5SVlibnJZTE83dURTM1BKTlpmc0VNSkoyNHpKeWllNW0tS2NvSHBpYlFGenN3bUUza25SOElydWtKakhMQ2xTMVBQaHZSWnU0SldsOUpreHh0SlVHYXdPWkt0ZEFtZE9paEt3My1LcEtad2hJaXRCcGlQR05uM0hYWUhfdk0wZw?oc=5\" target=\"_blank\" rel=\"nofollow noopener\">Izrael kupuje od Rosjan kradzione zbo\u017ce z Ukrainy. Kij\u00f3w grozi konsekwencjami<\/a>&nbsp;&nbsp;Forsal.pl<\/li>\n<\/ol>\n","protected":false},"excerpt":{"rendered":"Sp\u00f3r o zbo\u017ce z Ukrainy. Izraelski minister odpowiada Kijowowi&nbsp;&nbsp;Onet Statek Panormitis czeka w izraelskim porcie. Kij\u00f3w ostrzega przed&hellip;\n","protected":false},"author":2,"featured_media":394217,"comment_status":"","ping_status":"","sticky":false,"template":"","format":"standard","meta":{"footnotes":"","_share_on_mastodon":"0"},"categories":[14],"tags":[22432,64580,32,33,9826,27,67,234,34,35,28,31,53,25,52,68,51,55,40,41,62,47,80,29,30,390,65,50,26,82,83,84],"class_list":["post-394216","post","type-post","status-publish","format-standard","has-post-thumbnail","category-swiat","tag-andrij_sybiha","tag-benefit_tst1","tag-breaking-news","tag-breakingnews","tag-gideon_saar","tag-headlines","tag-intextvideo_splayer","tag-izrael_izraelczyk_izraelka_izraelczycy","tag-latest-news","tag-latestnews","tag-naglowki","tag-najwazniejsze-artykuly","tag-new_header","tag-news","tag-onet3","tag-onet3d","tag-onet3d_2i","tag-phx","tag-polish","tag-polski","tag-rosja_kraj_rosjanin_rosjanie_rosjanka_rosjanki","tag-screening_general","tag-swiat","tag-top-stories","tag-topstories","tag-ukraina_ukrainiec_ukrainka_ukraincy_ukrainki","tag-update_me","tag-v2021","tag-wiadomosci","tag-world","tag-world-news","tag-worldnews"],"share_on_mastodon":{"url":"","error":"Validation failed: Text character limit of 500 exceeded"},"_links":{"self":[{"href":"https:\/\/www.europesays.com\/pl\/wp-json\/wp\/v2\/posts\/394216","targetHints":{"allow":["GET"]}}],"collection":[{"href":"https:\/\/www.europesays.com\/pl\/wp-json\/wp\/v2\/posts"}],"about":[{"href":"https:\/\/www.europesays.com\/pl\/wp-json\/wp\/v2\/types\/post"}],"author":[{"embeddable":true,"href":"https:\/\/www.europesays.com\/pl\/wp-json\/wp\/v2\/users\/2"}],"replies":[{"embeddable":true,"href":"https:\/\/www.europesays.com\/pl\/wp-json\/wp\/v2\/comments?post=394216"}],"version-history":[{"count":0,"href":"https:\/\/www.europesays.com\/pl\/wp-json\/wp\/v2\/posts\/394216\/revisions"}],"wp:featuredmedia":[{"embeddable":true,"href":"https:\/\/www.europesays.com\/pl\/wp-json\/wp\/v2\/media\/394217"}],"wp:attachment":[{"href":"https:\/\/www.europesays.com\/pl\/wp-json\/wp\/v2\/media?parent=394216"}],"wp:term":[{"taxonomy":"category","embeddable":true,"href":"https:\/\/www.europesays.com\/pl\/wp-json\/wp\/v2\/categories?post=394216"},{"taxonomy":"post_tag","embeddable":true,"href":"https:\/\/www.europesays.com\/pl\/wp-json\/wp\/v2\/tags?post=394216"}],"curies":[{"name":"wp","href":"https:\/\/api.w.org\/{rel}","templated":true}]}}