{"id":394263,"date":"2026-04-28T00:33:37","date_gmt":"2026-04-28T00:33:37","guid":{"rendered":"https:\/\/www.europesays.com\/pl\/394263\/"},"modified":"2026-04-28T00:33:37","modified_gmt":"2026-04-28T00:33:37","slug":"kontrola-w-widzewie-wlasciciel-zareagowal-na-to-co-dzieje-sie-w-klubie","status":"publish","type":"post","link":"https:\/\/www.europesays.com\/pl\/394263\/","title":{"rendered":"Kontrola w Widzewie. W\u0142a\u015bciciel zareagowa\u0142 na to, co dzieje si\u0119 w klubie"},"content":{"rendered":"<p>Nie mo\u017cna powiedzie\u0107, \u017ce przeciw Motorowi Lublin Widzew gra\u0142 z polotem i zdominowa\u0142 rywala. Na skrzydle jak zwykle szarpa\u0142 Mateusz Fornalczyk i jak zwykle niewiele z tego wynika\u0142o. W gr\u0119 mocno anga\u017cowa\u0142 si\u0119 Sebastian Bergier, ale nie dostawa\u0142 poda\u0144. Za to dobrze spisa\u0142a si\u0119 defensywa \u2014 a szczeg\u00f3lnie Przemys\u0142aw Wi\u015bniewski \u2014 kt\u00f3ra ma by\u0107 wizyt\u00f3wk\u0105 dru\u017cyny Aleksandara Vukovicia. W dodatku w meczu z Motorem defensorzy RTS wiedzieli, jak zachowa\u0107 si\u0119 pod bramk\u0105 przeciwnika. Po nieca\u0142ym kwadransie i rzucie ro\u017cnym Carlos Isaac wykorzysta\u0142 odegranie Wi\u015bniewskiego i strzeli\u0142 na 1:0.<\/p>\n<p> Dalszy ci\u0105g artyku\u0142u pod materia\u0142em wideo <\/p>\n<p>W drugiej po\u0142owie wynik ustali\u0142 Lukas Lerager. Du\u0144czyk, kt\u00f3ry do Widzewa trafi\u0142 zim\u0105 i mia\u0142 by\u0107 twarz\u0105 odrodzenia zawodz\u0105cej jesieni\u0105 dru\u017cyny, zdoby\u0142 swoj\u0105 pierwsz\u0105 bramk\u0119 na polskich boiskach. Na kolejn\u0105 b\u0119dzie musia\u0142 poczeka\u0107. Lerager opu\u015bci\u0142 boisko z kontuzj\u0105, a po meczu Vukovi\u0107 przyzna\u0142, \u017ce dla to prawdopodobnie koniec sezonu. P\u00f3\u017aniej klub potwierdzi\u0142, \u017ce Lerager ma uraz \u015bci\u0119gna Achillesa. Wed\u0142ug wst\u0119pnych informacji czeka go kilka miesi\u0119cy przerwy.<\/p>\n<p>\u2014 Gratulacje dla dru\u017cyny, kt\u00f3ra nie tylko wygra\u0142a, ale te\u017c nie podda\u0142a si\u0119 mimo atmosfery na stadionie, sytuacji w tabeli i trudnego przeciwnika \u2014 m\u00f3wi\u0142 po spotkaniu Vukovi\u0107.<\/p>\n<p>Szkoleniowiec nawi\u0105za\u0142 do zachowania kibic\u00f3w, kt\u00f3rzy dosadnie dali do zrozumienia, \u017ce maj\u0105 do\u015b\u0107. Fani nie prowadzili zorganizowanego dopingu, a wywieszaj\u0105c kolejne transparenty, wskazywali, kto ich zdaniem jest winny sytuacji, \u017ce mimo wielomilionowych nak\u0142ad\u00f3w dru\u017cyna jest w takim, a nie innym miejscu. &#8222;\u017b\u00f3\u0142t\u0105 kartk\u0119&#8221; dosta\u0142 prezes Micha\u0142 Rydz, a wotum nieufno\u015bci szefowie pionu sportowego Dariusz Adamczuk i Piotr Burlikowski. Dosta\u0142o si\u0119 te\u017c pi\u0142karzom, m.in. Emilowi Kornvigowi.<\/p>\n<p>      <img decoding=\"async\" src=\"https:\/\/www.europesays.com\/pl\/wp-content\/uploads\/2026\/04\/paok9lBaHR0cHM6Ly9vY2RuLmV1L3B1bHNjbXMvTURBXy81ZWQ1YjI4ZWI4NGU2Yzc1MzkyYTFhYzdmZjVlMGYxYi5qcGeRlQLNB.jpeg\" height=\"627\" width=\"940\" alt=\"Piotr Burlikowski i Dariusz Adamczuk\" loading=\"lazy\" class=\"ods-c-image__img ods-c-image__img--viewport-width\"\/> <\/p>\n<p>Piotr Burlikowski i Dariusz AdamczukPiotr Kucza \/ newspix.pl<\/p>\n<p>Widzew dzi\u0119ki trzem punktom wydosta\u0142 si\u0119 ze strefy spadkowej, ale w poniedzia\u0142ek wieczorem po meczu Piast Gliwice \u2014 Arka Gdynia do niej wr\u00f3ci. Niezale\u017cnie od wyniku tego spotkania kt\u00f3ra\u015b z ekip wyprzedzi RTS i zepchnie go do czerwonej strefy.<\/p>\n<p>Wygrana jednak i tak pozwoli dru\u017cynie na z\u0142apanie oddechu. Odnios\u0142a drugie zwyci\u0119stwo w trzecim meczu. Pierwszy raz od po\u0142owy lutego i pokonania 2:0 Wis\u0142y w P\u0142ocku, by\u0142a lepsza od przeciwnika o dwie bramki, sama nie trac\u0105c \u017cadnej.<\/p>\n<p> <img decoding=\"async\" src=\"https:\/\/www.europesays.com\/pl\/wp-content\/uploads\/2026\/04\/BnMk9lBaHR0cHM6Ly9vY2RuLmV1L3B1bHNjbXMvTURBXy85NDczOGU1MzBkNjllNzJhNjkzYmVmZWM5Y2YxMGQ4OC5qcGeRlQLNB.jpeg\" height=\"627\" width=\"940\" alt=\"Lukas Lerager w meczu z Motorem odni\u00f3s\u0142 kontuzj\u0119 i sezon 2025\/26 jest dla niego sko\u0144czony.\" loading=\"lazy\" class=\"ods-c-image__img ods-c-image__img--viewport-width\"\/> <\/p>\n<p>Lukas Lerager w meczu z Motorem odni\u00f3s\u0142 kontuzj\u0119 i sezon 2025\/26 jest dla niego sko\u0144czony.MARCIN BRYJA \/ 400mm.pl \/ NEWSPIX.PL \/ newspix.pl<\/p>\n<p>Kluczem do utrzymania b\u0119dzie wygrywanie mecz\u00f3w w \u0141odzi i nieprzegrywanie na wyje\u017adzie. U siebie pi\u0142karze Vukovicia podejmowa\u0107 b\u0119d\u0105 jeszcze Lechi\u0119 Gda\u0144sk i Piasta. Z dala od \u0141odzi ju\u017c w najbli\u017cszej kolejce przed nimi test z kategorii najtrudniejszych \u2014 spotkanie z Legi\u0105 w Warszawie. W przedostatniej kolejce starcie z Koron\u0105 w Kielcach.<\/p>\n<p>Bez wzgl\u0119du na to, jak zako\u0144czy si\u0119 sezon, dla RTS jest on katastrof\u0105, kt\u00f3rej przy Pi\u0142sudskiego d\u0142ugo nie brano pod uwag\u0119. Jeszcze w grudniu zaraz po zako\u0144czeniu rundy jesiennej, kiedy Widzew by\u0142 na 15. miejscu, pompuj\u0105cy miliony w klub Robert Dobrzycki by\u0142 pewny, \u017ce wszystko si\u0119 wyprostuje. \u2014 Nie tworz\u0119 sztucznych za\u0142o\u017ce\u0144 czy kr\u00f3tkoterminowych plan\u00f3w. Poprzedni sezon zako\u0144czyli\u015bmy na 13. miejscu \u2014 tabel\u0119 wydrukowa\u0142em, wklei\u0142em do zeszytu i b\u0119dzie dla mnie punktem odniesienia \u2014 <a href=\"https:\/\/przegladsportowy.onet.pl\/pilka-nozna\/ekstraklasa\/wlasciciel-widzewa-lodz-robert-dobrzycki-zdradza-plan-na-klub-strata-mnie-nie\/rpjfyqt\" id=\"35ae5c96-5f82-407c-9c19-6ca13c7cc254\" rel=\"nofollow noopener\" target=\"_blank\">m\u00f3wi\u0142 nam przed sezonem<\/a>. Kiedy p\u00f3\u0142 roku p\u00f3\u017aniej przypomnieli\u015bmy mu te s\u0142owa, m\u00f3wi\u0142, \u017ce to dopiero po\u0142owa sezonu, a tabela nie oddaje prawdziwego stanu rzeczy.<\/p>\n<p>Teraz wygl\u0105da na to, \u017ce jednak w klubie przysz\u0142o otrze\u017awienie i szykuj\u0105 si\u0119 du\u017ce zmiany. W minionym tygodniu na oficjalnej stronie klubu w strukturze organizacyjnej pojawi\u0142o si\u0119 nazwisko Paw\u0142a Skarzy\u0144skiego i podpisano go jako prokurent, czyli osob\u0119, kt\u00f3ra mo\u017ce zawiera\u0107 umowy w imieniu sp\u00f3\u0142ki, reprezentowa\u0107 j\u0105 i prowadzi\u0107 jej bie\u017c\u0105c\u0105 dzia\u0142alno\u015b\u0107. Zbieg\u0142o si\u0119 to z nieoficjaln\u0105 informacj\u0105, do kt\u00f3rej dotarli\u015bmy, \u017ce niedawno do klubu mia\u0142a wej\u015b\u0107 grupa kontrolna z Panattoni, a wi\u0119c firmy nale\u017c\u0105cej do Dobrzyckiego. To wszystko zwiastuje, \u017ce w Widzewie nast\u0105pi czas rozlicze\u0144.<\/p>\n<p>O co gra jeszcze Motor Lublin?<\/p>\n<p>Motor dzi\u0119ki do\u015b\u0107 dobrej postawie w lutym i marcu, kiedy w o\u015bmiu meczach poni\u00f3s\u0142 tylko dwie pora\u017cki, zdoby\u0142 16 punkt\u00f3w i ustabilizowa\u0142 pozycj\u0119 w \u015brodku tabeli. Nie zmieni\u0142a tego nawet ostatnia gorsza passa \u2014 cztery ostatnie spotkania w wykonaniu zawodnik\u00f3w Mateusza Stolarskiego to dwie przegrane i dwa remisy. Ale \u017ceby zesp\u00f3\u0142 by\u0142 pewny utrzymania si\u0119, potrzebuje jeszcze kilku punkt\u00f3w. Aby je zdoby\u0107, musi przede wszystkim poprawi\u0107 w\u0142asn\u0105 gr\u0119 i Stolarski jest tego \u015bwiadomy.<\/p>\n<p>\u2014 Nie ma co koloryzowa\u0107, rozegrali\u015bmy s\u0142aby mecz. Od siebie wymagamy wi\u0119cej \u2014 powiedzia\u0142 po spotkaniu z Widzewem trener Motoru.<\/p>\n","protected":false},"excerpt":{"rendered":"Nie mo\u017cna powiedzie\u0107, \u017ce przeciw Motorowi Lublin Widzew gra\u0142 z polotem i zdominowa\u0142 rywala. Na skrzydle jak zwykle&hellip;\n","protected":false},"author":2,"featured_media":394264,"comment_status":"","ping_status":"","sticky":false,"template":"","format":"standard","meta":{"footnotes":"","_share_on_mastodon":"0"},"categories":[51608],"tags":[16990,56,61195,3106,274,41633,3652,3625,48,46,46372,948,42,38,40,39,41,9096,47,130],"class_list":["post-394263","post","type-post","status-publish","format-standard","has-post-thumbnail","category-lodz","tag-aleksandar_vukovic","tag-article_premium","tag-bottomfeed_styl","tag-dzis_pisza_dla_was","tag-ekstraklasa","tag-lukas_lerager","tag-lodz","tag-motor_lublin","tag-nat_styl","tag-omp","tag-panattoni","tag-pilka_nozna","tag-pl","tag-poland","tag-polish","tag-polska","tag-polski","tag-robert_dobrzycki","tag-screening_general","tag-wiadomosci_sportowe"],"share_on_mastodon":{"url":"https:\/\/pubeurope.com\/@pl\/116479525286022038","error":""},"_links":{"self":[{"href":"https:\/\/www.europesays.com\/pl\/wp-json\/wp\/v2\/posts\/394263","targetHints":{"allow":["GET"]}}],"collection":[{"href":"https:\/\/www.europesays.com\/pl\/wp-json\/wp\/v2\/posts"}],"about":[{"href":"https:\/\/www.europesays.com\/pl\/wp-json\/wp\/v2\/types\/post"}],"author":[{"embeddable":true,"href":"https:\/\/www.europesays.com\/pl\/wp-json\/wp\/v2\/users\/2"}],"replies":[{"embeddable":true,"href":"https:\/\/www.europesays.com\/pl\/wp-json\/wp\/v2\/comments?post=394263"}],"version-history":[{"count":0,"href":"https:\/\/www.europesays.com\/pl\/wp-json\/wp\/v2\/posts\/394263\/revisions"}],"wp:featuredmedia":[{"embeddable":true,"href":"https:\/\/www.europesays.com\/pl\/wp-json\/wp\/v2\/media\/394264"}],"wp:attachment":[{"href":"https:\/\/www.europesays.com\/pl\/wp-json\/wp\/v2\/media?parent=394263"}],"wp:term":[{"taxonomy":"category","embeddable":true,"href":"https:\/\/www.europesays.com\/pl\/wp-json\/wp\/v2\/categories?post=394263"},{"taxonomy":"post_tag","embeddable":true,"href":"https:\/\/www.europesays.com\/pl\/wp-json\/wp\/v2\/tags?post=394263"}],"curies":[{"name":"wp","href":"https:\/\/api.w.org\/{rel}","templated":true}]}}