{"id":394349,"date":"2026-04-28T01:42:11","date_gmt":"2026-04-28T01:42:11","guid":{"rendered":"https:\/\/www.europesays.com\/pl\/394349\/"},"modified":"2026-04-28T01:42:11","modified_gmt":"2026-04-28T01:42:11","slug":"melania-trump-wzywa-abc-ws-kimmela-dosc-tego","status":"publish","type":"post","link":"https:\/\/www.europesays.com\/pl\/394349\/","title":{"rendered":"Melania Trump wzywa ABC ws. Kimmela. &#8222;Do\u015b\u0107 tego&#8221;"},"content":{"rendered":"\n<p>&#13;<br \/>\nMelania Trump napisa\u0142a na\u00a0platformie X, \u017ce\u00a0&#8222;nienawistna i\u00a0agresywna retoryka Kimmela ma\u00a0na\u00a0celu podzielenie naszego kraju&#8221;. &#13;\n<\/p>\n<p>&#13;<br \/>\n&#8222;Jego monolog o\u00a0mojej rodzinie nie\u00a0jest komedi\u0105 \u2013\u00a0jego s\u0142owa s\u0105 destrukcyjne i\u00a0pog\u0142\u0119biaj\u0105 polityczn\u0105 chorob\u0119 w\u00a0Ameryce&#8221; \u2013\u00a0doda\u0142a. &#13;\n<\/p>\n<p>&#13;<br \/>\nZdaniem pierwszej damy USA &#8222;ludzie tacy jak Kimmel nie\u00a0powinni mie\u0107 okazji wchodzi\u0107 do\u00a0naszych dom\u00f3w ka\u017cdego wieczoru, by\u00a0szerzy\u0107 nienawi\u015b\u0107&#8221;. &#13;\n<\/p>\n<p>&#13;<br \/>\n&#8222;Tch\u00f3rz Kimmel ukrywa si\u0119 za\u00a0ABC, poniewa\u017c wie, \u017ce\u00a0sie\u0107 b\u0119dzie nadal go\u00a0chroni\u0107&#8221; \u2013\u00a0podkre\u015bli\u0142a. &#13;\n<\/p>\n<p>&#13;<br \/>\nMelania Trump oceni\u0142a, \u017ce\u00a0&#8222;do\u015b\u0107 tego&#8221;. &#8222;Nadszed\u0142 czas, aby\u00a0ABC zaj\u0119\u0142o stanowisko. Ile razy kierownictwo ABC b\u0119dzie tolerowa\u0107 ohydne zachowanie Kimmela kosztem naszej spo\u0142eczno\u015bci&#8221; \u2013\u00a0wskaza\u0142a. &#13;\n<\/p>\n<p>&#13;<br \/>\ntwitter&#13;\n<\/p>\n<p>&#8222;\u017bart&#8221; Kimmela<\/p>\n<p>&#13;<br \/>\nWpis \u017cony Donalda Trumpa odnosi si\u0119 do\u00a0skeczu Jimmy&#8217;ego Kimmela wyemitowanego w\u00a0czwartek. Kimmel przedstawi\u0142 w\u00a0nim alternatywn\u0105 wersj\u0119 gali Stowarzyszenia Korespondent\u00f3w przy Bia\u0142ym Domu (WHCA). Wyst\u0119puj\u0105c jako gospodarz imprezy, wita\u0142 Melani\u0119 Trump i\u00a0m\u00f3wi\u0142, \u017ce\u00a0&#8222;promienieje jak przysz\u0142a wdowa&#8221;. &#13;\n<\/p>\n<p>&#13;<br \/>\n31-letni m\u0119\u017cczyzna <a href=\"https:\/\/dorzeczy.pl\/kraj\/878953\/nieudany-zamach-na-trumpa-politolog-zwraca-uwage-na-jeden-szczegol.html\" rel=\"nofollow noopener\" target=\"_blank\">otworzy\u0142 ogie\u0144 podczas koalicji dla\u00a0korespondent\u00f3w Bia\u0142ego Domu.<\/a> Do\u00a0zdarzenia dosz\u0142o w\u00a0nocy z\u00a0soboty na\u00a0niedziel\u0119 czasu polskiego w\u00a0hotelu Hilton w\u00a0Waszyngtonie. S\u0142u\u017cby ewakuowa\u0142y par\u0119 prezydenck\u0105 \u2013\u00a0Donalda Trumpa i\u00a0Melani\u0119 Trump, a\u00a0tak\u017ce wiceprezydenta J.D. Vance&#8217;a. Sprawca, zidentyfikowany jako Cole Tomas Allen z\u00a0Torrance w\u00a0Kalifornii, zosta\u0142 aresztowany. W\u00a0poniedzia\u0142ek s\u0105d ma\u00a0formalnie postawi\u0107 mu zarzuty. &#13;\n<\/p>\n<p>&#13;<br \/>\nCelem zamachowca mia\u0142 by\u0107 ameryka\u0144ski przyw\u00f3dca. &#13;\n<\/p>\n<p>&#13;<br \/>\nJu\u017c wcze\u015bniej kilkakrotnie \u017cartowa\u0142 z\u00a0Melanii Trump, sugeruj\u0105c jej kontakty z\u00a0przest\u0119pc\u0105 seksualnym Jeffreyem Epsteinem. Melania Trump zaprzeczy\u0142a takim kontaktom. &#13;\n<\/p>\n<p>&#13;<br \/>\nProgram Kimmela zosta\u0142 tymczasowo zawieszony przez ABC we\u00a0wrze\u015bniu ubieg\u0142ego roku. By\u0142a to\u00a0reakcja na\u00a0fal\u0119 oburzenia po\u00a0monologu, kt\u00f3ry wyg\u0142osi\u0142 po\u00a0\u015bmierci Charliego Kirka. &#13;\n<\/p>\n<p>&#13;<br \/>\nCzytaj te\u017c:<br \/><a href=\"https:\/\/dorzeczy.pl\/swiat\/879007\/przynosisz-hanbe-trump-ostro-do-dziennikarki.html\" rel=\"follow nofollow noopener\" data-schema=\"DORZECZY\" data-image=\"https:\/\/img.dorzeczy.pl\/_thumb\/96\/ec\/37b5023a555a1f0bac22d5c91f61.jpeg\" target=\"_blank\">&#8222;Przynosisz ha\u0144b\u0119&#8221;. Trump ostro do\u00a0dziennikarki<\/a>Czytaj te\u017c:<br \/><a href=\"https:\/\/dorzeczy.pl\/swiat\/878935\/nienawidzi-chrzescijan-prezydent-trump-zamachowiec-zostawil-manifest.html\" rel=\"follow nofollow noopener\" data-schema=\"DORZECZY\" data-image=\"https:\/\/img.dorzeczy.pl\/_thumb\/2a\/19\/4765687dbd92ec7370eb000f96dd.jpeg\" target=\"_blank\">&#8222;Nienawidzi chrze\u015bcijan&#8221;. Trump: Sprawca zostawi\u0142 manifest<\/a>&#13;<\/p>\n","protected":false},"excerpt":{"rendered":"&#13; Melania Trump napisa\u0142a na\u00a0platformie X, \u017ce\u00a0&#8222;nienawistna i\u00a0agresywna retoryka Kimmela ma\u00a0na\u00a0celu podzielenie naszego kraju&#8221;. &#13; &#13; &#8222;Jego monolog&hellip;\n","protected":false},"author":2,"featured_media":394350,"comment_status":"","ping_status":"","sticky":false,"template":"","format":"standard","meta":{"footnotes":"","_share_on_mastodon":"0"},"categories":[14],"tags":[5092,32,33,1835,98,27,5090,34,35,71770,28,31,25,102,40,41,80,29,30,26,82,83,84],"class_list":["post-394349","post","type-post","status-publish","format-standard","has-post-thumbnail","category-swiat","tag-abc","tag-breaking-news","tag-breakingnews","tag-donald-trump","tag-dorzeczy","tag-headlines","tag-jimmy-kimmel","tag-latest-news","tag-latestnews","tag-melania-trump","tag-naglowki","tag-najwazniejsze-artykuly","tag-news","tag-opinie","tag-polish","tag-polski","tag-swiat","tag-top-stories","tag-topstories","tag-wiadomosci","tag-world","tag-world-news","tag-worldnews"],"share_on_mastodon":{"url":"https:\/\/pubeurope.com\/@pl\/116479796490768883","error":""},"_links":{"self":[{"href":"https:\/\/www.europesays.com\/pl\/wp-json\/wp\/v2\/posts\/394349","targetHints":{"allow":["GET"]}}],"collection":[{"href":"https:\/\/www.europesays.com\/pl\/wp-json\/wp\/v2\/posts"}],"about":[{"href":"https:\/\/www.europesays.com\/pl\/wp-json\/wp\/v2\/types\/post"}],"author":[{"embeddable":true,"href":"https:\/\/www.europesays.com\/pl\/wp-json\/wp\/v2\/users\/2"}],"replies":[{"embeddable":true,"href":"https:\/\/www.europesays.com\/pl\/wp-json\/wp\/v2\/comments?post=394349"}],"version-history":[{"count":0,"href":"https:\/\/www.europesays.com\/pl\/wp-json\/wp\/v2\/posts\/394349\/revisions"}],"wp:featuredmedia":[{"embeddable":true,"href":"https:\/\/www.europesays.com\/pl\/wp-json\/wp\/v2\/media\/394350"}],"wp:attachment":[{"href":"https:\/\/www.europesays.com\/pl\/wp-json\/wp\/v2\/media?parent=394349"}],"wp:term":[{"taxonomy":"category","embeddable":true,"href":"https:\/\/www.europesays.com\/pl\/wp-json\/wp\/v2\/categories?post=394349"},{"taxonomy":"post_tag","embeddable":true,"href":"https:\/\/www.europesays.com\/pl\/wp-json\/wp\/v2\/tags?post=394349"}],"curies":[{"name":"wp","href":"https:\/\/api.w.org\/{rel}","templated":true}]}}