{"id":394421,"date":"2026-04-28T02:49:17","date_gmt":"2026-04-28T02:49:17","guid":{"rendered":"https:\/\/www.europesays.com\/pl\/394421\/"},"modified":"2026-04-28T02:49:17","modified_gmt":"2026-04-28T02:49:17","slug":"robert-kosciecha-nie-dowierzal-po-wygranej-gkm-u-nad-sparta-wroclaw","status":"publish","type":"post","link":"https:\/\/www.europesays.com\/pl\/394421\/","title":{"rendered":"Robert Ko\u015bciecha nie dowierza\u0142 po wygranej GKM-u nad Spart\u0105 Wroc\u0142aw"},"content":{"rendered":"<p>Grudzi\u0105dzanie zacz\u0119li ten sezon niemrawo, poniewa\u017c na inauguracj\u0119 rozgrywek PGE Ekstraligi tylko zremisowali przy Hallera z Gezet Stal\u0105 Gorz\u00f3w. Taki wynik zosta\u0142 odebrany z du\u017cym rozczarowaniem, ale i niepokojem. GKM pokaza\u0142 jednak znakomit\u0105 form\u0119 w Zielonej G\u00f3rze, gdzie pokona\u0142 Falubaz a\u017c 51:37. Zdaniem wielu ekspert\u00f3w, kibic\u00f3w oraz dziennikarzy ten wynik mo\u017ce zagwarantowa\u0107 &#8222;Go\u0142\u0119biom&#8221; awans do play-off, co by\u0142oby powt\u00f3rk\u0105 sprzed roku.<\/p>\n<p> Dalszy ci\u0105g artyku\u0142u pod materia\u0142em wideo <\/p>\n<p>Na dok\u0142adk\u0119 GKM w miniony weekend podejmowa\u0142 niepokonan\u0105 Spart\u0119 Wroc\u0142aw, kt\u00f3ra potrafi\u0142a rozgromi\u0107 u siebie Falubaz i wygra\u0107 w Gorzowie. Gospodarze stan\u0119li jednak na wysoko\u015bci zadania i triumfowali 48:42. To zwyci\u0119stwo zaimponowa\u0142o Ko\u015bciesze.<\/p>\n<p>\u2014 Jeszcze do mnie nie dotar\u0142o, \u017ce uda\u0142o si\u0119 zwyci\u0119\u017cy\u0107 ze Spart\u0105. Dla mnie na ten moment to najmocniejszy zesp\u00f3\u0142 w lidze. Pokaza\u0142 to w tych meczach, kt\u00f3re jecha\u0142. Ciesz\u0119 si\u0119, \u017ce uda\u0142o si\u0119 wygra\u0107. Mamy bardzo dobry tydzie\u0144, w czwartek wygrana w Zielonej G\u00f3rze, a teraz u siebie ze Spart\u0105, co mnie bardzo cieszy \u2014 przyzna\u0142 otwarcie mened\u017cer GKM-u, cytowany przez &#8222;Speedway Ekstralig\u0119&#8221;.<\/p>\n<p>     Play-off stoi otworem? Konieczna r\u00f3wna forma lider\u00f3w!<\/p>\n<p>Pi\u0119\u0107 punkt\u00f3w i status dru\u017cyny niepokonanej pozwalaj\u0105 GKM-owi plasowa\u0107 si\u0119 na drugim miejscu w tabeli i realnie my\u015ble\u0107 o fazie play-off. Liderem zespo\u0142u jest ponownie Michael Jepsen Jensen, natomiast kibice czekaj\u0105 na ustabilizowanie formy Maksyma Drabika, Maxa Fricke&#8217;a oraz Wadima Tarasienki. Przeciwko wroc\u0142awskiej ekipie znakomicie pojecha\u0142 junior Bastian Pedersen, kt\u00f3ry wygra\u0142 dwa wy\u015bcigi i zgromadzi\u0142 osiem &#8222;oczek&#8221;.<\/p>\n<p>     Zobacz tak\u017ce: <a data-section=\"zobacz-takze-body\" href=\"https:\/\/przegladsportowy.onet.pl\/zuzel\/ekstraliga\/piotr-protasiewicz-zawiedzony-po-meczu-gkm-grudziadz-sparta-wroclaw\/5bjjqcd\" id=\"8fcbf8e6-2a3b-4378-a67e-7e5802f565c3\" rel=\"nofollow noopener\" target=\"_blank\">Protasiewicz zawiedzony postaw\u0105 Sparty. &#8222;Nie tak to sobie wyobra\u017cali\u015bmy&#8221;<\/a><\/p>\n<p>\u2014 Ch\u0142opcy gdzie\u015b tam jeszcze gubi\u0105 troch\u0119 te punkty, ale ciesz\u0119 si\u0119 bardzo, \u017ce to tak wychodzi. Bastian oraz Maksym, gdzie m\u00f3wi\u0142em, \u017ceby im da\u0107 troch\u0119 czasu na naszym torze, odpalaj\u0105 i to bardzo cieszy. Ja zawsze m\u00f3wi\u0119, \u017ce po zawodach nie oceniam zawodnik\u00f3w. Mog\u0119 ich pochwali\u0107, ale na reszt\u0119 rzeczy przyjdzie pora p\u00f3\u017aniej \u2014 rzek\u0142 Ko\u015bciecha.<\/p>\n<p> Zobacz tak\u017ce: <a data-section=\"zobacz-takze-body\" href=\"https:\/\/przegladsportowy.onet.pl\/zuzel\/1-liga-zuzlowa\/francis-gusts-nowym-zawodnikiem-stali-rzeszow-wypozyczenie-z-wroclawia\/bgtcn4p\" id=\"92efa54b-27ed-4319-9ee5-1e0687228145\" rel=\"nofollow noopener\" target=\"_blank\">Fatalne wie\u015bci dla Poznania. Stal Rzesz\u00f3w si\u0119 wzmacnia! To b\u0119dzie &#8222;game changer&#8221;?<\/a><\/p>\n<p>Kolejny sprawdzian przed GKM-em ju\u017c niebawem. Grudzi\u0105dzanie w niedziel\u0119 3 maja pojad\u0105 na wyje\u017adzie derbowy mecz z Pres Grupa Deweloperska Toru\u0144.<\/p>\n","protected":false},"excerpt":{"rendered":"Grudzi\u0105dzanie zacz\u0119li ten sezon niemrawo, poniewa\u017c na inauguracj\u0119 rozgrywek PGE Ekstraligi tylko zremisowali przy Hallera z Gezet Stal\u0105&hellip;\n","protected":false},"author":2,"featured_media":394422,"comment_status":"","ping_status":"","sticky":false,"template":"","format":"standard","meta":{"footnotes":"","_share_on_mastodon":"0"},"categories":[52122],"tags":[61195,173,3476,48,46,175,6010,752,42,38,40,39,41,22030,47,3475,174],"class_list":["post-394421","post","type-post","status-publish","format-standard","has-post-thumbnail","category-pko-bank-polski","tag-bottomfeed_styl","tag-ekstraliga","tag-gkm_grudziadz","tag-nat_styl","tag-omp","tag-pge_ekstraliga","tag-pko-bank-polski","tag-pko-bp","tag-pl","tag-poland","tag-polish","tag-polska","tag-polski","tag-robert_kosciecha","tag-screening_general","tag-sparta_wroclaw","tag-zuzel"],"share_on_mastodon":{"url":"https:\/\/pubeurope.com\/@pl\/116480059811567330","error":""},"_links":{"self":[{"href":"https:\/\/www.europesays.com\/pl\/wp-json\/wp\/v2\/posts\/394421","targetHints":{"allow":["GET"]}}],"collection":[{"href":"https:\/\/www.europesays.com\/pl\/wp-json\/wp\/v2\/posts"}],"about":[{"href":"https:\/\/www.europesays.com\/pl\/wp-json\/wp\/v2\/types\/post"}],"author":[{"embeddable":true,"href":"https:\/\/www.europesays.com\/pl\/wp-json\/wp\/v2\/users\/2"}],"replies":[{"embeddable":true,"href":"https:\/\/www.europesays.com\/pl\/wp-json\/wp\/v2\/comments?post=394421"}],"version-history":[{"count":0,"href":"https:\/\/www.europesays.com\/pl\/wp-json\/wp\/v2\/posts\/394421\/revisions"}],"wp:featuredmedia":[{"embeddable":true,"href":"https:\/\/www.europesays.com\/pl\/wp-json\/wp\/v2\/media\/394422"}],"wp:attachment":[{"href":"https:\/\/www.europesays.com\/pl\/wp-json\/wp\/v2\/media?parent=394421"}],"wp:term":[{"taxonomy":"category","embeddable":true,"href":"https:\/\/www.europesays.com\/pl\/wp-json\/wp\/v2\/categories?post=394421"},{"taxonomy":"post_tag","embeddable":true,"href":"https:\/\/www.europesays.com\/pl\/wp-json\/wp\/v2\/tags?post=394421"}],"curies":[{"name":"wp","href":"https:\/\/api.w.org\/{rel}","templated":true}]}}