{"id":394462,"date":"2026-04-28T03:32:11","date_gmt":"2026-04-28T03:32:11","guid":{"rendered":"https:\/\/www.europesays.com\/pl\/394462\/"},"modified":"2026-04-28T03:32:11","modified_gmt":"2026-04-28T03:32:11","slug":"polska-bedzie-sie-trzasc-z-zimna-tutaj-zrobi-sie-szczegolnie-chlodno-pogoda-2","status":"publish","type":"post","link":"https:\/\/www.europesays.com\/pl\/394462\/","title":{"rendered":"Polska b\u0119dzie si\u0119 trz\u0105\u015b\u0107 z zimna. Tutaj zrobi si\u0119 szczeg\u00f3lnie ch\u0142odno [POGODA]"},"content":{"rendered":"<p>Poranek niemal w ca\u0142ej Polsce wita nas spokojn\u0105 pogod\u0105, bez opad\u00f3w i z wieloma rozpogodzeniami. Zrobi\u0142o si\u0119 jednak bardzo zimno i w wielu regionach, szczeg\u00f3lnie na wschodzie, p\u00f3\u0142nocy oraz w centrum, temperatura spad\u0142a poni\u017cej 0 st. C.<\/p>\n<p>Mamy pogod\u0119 na dzi\u015b. Czeka nas bardzo zimny dzie\u0144, a lokalnie pojawi si\u0119 s\u0142aby deszcz albo \u015bniegDalsza cz\u0119\u015b\u0107 dnia prawie w ca\u0142ej <a href=\"https:\/\/wiadomosci.onet.pl\/polska\" id=\"18db5018-509b-44f8-ae48-c58f1e7e83fa\" rel=\"nofollow noopener\" target=\"_blank\">Polsce<\/a> zapowiada si\u0119 s\u0142onecznie, z ma\u0142ym i umiarkowanym zachmurzeniem i bez opad\u00f3w. Niewykluczone, \u017ce wi\u0119cej chmur zbierze si\u0119 nad Pomorzem Gda\u0144skim, Warmi\u0105, Mazurami, Podlasiem i p\u00f3\u0142noc\u0105 Mazowsza. Prognozujemy tam tak\u017ce niewielkie, przelotne opady, ale pod r\u00f3\u017cn\u0105 postaci\u0105. Mo\u017ce pojawi\u0107 si\u0119 zar\u00f3wno deszcz, jak i deszcz ze \u015bniegiem, krupa \u015bnie\u017cna oraz \u015bnieg.      <img decoding=\"async\" src=\"https:\/\/www.europesays.com\/pl\/wp-content\/uploads\/2026\/04\/2hUk9lBaHR0cHM6Ly9vY2RuLmV1L3B1bHNjbXMvTURBXy9lN2RhOGQ3NDA3NDEyNThiNjZkMTVjMzdjMTk4MDI2ZS5wbmeRlQLNB.jpeg\" height=\"922\" width=\"750\" alt=\"Na og\u00f3\u0142 b\u0119dzie pogodnie, ale na p\u00f3\u0142nocnym wschodzie niewykluczony jest s\u0142aby deszcz albo \u015bnieg\" loading=\"lazy\" class=\"ods-c-image__img ods-c-image__img--vertical\"\/> <\/p>\n<p>Na og\u00f3\u0142 b\u0119dzie pogodnie, ale na p\u00f3\u0142nocnym wschodzie niewykluczony jest s\u0142aby deszcz albo \u015bniegArkadiusz P\u0142achta \/ Onet<\/p>\n<p>Temperatura maksymalna wyniesie od 8-10 st. C na wschodzie, p\u00f3\u0142nocy i Podhalu, 11-13 st. C w g\u0142\u0119bi kraju do 14-15 st. C na zachodzie i po\u0142udniowym zachodzie.<\/p>\n<p> Dalszy ci\u0105g artyku\u0142u pod materia\u0142em wideo Wiatr umiarkowany, na wsch\u00f3d od linii Wis\u0142y okresami porywisty i pot\u0119guj\u0105cy odczucie ch\u0142odu oraz zimna, na og\u00f3\u0142 z kierunk\u00f3w p\u00f3\u0142nocnych. Od \u017bu\u0142aw i Mazur po Roztocze biomet b\u0119dzie oboj\u0119tny. Poza tym, dzi\u0119ki s\u0142o\u0144cu, <a href=\"https:\/\/wiadomosci.onet.pl\/pogoda\" id=\"775688b5-3aef-4acc-baf0-60f267f74c03\" rel=\"nofollow noopener\" target=\"_blank\">pogoda<\/a> powinna ca\u0142kiem dobrze wp\u0142ywa\u0107 na nasze samopoczucie.Noc na og\u00f3\u0142 przyniesie spokojn\u0105, ale zimn\u0105 pogod\u0119. Niemal wsz\u0119dzie pojawi si\u0119 mr\u00f3z     W nocy na przewa\u017caj\u0105cym obszarze kraju b\u0119dzie pogodnie i bez opad\u00f3w, z zachmurzeniem ma\u0142ym b\u0105d\u017a umiarkowanym. Tylko na p\u00f3\u0142nocnym wschodzie pocz\u0105tkowo tych chmur mo\u017ce zbiera\u0107 si\u0119 wi\u0119cej i mo\u017cliwe, \u017ce lokalnie popr\u00f3szy symboliczny <a href=\"https:\/\/wiadomosci.onet.pl\/snieg\" id=\"9c2ada8b-a221-4b7b-a2ee-8d75dbd31ebd\" rel=\"nofollow noopener\" target=\"_blank\">\u015bnieg<\/a>.      <img decoding=\"async\" src=\"https:\/\/www.europesays.com\/pl\/wp-content\/uploads\/2026\/04\/2njk9lBaHR0cHM6Ly9vY2RuLmV1L3B1bHNjbXMvTURBXy8xM2E5Yjc3ZjIyOTFmNmI5OGI1ODU3YjAyYjY2YmM0MC5wbmeRlQLNB.jpeg\" height=\"922\" width=\"750\" alt=\"Noc niemal wsz\u0119dzie przyniesie du\u017ce ryzyko przymrozk\u00f3w\" loading=\"lazy\" class=\"ods-c-image__img ods-c-image__img--vertical\"\/> <\/p>\n<p>Noc niemal wsz\u0119dzie przyniesie du\u017ce ryzyko przymrozk\u00f3wArkadiusz P\u0142achta \/ Onet<\/p>\n<p>Temperatura minimalna na og\u00f3\u0142 wyniesie od -4 do 0 st. C. Cieplej b\u0119dzie na Dolnym \u015al\u0105sku oraz punktowo nad morzem, ok. 1 st. C. Przy gruncie istnieje ryzyko silnych przymrozk\u00f3w nawet do -7\/-5 st. C. Wiatr powieje s\u0142abo i umiarkowanie, z kierunk\u00f3w p\u00f3\u0142nocnych i wschodnich.<\/p>\n","protected":false},"excerpt":{"rendered":"Poranek niemal w ca\u0142ej Polsce wita nas spokojn\u0105 pogod\u0105, bez opad\u00f3w i z wieloma rozpogodzeniami. Zrobi\u0142o si\u0119 jednak&hellip;\n","protected":false},"author":2,"featured_media":394463,"comment_status":"","ping_status":"","sticky":false,"template":"","format":"standard","meta":{"footnotes":"","_share_on_mastodon":"0"},"categories":[12],"tags":[61195,6987,48,56992,3865,46,42,78,38,40,39,41,47,7312],"class_list":["post-394462","post","type-post","status-publish","format-standard","has-post-thumbnail","category-polska","tag-bottomfeed_styl","tag-mroz","tag-nat_styl","tag-newbb_tst1","tag-ochlodzenie","tag-omp","tag-pl","tag-pogoda","tag-poland","tag-polish","tag-polska","tag-polski","tag-screening_general","tag-snieg"],"share_on_mastodon":{"url":"https:\/\/pubeurope.com\/@pl\/116480228882021868","error":""},"_links":{"self":[{"href":"https:\/\/www.europesays.com\/pl\/wp-json\/wp\/v2\/posts\/394462","targetHints":{"allow":["GET"]}}],"collection":[{"href":"https:\/\/www.europesays.com\/pl\/wp-json\/wp\/v2\/posts"}],"about":[{"href":"https:\/\/www.europesays.com\/pl\/wp-json\/wp\/v2\/types\/post"}],"author":[{"embeddable":true,"href":"https:\/\/www.europesays.com\/pl\/wp-json\/wp\/v2\/users\/2"}],"replies":[{"embeddable":true,"href":"https:\/\/www.europesays.com\/pl\/wp-json\/wp\/v2\/comments?post=394462"}],"version-history":[{"count":0,"href":"https:\/\/www.europesays.com\/pl\/wp-json\/wp\/v2\/posts\/394462\/revisions"}],"wp:featuredmedia":[{"embeddable":true,"href":"https:\/\/www.europesays.com\/pl\/wp-json\/wp\/v2\/media\/394463"}],"wp:attachment":[{"href":"https:\/\/www.europesays.com\/pl\/wp-json\/wp\/v2\/media?parent=394462"}],"wp:term":[{"taxonomy":"category","embeddable":true,"href":"https:\/\/www.europesays.com\/pl\/wp-json\/wp\/v2\/categories?post=394462"},{"taxonomy":"post_tag","embeddable":true,"href":"https:\/\/www.europesays.com\/pl\/wp-json\/wp\/v2\/tags?post=394462"}],"curies":[{"name":"wp","href":"https:\/\/api.w.org\/{rel}","templated":true}]}}