{"id":394654,"date":"2026-04-28T06:03:09","date_gmt":"2026-04-28T06:03:09","guid":{"rendered":"https:\/\/www.europesays.com\/pl\/394654\/"},"modified":"2026-04-28T06:03:09","modified_gmt":"2026-04-28T06:03:09","slug":"prezydent-nawrocki-na-szczycie-trojmorza-kluczowe-rozmowy-i-nowy-strategiczny-partner","status":"publish","type":"post","link":"https:\/\/www.europesays.com\/pl\/394654\/","title":{"rendered":"Prezydent Nawrocki na szczycie Tr\u00f3jmorza. Kluczowe rozmowy i nowy strategiczny partner"},"content":{"rendered":"<p>Co musisz wiedzie\u0107:<\/p>\n<p><a href=\"https:\/\/pl.wikipedia.org\/wiki\/Karol_Nawrocki\" rel=\"nofollow noopener\" target=\"_blank\">Karol Nawrocki<\/a> przebywa z wizyt\u0105 w Chorwacji i we\u017amie udzia\u0142 w XI Szczycie <a href=\"https:\/\/pl.wikipedia.org\/wiki\/Tr%C3%B3jmorze\" rel=\"nofollow noopener\" target=\"_blank\">Inicjatywy Tr\u00f3jmorza<\/a>.<br \/>\nPrezydent spotka si\u0119 m.in. z Andrejem Plenkoviciem oraz sekretarzem energii USA Chrisem Wrightem.<br \/>\nPodczas szczytu planowane jest podpisanie um\u00f3w gospodarczych i rozmowy o infrastrukturze, energetyce oraz bezpiecze\u0144stwie regionu.<br \/>\nW wydarzeniu uczestniczy du\u017ca delegacja z Polski, w tym ponad 50 przedsi\u0119biorc\u00f3w, a nowym partnerem strategicznym Tr\u00f3jmorza maj\u0105 zosta\u0107 <a href=\"https:\/\/pl.wikipedia.org\/wiki\/W%C5%82ochy\" rel=\"nofollow noopener\" target=\"_blank\">W\u0142ochy<\/a>.<\/p>\n<p>Nowy partner strategiczny Tr\u00f3jmorza<\/p>\n<p>Szef prezydenckiego Biura Polityki Mi\u0119dzynarodowej Marcin Przydacz w poniedzia\u0142ek w rozmowie z PAP zapowiedzia\u0142, \u017ce w czasie XI Szczytu Inicjatywy Tr\u00f3jmorza zostanie podpisany szereg um\u00f3w gospodarczych oraz odb\u0119d\u0105 si\u0119 dyskusje dotycz\u0105ce budowy wsp\u00f3lnej infrastruktury m.in. drogowej, telekomunikacyjnej, a tak\u017ce gazowej.<\/p>\n<p>&#8211; B\u0119dzie r\u00f3wnie\u017c przyj\u0119ty nowy partner strategiczny Tr\u00f3jmorza, kt\u00f3rym zostaj\u0105 w tym roku W\u0142ochy. Podczas szczytu obecny b\u0119dzie te\u017c m.in. sekretarz USA ds. energii Chris Wright. To pokazuje, jak wa\u017cny jest to format. Z perspektywy Waszyngtonu i (ameryka\u0144skich &#8211; przyp. PAP) interes\u00f3w gospodarczych wszystko to spina si\u0119 w ca\u0142o\u015b\u0107, aby budowa\u0107 odporno\u015b\u0107 Europy \u015arodkowej w ramach Unii Europejskiej, ale Europy \u015arodkowej, kt\u00f3ra ma te\u017c w\u0142asne interesy i w\u0142asn\u0105 to\u017csamo\u015b\u0107 &#8211; podkre\u015bli\u0142.<\/p>\n<p>We wtorek rano zaplanowane jest spotkanie spotkanie Prezydenta RP z Sekretarzem Energii USA Chrisem Wrightem.<\/p>\n<p>Spotkania z Chorwatami<\/p>\n<p>Po po\u0142udniu tego dnia prezydent Nawrocki spotka si\u0119 premierem Republiki Chorwacji Andrejem Plenkoviciem. Nast\u0119pnie odb\u0119dzie si\u0119 powitanie g\u0142\u00f3w pa\u0144stw i szef\u00f3w rz\u0105d\u00f3w delegacji uczestnicz\u0105cych w Szczycie Inicjatywy Tr\u00f3jmorza, kt\u00f3re poprzedzi rozpocz\u0119cie sesji plenarnej XI Szczytu.<\/p>\n<p>R\u00f3wnie\u017c we wtorek prezydent we\u017amie udzia\u0142 we wsp\u00f3lnej konferencji prasowej z prezydentem Chorwacji oraz prezydenta Republiki S\u0142owackiej Peterem Pellegrinim. Wieczorem g\u0142owa pa\u0144stwa uda si\u0119 na oficjalny obiad wydawany przez premiera Chorwacji z okazji XI Szczytu Inicjatywy Tr\u00f3jmorza.<\/p>\n<p>W \u015brod\u0119 przed po\u0142udniem prezydent Nawrocki we\u017amie udzia\u0142 w dyskusji wysokiego szczebla z udzia\u0142em prezydent\u00f3w i premier\u00f3w pa\u0144stw Inicjatywy Tr\u00f3jmorza podczas Forum Biznesu Inicjatywy Tr\u00f3jmorza.<\/p>\n<p>Polska wiedzie prym<\/p>\n<p>Przydacz w rozmowie z PAP podkre\u015bli\u0142, \u017ce Polska od 11 lat \u201ewiedzie prym\u201d, je\u015bli chodzi o funkcjonowanie Tr\u00f3jmorza, a podczas zbli\u017caj\u0105cego si\u0119 szczytu, jak i w ramach swojego funkcjonowania w grupie G20, b\u0119dzie tak\u017ce promowa\u0142a interesy ca\u0142ego regionu.<\/p>\n<p>Wieczorem w poniedzia\u0142ek podczas briefingu Przydacz zwr\u00f3ci\u0142 uwag\u0119, \u017ce w tym roku na wydarzenie jedzie z Polski \u201ebezprecedensowo du\u017ca delegacja gospodarcza &#8211; kilkadziesi\u0105t os\u00f3b obecnych tam na miejscu, ale z panem prezydentem samolotem b\u0119dzie podr\u00f3\u017cowa\u0142o ponad 50 przedsi\u0119biorc\u00f3w\u201d.<\/p>\n<p>Jakie tematy zostan\u0105 poruszone?<\/p>\n<p>Wed\u0142ug prezydenckiego ministra w\u015br\u00f3d temat\u00f3w wydarzenia znajd\u0105 si\u0119 m.in. wsp\u00f3\u0142praca energetyczna, sprawy gospodarcze, bezpiecze\u0144stwo, demografia, a tak\u017ce pozyskiwanie \u015brodk\u00f3w finansowych i funduszy. &#8211; Powstanie specjalny fundusz do spraw funduszy tr\u00f3jmorskich po to, aby w jakim\u015b sensie zach\u0119ca\u0107 inwestor\u00f3w do wi\u0119kszej obecno\u015bci inwestycyjnej w Europie \u015arodkowej i Wschodniej &#8211; zapowiedzia\u0142.<\/p>\n<p>Czym jest Inicjatywa Tr\u00f3jmorza?<\/p>\n<p>Powo\u0142anie Inicjatywy Tr\u00f3jmorza zainicjowali prezydenci Polski Andrzej Duda i Chorwacji Kolinda Grabar\u2013Kitarovic podczas spotkania przyw\u00f3dc\u00f3w pa\u0144stw regionu na marginesie Zgromadzenia Og\u00f3lnego ONZ w Nowym Jorku w 2015 roku. Rok ten jest uznawany za pocz\u0105tek wsp\u00f3\u0142pracy tr\u00f3jmorskiej, natomiast inauguracyjny szczyt Inicjatywy odby\u0142 si\u0119 w Dubrowniku w 2016 r.<\/p>\n<p>Inicjatywa pocz\u0105tkowo skupia\u0142a 12 pa\u0144stw cz\u0142onkowskich UE: Austri\u0119, Bu\u0142gari\u0119, Chorwacj\u0119, Czechy, Estoni\u0119, \u0141otw\u0119, Litw\u0119, Polsk\u0119, Rumuni\u0119, S\u0142owacj\u0119, S\u0142oweni\u0119 i W\u0119gry. W 2023 r. grono to powi\u0119kszy\u0142o si\u0119 o Grecj\u0119 i liczy obecnie 13 pa\u0144stw uczestnicz\u0105cych. Partnerami strategicznymi Inicjatywy Tr\u00f3jmorza s\u0105: Stany Zjednoczone, Japonia, Komisja Europejska i Niemcy. (PAP)<\/p>\n<p>\u00a0<\/p>\n","protected":false},"excerpt":{"rendered":"Co musisz wiedzie\u0107: Karol Nawrocki przebywa z wizyt\u0105 w Chorwacji i we\u017amie udzia\u0142 w XI Szczycie Inicjatywy Tr\u00f3jmorza.&hellip;\n","protected":false},"author":2,"featured_media":394655,"comment_status":"","ping_status":"","sticky":false,"template":"","format":"standard","meta":{"footnotes":"","_share_on_mastodon":"0"},"categories":[62712],"tags":[210,113,61546,190,291,399,690,5567,49,261,102,907,39,7870,80,17258,26,1092],"class_list":["post-394654","post","type-post","status-publish","format-standard","has-post-thumbnail","category-karol-nawrocki","tag-aktualnosci","tag-biznes","tag-blogi","tag-gospodarka","tag-historia","tag-informacje","tag-karol-nawrocki","tag-komentarze","tag-kraj","tag-kultura","tag-opinie","tag-polityka","tag-polska","tag-solidarnosc","tag-swiat","tag-tygodnik","tag-wiadomosci","tag-wydarzenia"],"share_on_mastodon":{"url":"","error":""},"_links":{"self":[{"href":"https:\/\/www.europesays.com\/pl\/wp-json\/wp\/v2\/posts\/394654","targetHints":{"allow":["GET"]}}],"collection":[{"href":"https:\/\/www.europesays.com\/pl\/wp-json\/wp\/v2\/posts"}],"about":[{"href":"https:\/\/www.europesays.com\/pl\/wp-json\/wp\/v2\/types\/post"}],"author":[{"embeddable":true,"href":"https:\/\/www.europesays.com\/pl\/wp-json\/wp\/v2\/users\/2"}],"replies":[{"embeddable":true,"href":"https:\/\/www.europesays.com\/pl\/wp-json\/wp\/v2\/comments?post=394654"}],"version-history":[{"count":0,"href":"https:\/\/www.europesays.com\/pl\/wp-json\/wp\/v2\/posts\/394654\/revisions"}],"wp:featuredmedia":[{"embeddable":true,"href":"https:\/\/www.europesays.com\/pl\/wp-json\/wp\/v2\/media\/394655"}],"wp:attachment":[{"href":"https:\/\/www.europesays.com\/pl\/wp-json\/wp\/v2\/media?parent=394654"}],"wp:term":[{"taxonomy":"category","embeddable":true,"href":"https:\/\/www.europesays.com\/pl\/wp-json\/wp\/v2\/categories?post=394654"},{"taxonomy":"post_tag","embeddable":true,"href":"https:\/\/www.europesays.com\/pl\/wp-json\/wp\/v2\/tags?post=394654"}],"curies":[{"name":"wp","href":"https:\/\/api.w.org\/{rel}","templated":true}]}}