{"id":394750,"date":"2026-04-28T07:11:11","date_gmt":"2026-04-28T07:11:11","guid":{"rendered":"https:\/\/www.europesays.com\/pl\/394750\/"},"modified":"2026-04-28T07:11:11","modified_gmt":"2026-04-28T07:11:11","slug":"lodz-na-szczecinskiej-ukladaja-nawierzchnie-w-czerwcu-koniec-przebudowy","status":"publish","type":"post","link":"https:\/\/www.europesays.com\/pl\/394750\/","title":{"rendered":"\u0141\u00f3d\u017a. Na Szczeci\u0144skiej uk\u0142adaj\u0105 nawierzchni\u0119, w czerwcu koniec przebudowy"},"content":{"rendered":"<p>Ekipy budowlane rozpocz\u0119\u0142y uk\u0142adanie nawierzchni na ostatnim przebudowywanym odcinku ul. Szczeci\u0144skiej. Je\u017celi nic nie stanie na przeszkodzie b\u0119dzie mo\u017cna ni\u0105 pojecha\u0107 jeszcze w czerwcu \u2013  od razy w ca\u0142o\u015bci. <\/p>\n<p>Przebudowa 3,5-kilometrowego odcinka <a href=\"https:\/\/www.rynekinfrastruktury.pl\/wiadomosci\/drogi-i-autostrady\/lodz-trakcja-ma-rozbudowywac-drogi-w-poblizu-s14-88435.html\" target=\"_blank\" rel=\"nofollow noopener\">ul. Szczeci\u0144skiej w \u0141odzi \u2013 od skrzy\u017cowania z ul. Aleksandrowsk\u0105 do granicy z Konstantynowem<\/a> \u0141\u00f3dzkim \u2013 trwa od lipca 2024 roku. Ostatni odcinek jest ju\u017c prawie gotowy, co zwiastuje jego otwarcie. <\/p>\n<p>Urz\u0105d Miasta \u0141odzi przekaza\u0142, \u017ce prace na ostatnim odcinku ul. Szczeci\u0144skiej (ul. R\u0105bie\u0144ska \u2013 Konstantyn\u00f3w \u0141\u00f3dzki) zbli\u017caj\u0105 si\u0119 do ko\u0144ca. Ekipy drogowc\u00f3w uk\u0142adaj\u0105 now\u0105 nawierzchni\u0119 jezdni oraz kontynuuj\u0105 budow\u0119 ci\u0105gu pieszo-rowerowego. Niebawem rozpoczn\u0105 si\u0119 prace wyko\u0144czeniowe a po nich odbi\u00f3r inwestycji. Ostatni fragment, a tym samym ca\u0142a ul. Szczeci\u0144ska ma by\u0107 przejezdna w czerwcu.<\/p>\n<p><img decoding=\"async\" src=\"https:\/\/www.europesays.com\/pl\/wp-content\/uploads\/2026\/04\/2026042706512420260427KoncowkaPrzebudowySzczecinskiej7fotUML.jpg\"\/><\/p>\n<p>Fot. Urz\u0105d Miasta \u0141odzi | Ulica Szczeci\u0144ska po przebudowie zyska\u0142a m.in. nowe chodniki i o\u015bwietlenie<\/p>\n<p>Na ca\u0142ym odcinku obj\u0119tym przebudow\u0105 uda\u0142o si\u0119 wybudowa\u0107 ci\u0105gi pieszo-rowerowe wraz przejazdami rowerowymi, kt\u00f3rych do tej pory tam nie by\u0142o. Wykonano nasadzenia drzew i niskiej zieleni oraz zainstalowano nowe ledowe o\u015bwietlenie. Na samym pocz\u0105tku przebudowano tak\u017ce sie\u0107 wodno-kanalizacyjn\u0105. Pr\u00f3cz budowy nowych przystank\u00f3w autobusow\u0105 na ul. Szczeci\u0144skiej, w ramach inwestycji <a href=\"https:\/\/www.rynek-kolejowy.pl\/wiadomosci\/lodz-autobusy-mpk-wracaja-na-rojna-ale-to-nie-koniec-utrudnien--128044.html\" target=\"_blank\" rel=\"nofollow noopener\">przebudowano tak\u017ce kra\u0144c\u00f3wk\u0119 autobusow\u0105 Teofil\u00f3w Rojna<\/a>. Ta zosta\u0142a powi\u0119kszona i dostosowana do instalacji w przysz\u0142o\u015bci \u0142adowarki dla autobus\u00f3w elektrycznych. Natomiast kierowcy zyskali nowy punkt socjalny.Warto wspomnie\u0107, \u017ce wykonawc\u0105 wspomnianej dzi\u015b inwestycji jest firma Trakcja. Ta zaproponowa\u0142a ofert\u0119 opiewaj\u0105c\u0105 na 87,6 mln z\u0142. Trakcja by\u0142a odpowiedzialna tak\u017ce za <a href=\"https:\/\/www.rynekinfrastruktury.pl\/wiadomosci\/miasto\/lodz-trzy-miesiace-naprawy-placu-wolnosci-i-nowomiejskiej-102349.html\" target=\"_blank\" rel=\"nofollow noopener\">przebudow\u0119 na Placu Wolno\u015bci <\/a>oraz przebudow\u0119 ulic Ogrodowej i P\u00f3\u0142nocnej.<\/p>\n","protected":false},"excerpt":{"rendered":"Ekipy budowlane rozpocz\u0119\u0142y uk\u0142adanie nawierzchni na ostatnim przebudowywanym odcinku ul. Szczeci\u0144skiej. Je\u017celi nic nie stanie na przeszkodzie b\u0119dzie&hellip;\n","protected":false},"author":2,"featured_media":394751,"comment_status":"","ping_status":"","sticky":false,"template":"","format":"standard","meta":{"footnotes":"","_share_on_mastodon":"0"},"categories":[51608],"tags":[7648,7650,71873,71874,2624,71872,54135,7651,2995,3652,56324,56325,7649,7653,2801,42,38,40,39,41,6228,7647,71871,7646,7652,13314],"class_list":["post-394750","post","type-post","status-publish","format-standard","has-post-thumbnail","category-lodz","tag-autostrada","tag-cieplownictwo","tag-droga-ekspresowa-s14","tag-drogi-w-lodzi","tag-energetyka","tag-inwestycje-drgowe","tag-inwestycje-miejskie","tag-linie-kolejowe","tag-lotnisko","tag-lodz","tag-lodzkie-inwestycje","tag-miejskie-centrum-inwestycji-w-lodzi","tag-obwodnica","tag-operatorzy","tag-pkp-plk","tag-pl","tag-poland","tag-polish","tag-polska","tag-polski","tag-porty","tag-porty-lotnicze","tag-s14","tag-stocznie","tag-telekomunikacja","tag-trakcja"],"share_on_mastodon":{"url":"https:\/\/pubeurope.com\/@pl\/116481090270189326","error":""},"_links":{"self":[{"href":"https:\/\/www.europesays.com\/pl\/wp-json\/wp\/v2\/posts\/394750","targetHints":{"allow":["GET"]}}],"collection":[{"href":"https:\/\/www.europesays.com\/pl\/wp-json\/wp\/v2\/posts"}],"about":[{"href":"https:\/\/www.europesays.com\/pl\/wp-json\/wp\/v2\/types\/post"}],"author":[{"embeddable":true,"href":"https:\/\/www.europesays.com\/pl\/wp-json\/wp\/v2\/users\/2"}],"replies":[{"embeddable":true,"href":"https:\/\/www.europesays.com\/pl\/wp-json\/wp\/v2\/comments?post=394750"}],"version-history":[{"count":0,"href":"https:\/\/www.europesays.com\/pl\/wp-json\/wp\/v2\/posts\/394750\/revisions"}],"wp:featuredmedia":[{"embeddable":true,"href":"https:\/\/www.europesays.com\/pl\/wp-json\/wp\/v2\/media\/394751"}],"wp:attachment":[{"href":"https:\/\/www.europesays.com\/pl\/wp-json\/wp\/v2\/media?parent=394750"}],"wp:term":[{"taxonomy":"category","embeddable":true,"href":"https:\/\/www.europesays.com\/pl\/wp-json\/wp\/v2\/categories?post=394750"},{"taxonomy":"post_tag","embeddable":true,"href":"https:\/\/www.europesays.com\/pl\/wp-json\/wp\/v2\/tags?post=394750"}],"curies":[{"name":"wp","href":"https:\/\/api.w.org\/{rel}","templated":true}]}}