{"id":395109,"date":"2026-04-28T10:29:11","date_gmt":"2026-04-28T10:29:11","guid":{"rendered":"https:\/\/www.europesays.com\/pl\/395109\/"},"modified":"2026-04-28T10:29:11","modified_gmt":"2026-04-28T10:29:11","slug":"agata-mlynarska-komentuje-akcje-latwoganga-wspomniala-o-jerzym-owsiaku","status":"publish","type":"post","link":"https:\/\/www.europesays.com\/pl\/395109\/","title":{"rendered":"Agata M\u0142ynarska komentuje akcj\u0119 \u0141atwoganga. Wspomnia\u0142a o Jerzym Owsiaku"},"content":{"rendered":"<p><a href=\"https:\/\/plejada.pl\/temat\/latwogang\/1twymwp\" id=\"d2142782-57bd-4057-ad92-6d39342437ff\" rel=\"nofollow noopener\" target=\"_blank\">\u0141atwogang<\/a> zorganizowa\u0142 zbi\u00f3rk\u0119, kt\u00f3ra w kr\u00f3tkim czasie sta\u0142a si\u0119 fenomenem na skal\u0119 \u015bwiatow\u0105. Przez dziewi\u0119\u0107 dni influencer prowadzi\u0142 transmisj\u0119, podczas kt\u00f3rej s\u0142ucha\u0142 utworu Bedoesa i Mai Mecan &#8222;Ci\u0105gle tutaj jestem (diss na raka)&#8221;. W ten spos\u00f3b wspar\u0142 Fundacj\u0119 Cancer Fighters, a zebrana kwota przekroczy\u0142a 251 mln z\u0142, co zaskoczy\u0142o nawet samego tw\u00f3rc\u0119 akcji. <a href=\"https:\/\/plejada.pl\/temat\/agata-mlynarska\/f0h80mv\" id=\"40656ec2-49e7-427b-a9f6-2184a8dd0446\" rel=\"nofollow noopener\" target=\"_blank\">Agata M\u0142ynarska<\/a> postanowi\u0142a odnie\u015b\u0107 si\u0119 do tego sukcesu, przypominaj\u0105c, jak wygl\u0105da\u0142y pocz\u0105tki Wielkiej Orkiestry \u015awi\u0105tecznej Pomocy i podkre\u015blaj\u0105c symboliczne \u0142\u0105czenie pokole\u0144.      Dalszy ci\u0105g artyku\u0142u pod materia\u0142em wideo Agata M\u0142ynarska zachwycona akcj\u0105 \u0141atwoganga. M\u00f3wi o Jerzym Owsiaku<a href=\"https:\/\/plejada.pl\/temat\/jerzy-owsiak-jurek-owsiak\/qc0ezgk\" id=\"00d79873-550f-48ce-8392-89a1192de73a\" rel=\"nofollow noopener\" target=\"_blank\">Jerzy Owsiak<\/a> \u015bledzi\u0142 akcj\u0119 tw\u00f3rcy internetowego. &#8222;M\u00f3wi\u0119 zupe\u0142nie wprost: to my si\u0119 od was musimy uczy\u0107. To tak\u017ce my patrzymy, jak wy to robicie, to tak\u017ce dla nas jest niesamowita nauka&#8221; \u2014 stwierdzi\u0142 w mediach spo\u0142eczno\u015bciowych.Agata M\u0142ynarska <a href=\"https:\/\/ludzie.fakt.pl\/agata-mlynarska-o-owsiaku-i-latwogangu-budujmy-flote-zjednoczonych-sil\/64vgh8e\" id=\"d7faf537-4dd4-4981-87fc-a1f63c55d147\" rel=\"nofollow noopener\" target=\"_blank\">w rozmowie z &#8222;Faktem&#8221;<\/a> zwr\u00f3ci\u0142a uwag\u0119 na s\u0142owa Owsiaka. Dziennikarka stwierdzi\u0142a, \u017ce zar\u00f3wno \u0141atwogang, jak i za\u0142o\u017cyciel WO\u015aP maj\u0105 sobie nawzajem wiele do zaoferowania.     <\/p>\n<blockquote class=\"ods-o-quote\">\n<p class=\"ods-o-quote__paragraph\">Jest taka piosenka Waglewskiego &#8222;Budujmy flot\u0119 zjednoczonych si\u0142&#8221;. I ja dzi\u015b rzucam to has\u0142o. Bo dok\u0142adnie o to chodzi<\/p>\n<\/blockquote>\n<p>\u2014 powiedzia\u0142a i doda\u0142a:<\/p>\n<p>&#8222;Piotrek porwa\u0142 nas do zrywu. A Polacy s\u0105 dobrzy w zrywach. Tylko teraz trzeba z tego zrobi\u0107 co\u015b trwa\u0142ego \u2014 flot\u0119 zjednoczonych si\u0142 opart\u0105 na transparentno\u015bci, skuteczno\u015bci i warto\u015bciach. Jurek przez lata pokaza\u0142, jak to si\u0119 buduje. Teraz Piotrek jest ch\u0142opakiem wielkiego zrywu. Zobaczymy, kim si\u0119 stanie dalej&#8221;.<\/p>\n<p> <img decoding=\"async\" src=\"https:\/\/www.europesays.com\/pl\/wp-content\/uploads\/2026\/04\/_NQk9lBaHR0cHM6Ly9vY2RuLmV1L3B1bHNjbXMvTURBXy8yZTNjMzYxOWJiMjg3NzE5YTgwMWUxNmZhZjk1YzAxYS5qcGeRlQLNB.jpeg\" height=\"800\" width=\"534\" alt=\"Agata M\u0142ynarska\" loading=\"lazy\" class=\"ods-c-image__img ods-c-image__img--vertical\"\/> <\/p>\n<p>Agata M\u0142ynarskaPiotr Andrzejczak \/ MW Media<\/p>\n<p>M\u0142ynarska, obserwuj\u0105c dzia\u0142ania \u0141atwoganga, por\u00f3wna\u0142a jego zaanga\u017cowanie do tego, kt\u00f3re przed laty wykazywa\u0142 Jerzy Owsiak.<\/p>\n<p>&#8222;Jurek by\u0142 troch\u0119 starszy, ja te\u017c by\u0142am troch\u0119 starsza, ale nadal byli\u015bmy bardzo m\u0142odzi i kompletnie nie wiedzieli\u015bmy, do czego to b\u0119dzie zmierza\u0107. Musieli\u015bmy si\u0119 tego nauczy\u0107, odnale\u017a\u0107 w tym&#8221; \u2014 zauwa\u017cy\u0142a.<\/p>\n<p> <img decoding=\"async\" src=\"https:\/\/www.europesays.com\/pl\/wp-content\/uploads\/2026\/04\/BRHk9lBaHR0cHM6Ly9vY2RuLmV1L3B1bHNjbXMvTURBXy9jYWU2ZTA4ZGEyNjhlZDhiOTNkNTA0OWM0YmQyZmQ5ZS5qcGeRlQLNB.jpeg\" height=\"627\" width=\"940\" alt=\"Jerzy Owsiak\" loading=\"lazy\" class=\"ods-c-image__img ods-c-image__img--viewport-width\"\/> <\/p>\n<p>Jerzy OwsiakRadek Pietruszka \/ PAP<\/p>\n<p>Agata M\u0142ynarska zwr\u00f3ci\u0142a uwag\u0119, \u017ce sukces WO\u015aP opiera si\u0119 na zaufaniu i trwa\u0142o\u015bci relacji, mimo up\u0142ywu lat i r\u00f3\u017cnych zmian w \u017cyciu zawodowym.<\/p>\n<p>&#8222;Prosz\u0119 spojrze\u0107, \u017ce mimo podzia\u0142\u00f3w, mimo r\u00f3\u017cnych w\u0119dr\u00f3wek po stacjach telewizyjnych, my z Owsiakiem jeste\u015bmy ca\u0142y czas razem. U nas nic nie rozdzieli\u0142o tej relacji, \u017cadna polityka nas nie podzieli\u0142a. I mam nadziej\u0119, \u017ce \u0141atwogang i Bedoes te\u017c b\u0119d\u0105 szli t\u0105 drog\u0105&#8221; \u2014 podkre\u015bli\u0142a.<\/p>\n<p>Na zako\u0144czenie rozmowy M\u0142ynarska wyrazi\u0142a swoje wsparcie dla influencera.<\/p>\n<blockquote class=\"ods-o-quote\">\n<p class=\"ods-o-quote__paragraph\">Z ca\u0142ego serca im kibicuj\u0119. Przekazuj\u0119 t\u0119 energi\u0119 na zmian\u0119 warty i naprawd\u0119 rzucam z serca has\u0142o, \u017ceby budowa\u0107 flot\u0119 zjednoczonych si\u0142. Bo teraz w\u0142a\u015bnie o to chodzi<\/p>\n<\/blockquote>\n<p>\u2014 skwitowa\u0142a.<\/p>\n<p> <img decoding=\"async\" src=\"https:\/\/www.europesays.com\/pl\/wp-content\/uploads\/2026\/04\/MXRk9lBaHR0cHM6Ly9vY2RuLmV1L3B1bHNjbXMvTURBXy9hMjJiMjQ4NTc4NzgxMzA5OTFhODI3NjM2NTA2OThkYi5qcGeRlQLNB.jpeg\" height=\"627\" width=\"940\" alt=\"\u0141atwogang\" loading=\"lazy\" class=\"ods-c-image__img ods-c-image__img--viewport-width\"\/> <\/p>\n<p>\u0141atwogangLeszek Szyma\u0144ski \/ PAP<\/p>\n<p> Dzi\u0119kujemy, \u017ce przeczyta\u0142a\u015b\/e\u015b nasz artyku\u0142 do ko\u0144ca. W serwisie Plejada.pl ka\u017cdego dnia piszemy o najwa\u017cniejszych wydarzeniach show-biznesowych. B\u0105d\u017a na bie\u017c\u0105co! <a rel=\"nofollow noopener\" href=\"https:\/\/profile.google.com\/cp\/Cg0vZy8xMWJ6X19wdHBx\" id=\"785e01fd-d684-4c59-b31a-337b478ce56f\" target=\"_blank\">Obserwuj<\/a> Plejad\u0119 w Wiadomo\u015bciach Google. Odwied\u017a nas tak\u017ce na <a rel=\"nofollow noopener\" href=\"https:\/\/www.facebook.com\/plejadapl\" id=\"8c4ef1f3-c6eb-4887-8fac-016c6a97f8c9\" target=\"_blank\">Facebooku<\/a>, <a rel=\"nofollow noopener\" href=\"https:\/\/www.instagram.com\/plejadapl\/\" id=\"c2d778b6-6fde-48be-87e0-b5299a3ac003\" target=\"_blank\">Instagramie<\/a>, <a rel=\"nofollow noopener\" href=\"https:\/\/www.youtube.com\/c\/plejada\" id=\"cb89a593-0c81-4eb7-8385-110293e6ed1a\" target=\"_blank\">YouTube<\/a> oraz <a rel=\"nofollow noopener\" href=\"https:\/\/www.tiktok.com\/@plejada_pl\" id=\"08bf4db5-08b3-4e66-8bca-7aa2c161cd8a\" target=\"_blank\">TikToku<\/a>.Chcesz podzieli\u0107 si\u0119 ciekawym newsem lub zaproponowa\u0107 temat? Skontaktuj si\u0119 z nami, pisz\u0105c e-maila na adres: <a rel=\"nofollow noopener\" href=\"https:\/\/plejada.pl\/newsy\/agata-mlynarska-komentuje-akcje-latwoganga-wspomniala-o-jerzym-owsiaku\/mailto:plejada@redakcjaonet.pl\" id=\"7140bf4b-1e20-4621-b4cc-8df7c44fb4b6\" target=\"_blank\">plejada@redakcjaonet.pl<\/a>.<script async src=\"\/\/www.instagram.com\/embed.js\"><\/script><script async src=\"\/\/www.tiktok.com\/embed.js\"><\/script><\/p>\n","protected":false},"excerpt":{"rendered":"\u0141atwogang zorganizowa\u0142 zbi\u00f3rk\u0119, kt\u00f3ra w kr\u00f3tkim czasie sta\u0142a si\u0119 fenomenem na skal\u0119 \u015bwiatow\u0105. Przez dziewi\u0119\u0107 dni influencer prowadzi\u0142&hellip;\n","protected":false},"author":2,"featured_media":395110,"comment_status":"","ping_status":"","sticky":false,"template":"","format":"standard","meta":{"footnotes":"","_share_on_mastodon":"0"},"categories":[22],"tags":[797,61195,122,24148,69734,48,125,46,42,38,40,39,41,123,47],"class_list":["post-395109","post","type-post","status-publish","format-standard","has-post-thumbnail","category-rozrywka","tag-agata_mlynarska","tag-bottomfeed_styl","tag-entertainment","tag-jerzy_owsiak","tag-latwogang","tag-nat_styl","tag-newsy","tag-omp","tag-pl","tag-poland","tag-polish","tag-polska","tag-polski","tag-rozrywka","tag-screening_general"],"share_on_mastodon":{"url":"https:\/\/pubeurope.com\/@pl\/116481868762871452","error":""},"_links":{"self":[{"href":"https:\/\/www.europesays.com\/pl\/wp-json\/wp\/v2\/posts\/395109","targetHints":{"allow":["GET"]}}],"collection":[{"href":"https:\/\/www.europesays.com\/pl\/wp-json\/wp\/v2\/posts"}],"about":[{"href":"https:\/\/www.europesays.com\/pl\/wp-json\/wp\/v2\/types\/post"}],"author":[{"embeddable":true,"href":"https:\/\/www.europesays.com\/pl\/wp-json\/wp\/v2\/users\/2"}],"replies":[{"embeddable":true,"href":"https:\/\/www.europesays.com\/pl\/wp-json\/wp\/v2\/comments?post=395109"}],"version-history":[{"count":0,"href":"https:\/\/www.europesays.com\/pl\/wp-json\/wp\/v2\/posts\/395109\/revisions"}],"wp:featuredmedia":[{"embeddable":true,"href":"https:\/\/www.europesays.com\/pl\/wp-json\/wp\/v2\/media\/395110"}],"wp:attachment":[{"href":"https:\/\/www.europesays.com\/pl\/wp-json\/wp\/v2\/media?parent=395109"}],"wp:term":[{"taxonomy":"category","embeddable":true,"href":"https:\/\/www.europesays.com\/pl\/wp-json\/wp\/v2\/categories?post=395109"},{"taxonomy":"post_tag","embeddable":true,"href":"https:\/\/www.europesays.com\/pl\/wp-json\/wp\/v2\/tags?post=395109"}],"curies":[{"name":"wp","href":"https:\/\/api.w.org\/{rel}","templated":true}]}}