{"id":39514,"date":"2025-10-09T06:42:09","date_gmt":"2025-10-09T06:42:09","guid":{"rendered":"https:\/\/www.europesays.com\/pl\/39514\/"},"modified":"2025-10-09T06:42:09","modified_gmt":"2025-10-09T06:42:09","slug":"barcelona-zagra-mecz-la-liga-w-miami","status":"publish","type":"post","link":"https:\/\/www.europesays.com\/pl\/39514\/","title":{"rendered":"Barcelona zagra mecz La Liga w Miami!"},"content":{"rendered":"<p data-start=\"219\" data-end=\"457\">Hiszpa\u0144ska LaLiga oficjalnie og\u0142osi\u0142a, \u017ce\u00a0spotkanie ligowe pomi\u0119dzy Villarrealem a\u00a0FC Barcelon\u0105 odb\u0119dzie si\u0119 20 grudnia w\u00a0Miami. To\u00a0pierwszy raz w\u00a0historii, kiedy mecz krajowej ligi pi\u0142karskiej zostanie rozegrany poza granicami Hiszpanii.<\/p>\n<p data-start=\"459\" data-end=\"726\">Decyzj\u0119 og\u0142oszono dwa dni po\u00a0tym, jak UEFA \u2013 mimo wyra\u017anej niech\u0119ci \u2013 udzieli\u0142a zgody nie\u00a0tylko\u00a0na\u00a0przeniesienie tego meczu do\u00a0Stan\u00f3w Zjednoczonych, ale\u00a0r\u00f3wnie\u017c na\u00a0rozegranie jednego spotkania w\u0142oskiej Serie A\u00a0(AC\u00a0Milan \u2013 Como) w\u00a0Australii, kt\u00f3re zaplanowano na\u00a0luty.<\/p>\n<p>Barcelona zagra z\u00a0Villarreal w\u00a0Miami. La\u00a0Liga przeniesie si\u0119 na\u00a0jeden mecz do\u00a0USA<\/p>\n<p data-start=\"728\" data-end=\"890\">Do\u00a0tej\u00a0pory \u017cadne z\u00a0najwa\u017cniejszych krajowych rozgrywek ligowych nie\u00a0organizowa\u0142y mecz\u00f3w poza swoim terytorium. Dlatego decyzja LaLigi uwa\u017cana jest za\u00a0prze\u0142omow\u0105.<\/p>\n<p data-start=\"892\" data-end=\"1274\">\u2013 To\u00a0historyczny krok, kt\u00f3ry\u00a0wznosi La\u00a0Liga i\u00a0hiszpa\u0144sk\u0105 pi\u0142k\u0119 no\u017cn\u0105 na\u00a0zupe\u0142nie nowy poziom\u00a0\u2013 skomentowa\u0142 prezes ligi Javier Tebas. Od\u00a0lat by\u0142 or\u0119downikiem idei globalnej promocji rozgrywek poprzez rozgrywanie pojedynczych mecz\u00f3w na\u00a0innych kontynentach. Jego wcze\u015bniejsze pr\u00f3by, takie jak pomys\u0142 z\u00a02018 roku, gdy\u00a0planowano starcie Barcelony z\u00a0Giron\u0105 poza Hiszpani\u0105, by\u0142y skutecznie blokowane.<\/p>\n<blockquote class=\"twitter-tweet\">\n<p dir=\"ltr\" lang=\"es\">\ud83d\udea8 NOTA INFORMATIVA.<\/p>\n<p>LALIGA confirma la\u00a0celebraci\u00f3n en\u00a0Miami del partido oficial entre <a href=\"https:\/\/twitter.com\/VillarrealCF?ref_src=twsrc%5Etfw\" rel=\"nofollow noopener\" target=\"_blank\">@VillarrealCF<\/a> y\u00a0<a href=\"https:\/\/twitter.com\/FCBarcelona?ref_src=twsrc%5Etfw\" rel=\"nofollow noopener\" target=\"_blank\">@FCBarcelona<\/a>.<\/p>\n<p>\ud83d\udcc5 20 de\u00a0diciembre de\u00a02025 en\u00a0el\u00a0Hard Rock Stadium.<\/p>\n<p>\u2014\u00a0LALIGA Corporativo (@LaLigaCorp) <a href=\"https:\/\/twitter.com\/LaLigaCorp\/status\/1975962320611463467?ref_src=twsrc%5Etfw\" rel=\"nofollow noopener\" target=\"_blank\">October 8, 2025<\/a><\/p>\n<\/blockquote>\n<p data-start=\"1276\" data-end=\"1484\">Obecne plany r\u00f3wnie\u017c wzbudzi\u0142y kontrowersje. Pomys\u0142owi sprzeciwiaj\u0105 si\u0119 liczne \u015brodowiska: zwi\u0105zki zawodowe pi\u0142karzy, organizacje kibic\u00f3w oraz\u00a0sami zawodnicy, w\u00a0tym kapitanowie dru\u017cyn Barcelony i\u00a0Villarrealu.<\/p>\n<blockquote class=\"twitter-tweet\">\n<p dir=\"ltr\" lang=\"ro\">FC Barcelona Statement <a href=\"https:\/\/t.co\/s0cfprbStJ\" rel=\"nofollow\">pic.twitter.com\/s0cfprbStJ<\/a><\/p>\n<p>\u2014\u00a0FC Barcelona (@FCBarcelona) <a href=\"https:\/\/twitter.com\/FCBarcelona\/status\/1975984992103936311?ref_src=twsrc%5Etfw\" rel=\"nofollow noopener\" target=\"_blank\">October 8, 2025<\/a><\/p>\n<\/blockquote>\n<p data-start=\"1486\" data-end=\"1679\">Prezydent UEFA Aleksander Ceferin zaznaczy\u0142, \u017ce\u00a0cho\u0107 w\u00a0obecnym stanie prawnym nie\u00a0ma\u00a0podstaw, by\u00a0uniemo\u017cliwi\u0107 rozgrywanie mecz\u00f3w za\u00a0granic\u0105, to\u00a0FIFA planuje wprowadzenie odpowiednich regulacji.<\/p>\n<p data-start=\"1681\" data-end=\"1959\">\u2013 Cho\u0107 niestety trzeba dopu\u015bci\u0107 do\u00a0rozegrania tych mecz\u00f3w, ta\u00a0decyzja jest wyj\u0105tkowa i\u00a0nie\u00a0nale\u017cy jej traktowa\u0107 jako ustanowienie precedensu. Nasze stanowisko jest jasne: chcemy chroni\u0107 krajowe ligi i\u00a0dbamy o\u00a0to, \u017ceby\u00a0pi\u0142ka no\u017cna by\u0142a zakorzeniona w\u00a0swoim lokalnym \u015brodowisku\u00a0\u2013 podkre\u015bli\u0142 Ceferin w\u00a0oficjalnym komunikacie.<\/p>\n<p data-start=\"1681\" data-end=\"1959\">CZYTAJ WI\u0118CEJ O\u00a0FC BARCELONIE:<\/p>\n<p>fot.\u00a0Newspix<\/p>\n<p>                    <script async src=\"https:\/\/platform.twitter.com\/widgets.js\" charset=\"utf-8\"><\/script><\/p>\n","protected":false},"excerpt":{"rendered":"Hiszpa\u0144ska LaLiga oficjalnie og\u0142osi\u0142a, \u017ce\u00a0spotkanie ligowe pomi\u0119dzy Villarrealem a\u00a0FC Barcelon\u0105 odb\u0119dzie si\u0119 20 grudnia w\u00a0Miami. To\u00a0pierwszy raz w\u00a0historii,&hellip;\n","protected":false},"author":2,"featured_media":39515,"comment_status":"","ping_status":"","sticky":false,"template":"","format":"standard","meta":{"footnotes":""},"categories":[24],"tags":[1157,11372,42,38,40,39,41,127,126,9121],"class_list":{"0":"post-39514","1":"post","2":"type-post","3":"status-publish","4":"format-standard","5":"has-post-thumbnail","7":"category-sport","8":"tag-barcelona","9":"tag-miami","10":"tag-pl","11":"tag-poland","12":"tag-polish","13":"tag-polska","14":"tag-polski","15":"tag-sport","16":"tag-sports","17":"tag-villarreal"},"share_on_mastodon":{"url":"","error":""},"_links":{"self":[{"href":"https:\/\/www.europesays.com\/pl\/wp-json\/wp\/v2\/posts\/39514","targetHints":{"allow":["GET"]}}],"collection":[{"href":"https:\/\/www.europesays.com\/pl\/wp-json\/wp\/v2\/posts"}],"about":[{"href":"https:\/\/www.europesays.com\/pl\/wp-json\/wp\/v2\/types\/post"}],"author":[{"embeddable":true,"href":"https:\/\/www.europesays.com\/pl\/wp-json\/wp\/v2\/users\/2"}],"replies":[{"embeddable":true,"href":"https:\/\/www.europesays.com\/pl\/wp-json\/wp\/v2\/comments?post=39514"}],"version-history":[{"count":0,"href":"https:\/\/www.europesays.com\/pl\/wp-json\/wp\/v2\/posts\/39514\/revisions"}],"wp:featuredmedia":[{"embeddable":true,"href":"https:\/\/www.europesays.com\/pl\/wp-json\/wp\/v2\/media\/39515"}],"wp:attachment":[{"href":"https:\/\/www.europesays.com\/pl\/wp-json\/wp\/v2\/media?parent=39514"}],"wp:term":[{"taxonomy":"category","embeddable":true,"href":"https:\/\/www.europesays.com\/pl\/wp-json\/wp\/v2\/categories?post=39514"},{"taxonomy":"post_tag","embeddable":true,"href":"https:\/\/www.europesays.com\/pl\/wp-json\/wp\/v2\/tags?post=39514"}],"curies":[{"name":"wp","href":"https:\/\/api.w.org\/{rel}","templated":true}]}}