{"id":395194,"date":"2026-04-28T11:19:10","date_gmt":"2026-04-28T11:19:10","guid":{"rendered":"https:\/\/www.europesays.com\/pl\/395194\/"},"modified":"2026-04-28T11:19:10","modified_gmt":"2026-04-28T11:19:10","slug":"polska-druga-w-rankingu-najwiekszy-deficyt-w-unii-europejskiej","status":"publish","type":"post","link":"https:\/\/www.europesays.com\/pl\/395194\/","title":{"rendered":"Polska druga w rankingu: najwi\u0119kszy deficyt w Unii Europejskiej"},"content":{"rendered":"<p>Polska ma\u00a0jeden z\u00a0najwy\u017cszych deficyt\u00f3w fiskalnych w\u00a0relacji do\u00a0PKB w\u00a0ca\u0142ej Unii Europejskiej \u2013 gorszy wynik notuje jedynie Rumunia. W\u00a0pi\u0119ciu pa\u0144stwach UE\u00a0odnotowano natomiast nadwy\u017ck\u0119 w\u00a0finansach publicznych \u2013 wynika z\u00a0danych\u00a0Eurostatu.<\/p>\n<p>W\u00a0kasie pa\u0144stwa zabrak\u0142o 7,3\u00a0proc. PKB. Kryterium fiskalne z\u00a0Maastricht, kt\u00f3re nak\u0142ada na\u00a0kraje Unii Europejskiej limit deficytu na\u00a0poziomie 3\u00a0proc. PKB, zosta\u0142o powa\u017cnie\u00a0przekroczone. <\/p>\n<p> Kto\u00a0ma\u00a0nadwy\u017ck\u0119? <\/p>\n<p>Nadwy\u017ck\u0119 fiskaln\u0105 zanotowa\u0142y takie kraje jak Dania (2,9\u00a0proc.), Irlandia (1,8\u00a0proc.), Cypr (3,4\u00a0proc. PKB), Portugalia (0,7\u00a0proc.) czy nawet Grecja (1,1\u00a0proc.\u00a0PKB).<\/p>\n<p> Jakiemu pa\u0144stwu brakuje\u00a0pieni\u0119dzy? <\/p>\n<p>Najgorsze saldo fiskalne odnotowa\u0142a Rumunia \u2013 tam w\u00a0kasie pa\u0144stwa zabrak\u0142o 7,9\u00a0proc. PKB \u2013 oraz Polska, gdzie deficyt fiskalny si\u0119gn\u0105\u0142 7,3\u00a0proc. PKB. <\/p>\n<p> Dzia\u0142ania rz\u0105du Donalda\u00a0Tuska? <\/p>\n<p>Rz\u0105d Rumunii ju\u017c rozpocz\u0105\u0142 ograniczanie wydatk\u00f3w pa\u0144stwa. A\u00a0rz\u0105d Donalda\u00a0Tuska?<\/p>\n<p>W\u00a02026 polski deficyt fiskalny (w\u00a0relacji do\u00a0PKB) b\u0119dzie najpewniej najwy\u017cszy w\u00a0ca\u0142ej UE\u00a0&#8211; komentuj\u0105 ekonomi\u015bci PKO\u00a0BP<\/p>\n<p>\u00bb\u00bb Odwied\u017a <a href=\"https:\/\/news.google.com\/publications\/CAAiEPAUTEE0TaX0k_c2wpWmSXoqFAgKIhDwFExBNE2l9JP3NsKVpkl6?hl=pl&amp;gl=PL&amp;ceid=PL\u00a0proc.3Apl\" rel=\"nofollow noopener\" target=\"_blank\">wgospodarce.pl\u00a0na\u00a0GOOGLE NEWS<\/a>, aby codziennie \u015bledzi\u0107 aktualne\u00a0informacje<\/p>\n<p>\u00bb\u00bb O\u00a0bie\u017c\u0105cych wydarzeniach w\u00a0gospodarce i\u00a0finansach czytaj\u00a0tutaj:<\/p>\n<p><a href=\"https:\/\/wgospodarce.pl\/informacje\/156009-producenci-drobiu-rosnie-import-jaj-do-polski\" rel=\"nofollow noopener\" target=\"_blank\">Producenci drobiu: ro\u015bnie import jaj\u00a0do\u00a0Polski<\/a><\/p>\n<p><a href=\"https:\/\/wgospodarce.pl\/informacje\/156008-bacowie-zalamani-welna-dzis-nic-nie-warta\" rel=\"nofollow noopener\" target=\"_blank\">Bacowie za\u0142amani: we\u0142na dzi\u015b nic nie\u00a0warta<\/a><\/p>\n<p><a href=\"https:\/\/wgospodarce.pl\/informacje\/155981-uwaga-na-podrabiana-kawe-uruchom-wech-smak-i-wzrok\" rel=\"nofollow noopener\" target=\"_blank\">Uwaga na\u00a0podrabian\u0105 kaw\u0119! Uruchom w\u0119ch, smak\u00a0i\u00a0wzrok<\/a><\/p>\n<p>\u00bb\u00bbBezw\u0142ad w\u00a0suchym porcie w\u00a0Ma\u0142aszewiczach \u2013 ogl\u0105daj \u201ePi\u0105tk\u0119 wGospodarce\u201d telewizji\u00a0wPolsce24<\/p>\n<p>      <a class=\"youtube-link\" href=\"https:\/\/www.youtube.com\/embed\/GY1WlUxK5rg?rel=0\" style=\"display: none\" rel=\"nofollow noopener\" target=\"_blank\"> <\/p>\n<p>money,\u00a0jb<\/p>\n<p>Dzi\u0119kujemy za przeczytanie artyku\u0142u!<\/p>\n<p>Pami\u0119taj, mo\u017cesz ogl\u0105da\u0107 nasz\u0105 telewizj\u0119 na <a href=\"https:\/\/wpolsce24.tv\/\" target=\"_blank\" rel=\"nofollow noopener\">wPolsce24<\/a>. Buduj z nami niezale\u017cne media na <a href=\"https:\/\/wesprzyj.wpolsce24.tv\/\" target=\"_blank\" rel=\"nofollow noopener\">wesprzyj.wpolsce24<\/a>.<\/p>\n","protected":false},"excerpt":{"rendered":"Polska ma\u00a0jeden z\u00a0najwy\u017cszych deficyt\u00f3w fiskalnych w\u00a0relacji do\u00a0PKB w\u00a0ca\u0142ej Unii Europejskiej \u2013 gorszy wynik notuje jedynie Rumunia. W\u00a0pi\u0119ciu pa\u0144stwach&hellip;\n","protected":false},"author":2,"featured_media":395195,"comment_status":"","ping_status":"","sticky":false,"template":"","format":"standard","meta":{"footnotes":"","_share_on_mastodon":"0"},"categories":[12],"tags":[72005,1345,5417,42,38,40,39,41,542,380],"class_list":["post-395194","post","type-post","status-publish","format-standard","has-post-thumbnail","category-polska","tag-deficyt-fiskalny","tag-donald-tusk","tag-pkb","tag-pl","tag-poland","tag-polish","tag-polska","tag-polski","tag-rumunia","tag-rzad"],"share_on_mastodon":{"url":"https:\/\/pubeurope.com\/@pl\/116482065428342757","error":""},"_links":{"self":[{"href":"https:\/\/www.europesays.com\/pl\/wp-json\/wp\/v2\/posts\/395194","targetHints":{"allow":["GET"]}}],"collection":[{"href":"https:\/\/www.europesays.com\/pl\/wp-json\/wp\/v2\/posts"}],"about":[{"href":"https:\/\/www.europesays.com\/pl\/wp-json\/wp\/v2\/types\/post"}],"author":[{"embeddable":true,"href":"https:\/\/www.europesays.com\/pl\/wp-json\/wp\/v2\/users\/2"}],"replies":[{"embeddable":true,"href":"https:\/\/www.europesays.com\/pl\/wp-json\/wp\/v2\/comments?post=395194"}],"version-history":[{"count":0,"href":"https:\/\/www.europesays.com\/pl\/wp-json\/wp\/v2\/posts\/395194\/revisions"}],"wp:featuredmedia":[{"embeddable":true,"href":"https:\/\/www.europesays.com\/pl\/wp-json\/wp\/v2\/media\/395195"}],"wp:attachment":[{"href":"https:\/\/www.europesays.com\/pl\/wp-json\/wp\/v2\/media?parent=395194"}],"wp:term":[{"taxonomy":"category","embeddable":true,"href":"https:\/\/www.europesays.com\/pl\/wp-json\/wp\/v2\/categories?post=395194"},{"taxonomy":"post_tag","embeddable":true,"href":"https:\/\/www.europesays.com\/pl\/wp-json\/wp\/v2\/tags?post=395194"}],"curies":[{"name":"wp","href":"https:\/\/api.w.org\/{rel}","templated":true}]}}