{"id":39524,"date":"2025-10-09T06:47:07","date_gmt":"2025-10-09T06:47:07","guid":{"rendered":"https:\/\/www.europesays.com\/pl\/39524\/"},"modified":"2025-10-09T06:47:07","modified_gmt":"2025-10-09T06:47:07","slug":"kto-powinien-placic-za-ewakuacje-obywateli-polacy-zabrali-glos","status":"publish","type":"post","link":"https:\/\/www.europesays.com\/pl\/39524\/","title":{"rendered":"Kto powinien p\u0142aci\u0107 za ewakuacj\u0119 obywateli? Polacy zabrali g\u0142os"},"content":{"rendered":"<p> Dlaczego o tym piszemy? <\/p>\n<p class=\"ods-c-paragraph \">Ostatnie wydarzenia w Strefie Gazy i udzia\u0142 Polak\u00f3w, w tym pos\u0142a Franciszka Sterczewskiego, w rejsie flotylli Sumud nios\u0105cej pomoc humanitarn\u0105 wywo\u0142a\u0142y pytania o koszty ewakuacji polskich obywateli z niebezpiecznych, ogarni\u0119tych wojn\u0105 zak\u0105tk\u00f3w \u015bwiata. Sond\u0119 na ten temat przeprowadzi\u0142 w mediach spo\u0142eczno\u015bciowych minister spraw zagranicznych Rados\u0142aw Sikorski.<\/p>\n<p>  Jakie s\u0105 wyniki sonda\u017cu? <\/p>\n<p class=\"ods-c-paragraph \">Teraz redakcja &#8222;Wprost&#8221; poprosi\u0142a Polak\u00f3w o odpowied\u017a na pytanie, &#8222;czy uwa\u017caj\u0105, \u017ce pa\u0144stwo polskie powinno pokry\u0107 koszty ewakuacji obywateli RP, kt\u00f3rzy \u2014 mimo ostrze\u017ce\u0144 \u2014 udali si\u0119 w rejon wojny&#8221;.<\/p>\n<p class=\"ods-c-paragraph \">Wyniki sonda\u017cu przeprowadzonego przez pracowni\u0119 SW Research wskazuj\u0105, \u017ce 53,2 proc. ankietowanych uwa\u017ca, \u017ce Polska nie powinna p\u0142aci\u0107 za ewakuacj\u0119.<\/p>\n<p class=\"ods-c-paragraph \">26,8 proc. badanych udzieli\u0142o odpowiedzi pozytywnej.<\/p>\n<p class=\"ods-c-paragraph \">20 proc. respondent\u00f3w nie ma zdania w sprawie.<\/p>\n<p class=\"ods-c-paragraph \">Zobacz tak\u017ce:<\/p>\n","protected":false},"excerpt":{"rendered":"Dlaczego o tym piszemy? Ostatnie wydarzenia w Strefie Gazy i udzia\u0142 Polak\u00f3w, w tym pos\u0142a Franciszka Sterczewskiego, w&hellip;\n","protected":false},"author":2,"featured_media":39525,"comment_status":"","ping_status":"","sticky":false,"template":"","format":"standard","meta":{"footnotes":""},"categories":[12],"tags":[32,33,721,36,37,27,49,34,35,28,31,48,25,46,42,38,40,39,41,47,231,88,29,30,70,26],"class_list":{"0":"post-39524","1":"post","2":"type-post","3":"status-publish","4":"format-standard","5":"has-post-thumbnail","7":"category-polska","8":"tag-breaking-news","9":"tag-breakingnews","10":"tag-ewakuacja","11":"tag-featured-news","12":"tag-featurednews","13":"tag-headlines","14":"tag-kraj","15":"tag-latest-news","16":"tag-latestnews","17":"tag-naglowki","18":"tag-najwazniejsze-artykuly","19":"tag-nat_styl","20":"tag-news","21":"tag-omp","22":"tag-pl","23":"tag-poland","24":"tag-polish","25":"tag-polska","26":"tag-polski","27":"tag-screening_general","28":"tag-sondaze","29":"tag-strefa_gazy","30":"tag-top-stories","31":"tag-topstories","32":"tag-w_skrocie","33":"tag-wiadomosci"},"share_on_mastodon":{"url":"","error":""},"_links":{"self":[{"href":"https:\/\/www.europesays.com\/pl\/wp-json\/wp\/v2\/posts\/39524","targetHints":{"allow":["GET"]}}],"collection":[{"href":"https:\/\/www.europesays.com\/pl\/wp-json\/wp\/v2\/posts"}],"about":[{"href":"https:\/\/www.europesays.com\/pl\/wp-json\/wp\/v2\/types\/post"}],"author":[{"embeddable":true,"href":"https:\/\/www.europesays.com\/pl\/wp-json\/wp\/v2\/users\/2"}],"replies":[{"embeddable":true,"href":"https:\/\/www.europesays.com\/pl\/wp-json\/wp\/v2\/comments?post=39524"}],"version-history":[{"count":0,"href":"https:\/\/www.europesays.com\/pl\/wp-json\/wp\/v2\/posts\/39524\/revisions"}],"wp:featuredmedia":[{"embeddable":true,"href":"https:\/\/www.europesays.com\/pl\/wp-json\/wp\/v2\/media\/39525"}],"wp:attachment":[{"href":"https:\/\/www.europesays.com\/pl\/wp-json\/wp\/v2\/media?parent=39524"}],"wp:term":[{"taxonomy":"category","embeddable":true,"href":"https:\/\/www.europesays.com\/pl\/wp-json\/wp\/v2\/categories?post=39524"},{"taxonomy":"post_tag","embeddable":true,"href":"https:\/\/www.europesays.com\/pl\/wp-json\/wp\/v2\/tags?post=39524"}],"curies":[{"name":"wp","href":"https:\/\/api.w.org\/{rel}","templated":true}]}}