{"id":395401,"date":"2026-04-28T13:14:09","date_gmt":"2026-04-28T13:14:09","guid":{"rendered":"https:\/\/www.europesays.com\/pl\/395401\/"},"modified":"2026-04-28T13:14:09","modified_gmt":"2026-04-28T13:14:09","slug":"potezny-cios-w-kartele-w-meksyku-ulice-miast-maja-zamienic-sie-w-pieklo","status":"publish","type":"post","link":"https:\/\/www.europesays.com\/pl\/395401\/","title":{"rendered":"Pot\u0119\u017cny cios w kartele w Meksyku. Ulice miast maj\u0105 zamieni\u0107 si\u0119 w piek\u0142o"},"content":{"rendered":"<p>Ten wysoko postawiony gangster uchodzi\u0142 za nast\u0119pc\u0119 s\u0142ynnego bossa &#8222;El Mencho&#8221; z kartelu Jalisco. Stany Zjednoczone wyznaczy\u0142y za jego g\u0142ow\u0119 nagrod\u0119 w wysoko\u015bci 5 mln dol. (18,1 mln z\u0142).<\/p>\n<p>Audias Flores Silva, znany r\u00f3wnie\u017c jako &#8222;El Jardinero&#8221; (&#8222;Ogrodnik&#8221;), zosta\u0142 zatrzymany, gdy ukrywa\u0142 si\u0119 w rowie przy drodze w okolicach miejscowo\u015bci El Mirador w stanie Nayarit \u2014 poinformowa\u0142y meksyka\u0144skie w\u0142adze.<\/p>\n<p>W operacji bra\u0142o udzia\u0142 120 \u017co\u0142nierzy, dodatkowo 400 cz\u0142onk\u00f3w marynarki wojennej w funkcjach wsparcia oraz \u015bmig\u0142owce i samoloty. Podczas zatrzymania nikt nie zgin\u0105\u0142 ani nie zosta\u0142 ranny. Akcja zosta\u0142a przeprowadzona dwa miesi\u0105ce po tym, jak <a href=\"https:\/\/wiadomosci.onet.pl\/swiat\/akcja-sil-specjalnych-w-meksyku-nie-zyje-baron-narkotykowy-el-mencho\/xz4js2n\" id=\"db3923d9-b8b5-4d31-8914-555a8c8fbf2b\" rel=\"nofollow noopener\" target=\"_blank\">zgin\u0105\u0142 szef kartelu &#8222;El Mencho&#8221;<\/a>.<\/p>\n<p>&#8222;El Jardinero&#8221; by\u0142 poszukiwany m.in. za handel narkotykami i oszustwa wobec ameryka\u0144skich emeryt\u00f3w. USA zarzuca\u0142y Silvie tak\u017ce kierowanie grup\u0105 oszust\u00f3w wy\u0142udzaj\u0105cych pieni\u0105dze od starszych obywateli USA poprzez fa\u0142szywe oferty timeshare [umo\u017cliwiaj\u0105 prawo do korzystania z w pe\u0142ni wyposa\u017conego apartamentu w kurorcie przez okre\u015blony czas w roku, np. 1-2 tygodnie, w zamian za jednorazow\u0105 op\u0142at\u0119 wst\u0119pn\u0105 i coroczne op\u0142aty eksploatacyjne. Umowy zawierane s\u0105 na okres d\u0142u\u017cszy ni\u017c rok. Oferty obejmuj\u0105 apartamenty nad morzem, w g\u00f3rach oraz cz\u0142onkostwo w klubach wakacyjnych].<\/p>\n<blockquote class=\"ods-o-quote\">\n<p class=\"ods-o-quote__paragraph\">Lokalne media ze stanu Nayarit informowa\u0142y, \u017ce po zatrzymaniu podpalono kilka samochod\u00f3w i sklep\u00f3w. Po \u015bmiertelnej akcji meksyka\u0144skiego wojska przeciwko &#8222;El Mencho&#8221; w lutym tak\u017ce dosz\u0142o do zamieszek i akt\u00f3w wandalizmu z p\u0142on\u0105cymi autami oraz blokadami dr\u00f3g w r\u00f3\u017cnych rejonach kraju. Przemoc karteli by\u0142a wymierzona tak\u017ce w r\u00f3\u017cne firmy.<\/p>\n<\/blockquote>\n<p>Podczas tamtych zamieszek zgin\u0119\u0142o ponad 70 os\u00f3b, w tym 25 cz\u0142onk\u00f3w Gwardii Narodowej. Mimo fali przemocy, zabicie &#8222;El Mencho&#8221; uznano w\u00f3wczas za sukces meksyka\u0144skich w\u0142adz.<\/p>\n<p>     Kartel CJNG pot\u0119\u017cniejszy ni\u017c syndykat Sinaloa<\/p>\n<p>Kartel CJNG nale\u017cy do najpot\u0119\u017cniejszych organizacji przest\u0119pczych w Meksyku. Kontroluje nielegalne dzia\u0142ania wzd\u0142u\u017c wybrze\u017ca Pacyfiku. Ameryka\u0144ska agencja do spraw walki z narkotykami DEA szacuje, \u017ce CJNG jest obecne i aktywne w co najmniej 21 z 32 stan\u00f3w Meksyku, co sprawia, \u017ce przewy\u017csza nawet s\u0142ynny kartel z Sinaloa, dzia\u0142aj\u0105cy wed\u0142ug szacunk\u00f3w w 19 stanach.<\/p>\n<p>W ubieg\u0142ym roku prezydent Stan\u00f3w Zjednoczonych Donald Trump uzna\u0142 kartel Jalisco Nueva Generacion i pi\u0119\u0107 innych meksyka\u0144skich karteli za zagraniczne organizacje terrorystyczne.<\/p>\n<p>Meksyk rozszarpany przez kartele [MAPA]<\/p>\n<p>\u015amier\u0107 &#8222;El Mencho&#8221;, przyw\u00f3dcy pot\u0119\u017cnego Kartelu Nowej Generacji Jalisco, wywo\u0142a\u0142a fal\u0119 przemocy w Meksyku. Ta jedna z najpot\u0119\u017cniejszych organizacji przest\u0119pczych zas\u0142yn\u0119\u0142a bezwzgl\u0119dno\u015bci\u0105 i brutalno\u015bci\u0105. W kraju mo\u017ce wybuchn\u0105\u0107 wojna o sukcesj\u0119 \u2014 a jest o co walczy\u0107. Dochody kartelu szacuje si\u0119 na miliardy dolar\u00f3w.<\/p>\n<p>W miar\u0119 jak trwaj\u0105ca od dw\u00f3ch dekad wojna Meksyku z kartelami narkotykowymi przeci\u0105ga si\u0119 \u2014 taktyka karteli uleg\u0142a zmianie. Grupy te zacz\u0119\u0142y koncentrowa\u0107 si\u0119 nie tylko na przemycie narkotyk\u00f3w do Stan\u00f3w Zjednoczonych, lecz tak\u017ce na przejmowaniu kontroli nad terytorium w samym Meksyku, co doprowadzi\u0142o do nasilenia walk mi\u0119dzy kartelami oraz do ich rosn\u0105cej militaryzacji. Kartele s\u0105 obecnie w Meksyku gigantyczn\u0105 si\u0142\u0105. S\u0105 obecne w ka\u017cdym z 32 stan\u00f3w. Trwa\u0142\u0105 kontrol\u0119 lub dominuj\u0105cy wp\u0142yw sprawuj\u0105 na oko\u0142o jednej trzeciej terytorium kraju.<\/p>\n<p>Kartele s\u0105 dzi\u015b jednym z kluczowych czynnik\u00f3w kszta\u0142tuj\u0105cych sytuacj\u0119 wewn\u0119trzn\u0105 Meksyku. Opr\u00f3cz handlu narkotykami zajmuj\u0105 si\u0119 wymuszeniami, haraczami, przemytem ludzi, kradzie\u017c\u0105 paliwa, nielegalnym wydobyciem surowc\u00f3w czy kontrol\u0105 prostytucji. Cz\u0119sto wsp\u00f3\u0142pracuj\u0105 z urz\u0119dnikami czy politykami wysokiego szczebla.<\/p>\n<p>     <a href=\"https:\/\/wiadomosci.onet.pl\/swiat\/wyrok-na-el-mencho-meksyk-rozszarpany-przez-kartele-mapa\/mm816qc\" id=\"e568e2ba-f75f-4ef3-b0f0-2dd320c90250\" rel=\"nofollow noopener\" target=\"_blank\">Skala ich dzia\u0142alno\u015bci robi wra\u017cenie<\/a>. Wed\u0142ug niekt\u00f3rych szacunk\u00f3w kartele zapewniaj\u0105 utrzymanie nawet 175 tys. os\u00f3b. To liczba por\u00f3wnywalna z zatrudnieniem w najwi\u0119kszych firmach w kraju.<\/p>\n","protected":false},"excerpt":{"rendered":"Ten wysoko postawiony gangster uchodzi\u0142 za nast\u0119pc\u0119 s\u0142ynnego bossa &#8222;El Mencho&#8221; z kartelu Jalisco. Stany Zjednoczone wyznaczy\u0142y za&hellip;\n","protected":false},"author":2,"featured_media":395402,"comment_status":"","ping_status":"","sticky":false,"template":"","format":"standard","meta":{"footnotes":"","_share_on_mastodon":"0"},"categories":[14],"tags":[56,61195,32,33,44,27,34,35,18719,5721,28,31,910,48,25,46,40,41,47,80,29,30,26,82,83,84],"class_list":["post-395401","post","type-post","status-publish","format-standard","has-post-thumbnail","category-swiat","tag-article_premium","tag-bottomfeed_styl","tag-breaking-news","tag-breakingnews","tag-donald_trump","tag-headlines","tag-latest-news","tag-latestnews","tag-mafia","tag-meksyk","tag-naglowki","tag-najwazniejsze-artykuly","tag-narkotyki_narkomania_handel_narkotykami","tag-nat_styl","tag-news","tag-omp","tag-polish","tag-polski","tag-screening_general","tag-swiat","tag-top-stories","tag-topstories","tag-wiadomosci","tag-world","tag-world-news","tag-worldnews"],"share_on_mastodon":{"url":"https:\/\/pubeurope.com\/@pl\/116482517732707924","error":""},"_links":{"self":[{"href":"https:\/\/www.europesays.com\/pl\/wp-json\/wp\/v2\/posts\/395401","targetHints":{"allow":["GET"]}}],"collection":[{"href":"https:\/\/www.europesays.com\/pl\/wp-json\/wp\/v2\/posts"}],"about":[{"href":"https:\/\/www.europesays.com\/pl\/wp-json\/wp\/v2\/types\/post"}],"author":[{"embeddable":true,"href":"https:\/\/www.europesays.com\/pl\/wp-json\/wp\/v2\/users\/2"}],"replies":[{"embeddable":true,"href":"https:\/\/www.europesays.com\/pl\/wp-json\/wp\/v2\/comments?post=395401"}],"version-history":[{"count":0,"href":"https:\/\/www.europesays.com\/pl\/wp-json\/wp\/v2\/posts\/395401\/revisions"}],"wp:featuredmedia":[{"embeddable":true,"href":"https:\/\/www.europesays.com\/pl\/wp-json\/wp\/v2\/media\/395402"}],"wp:attachment":[{"href":"https:\/\/www.europesays.com\/pl\/wp-json\/wp\/v2\/media?parent=395401"}],"wp:term":[{"taxonomy":"category","embeddable":true,"href":"https:\/\/www.europesays.com\/pl\/wp-json\/wp\/v2\/categories?post=395401"},{"taxonomy":"post_tag","embeddable":true,"href":"https:\/\/www.europesays.com\/pl\/wp-json\/wp\/v2\/tags?post=395401"}],"curies":[{"name":"wp","href":"https:\/\/api.w.org\/{rel}","templated":true}]}}