{"id":395555,"date":"2026-04-28T14:46:11","date_gmt":"2026-04-28T14:46:11","guid":{"rendered":"https:\/\/www.europesays.com\/pl\/395555\/"},"modified":"2026-04-28T14:46:11","modified_gmt":"2026-04-28T14:46:11","slug":"brutalny-komentarz-odnosnie-dyskusji-o-oponach-ekspert-mowi-o-rozwiazaniu","status":"publish","type":"post","link":"https:\/\/www.europesays.com\/pl\/395555\/","title":{"rendered":"Brutalny komentarz odno\u015bnie dyskusji o oponach. Ekspert m\u00f3wi o rozwi\u0105zaniu"},"content":{"rendered":"<p>W 2026 r. nie ma zawod\u00f3w \u017cu\u017clowych i magazyn\u00f3w bez cho\u0107by zdania o nowych oponach d\u0119tkowych. Bardzo to poirytowa\u0142o by\u0142ego zawodnika Jana Krzystyniaka, kt\u00f3ry wr\u00f3ci\u0142 pami\u0119ci\u0105 do swoich czas\u00f3w i opowiedzia\u0142 o wszelkiej ma\u015bci kombinacjach, kt\u00f3re mo\u017cna by\u0142o robi\u0107 z oponami.<\/p>\n<p> Dalszy ci\u0105g artyku\u0142u pod materia\u0142em wideo <\/p>\n<p>Wraz z pocz\u0105tkiem tego roku w s\u0142abej dyspozycji s\u0105 Wiktor Przyjemski i Patryk Dudek. To w\u0142a\u015bnie eksperci telewizyjni pr\u00f3buj\u0105 usprawiedliwia\u0107 ich dyspozycj\u0119 nowymi oponami. Niemal przed ka\u017cdym meczem w ramach inauguracyjnej rundy w ramach studia poruszano ten dra\u017cni\u0105cy Krzystyniaka temat. W ko\u0144cu nie wytrzyma\u0142.<\/p>\n<p>\u2014 Jak s\u0142ysz\u0119 temat nowych opon, kt\u00f3ry poruszaj\u0105 zawodnicy, czy eksperci, to a\u017c mi si\u0119 n\u00f3\u017c w kieszeni otwiera. To jest \u017ca\u0142osne t\u0142umaczenie si\u0119, \u017ce niby opony s\u0105 powodem jakich\u015b tam problem\u00f3w u \u017cu\u017clowc\u00f3w. Czysty absurd \u2014 rozpocz\u0105\u0142 ostro Jan Krzystyniak. \u2014 Wszyscy zawodnicy na tym poziomie (w PGE Ekstralidze \u2014 dop. red.) wiedz\u0105, \u017ce opony bezd\u0119tkowe i d\u0119tkowe niczym si\u0119 nie r\u00f3\u017cni\u0105. Dziwi mnie to, \u017ce eksperci w magazynach robi\u0105 z tego niesamowicie jaki temat, a \u017cu\u017clowcy to pod\u0142apuj\u0105 i zganiaj\u0105 swoj\u0105 s\u0142ab\u0105 jazd\u0119 na opony. \u015amia\u0107 mi si\u0119 chce \u2014 dodawa\u0142 po chwili Krzystyniak w rozmowie z nasz\u0105 redakcj\u0105.<\/p>\n<p>     Wcze\u015bniej zabijali si\u0119 za opony<\/p>\n<p>Jan Krzystyniak startowa\u0142 czynnie jako zawodnik w latach 1978-1998. W\u00f3wczas opony by\u0142y towarem deficytowym. Aby m\u00f3c kupi\u0107 now\u0105 marki &#8222;Dunlop&#8221; trzeba by\u0142o wyda\u0107&#8230; pensj\u0119 \u0142\u0105czn\u0105 z pi\u0119ciu miesi\u0119cy!<\/p>\n<p>\u2014 Za moich czas\u00f3w w Polsce wszyscy je\u017adzili na starych, zwyk\u0142ych &#8222;Barumkach&#8221; i nikt nie narzeka\u0142. Jak kto\u015b wyje\u017cd\u017ca\u0142 za granic\u0119 na jakie\u015b eliminacje, to wtedy dostawali Dunlopy, ale prawd\u0119 m\u00f3wi\u0105c ja nigdy z nich nie skorzysta\u0142em. Te opony le\u017ca\u0142y kup\u0119 lat na magazynach w Warszawie i by\u0142y twardsze od kamienia, dlatego wola\u0142em zwyk\u0142e &#8222;Barumki&#8221;. Z drugiej strony zawodnik\u00f3w nie by\u0142o sta\u0107 na zakup nowej, \u015bwie\u017cej Dunlopy, bo to by\u0142 koszt kilkumiesi\u0119cznej pensji. To by\u0142o nierealne, \u017cebym musia\u0142 wyda\u0107 wszystkie pieni\u0105dze zarobione przez pi\u0119\u0107 miesi\u0119cy na now\u0105 opon\u0119 \u2014 opowiedzia\u0142 68-latek.<\/p>\n<p> Eksperci wciskaj\u0105 ciemnot\u0119?<\/p>\n<p>Zdaniem Jana Krzystyniaka, eksperci \u017cu\u017clowi, jak i zawodnicy, wykorzystuj\u0105 niewiedz\u0119 widz\u00f3w w kontek\u015bcie sprz\u0119tu. \u2014 Strasznie mnie to irytuje, jak na ka\u017cdym programie, ka\u017cdym magazynie, ka\u017cdym meczu, s\u0142ysz\u0119 narzekania i dywagacje na temat nowych opon d\u0119tkowych. To jest \u017ca\u0142osny absurd. Wciskaj\u0105 ludziom zwyk\u0142\u0105 ciemnot\u0119, bo my\u015bl\u0105, \u017ce widzowie przed telewizorami i kibice na stadionach nie znaj\u0105 si\u0119 na sprz\u0119cie \u017cu\u017clowym \u2014 kontynuowa\u0142 poirytowany by\u0142y \u017cu\u017clowiec, Jan Krzystyniak.<\/p>\n<p>68-latek, kt\u00f3ry broni\u0142 barw klub\u00f3w m.in. z Zielonej G\u00f3ry, czy Leszna opowiedzia\u0142, jak za jego czas\u00f3w kombinowano z oponami.<\/p>\n<p>\u2014 Teraz by to nie przesz\u0142o, ale za moich czas\u00f3w ludzie eksperymentowali z tymi oponami. Pr\u00f3bowali je nacina\u0107 r\u00f3\u017cnymi no\u017cyczkami i pod odpowiednim k\u0105tem, \u017ceby ta opona bardziej &#8222;klei\u0142a&#8221;. Wtedy to by\u0142o jeszcze dozwolone i ka\u017cdy sobie z tym radzi\u0142. Te\u017c nacina\u0142em. Pami\u0119tam to jak dzi\u015b, jak siedzia\u0142em w warsztacie na krzese\u0142ku i w\u0142asnor\u0119cznie robi\u0142em wszystko, aby te opony bardziej &#8222;klei\u0142y&#8221; si\u0119 z nawierzchni\u0105. To tyczy\u0142o si\u0119 r\u00f3wnie\u017c zawod\u00f3w za granic\u0105. A dzisiaj \u017cu\u017clowcy, m\u00f3wi\u0105, \u017ce maj\u0105 problem z oponami? Mnie \u015bmiech pusty ogarnia. Cz\u0142owieku, je\u015bli masz problem z opon\u0105, to masz problem z samym sob\u0105 i ze sportem \u017cu\u017clowym. Je\u015bli kto\u015b tego nie rozumie, to niech da sobie spok\u00f3j i ko\u0144czy karier\u0119, a widz\u0119 po tych wszystkich programach \u017cu\u017clowych, \u017ce ten problem maj\u0105 &#8222;wszyscy&#8221;, wi\u0119c rozwi\u0105\u017cmy t\u0119 dyscyplin\u0119 ca\u0142kowicie \u2014 stwierdzi\u0142 ekspert.<\/p>\n<p>     Mechanik Kurtza wyjawi\u0142<\/p>\n<p>Zielonog\u00f3rzanin w rozmowie z nasz\u0105 redakcj\u0105 opowiedzia\u0142 o swojej rozmowie z mechanikiem wicemistrza \u015bwiata z 2025 r., Brady&#8217;ego Kurtza. Australijczyk stwierdzi\u0142, \u017ce nie czuje r\u00f3\u017cnicy, zmieniaj\u0105c opony.<\/p>\n<p>\u2014 Wielcy eksperci i m\u0119drcy \u015bwiata boj\u0105 si\u0119 o to, \u017ce zawodnicy nie b\u0119d\u0105 wiedzieli, co zrobi\u0107, bo przecie\u017c na Grand Prix b\u0119d\u0105 opony bezd\u0119tkowe. Rozmawia\u0142em z mechanikiem Kurtza, kt\u00f3ry mi powiedzia\u0142: &#8222;Panie Janku, Brady nie widzi \u017cadnej r\u00f3\u017cnicy w oponach. One si\u0119 niczym praktycznie nie r\u00f3\u017cni\u0105&#8221;. To kto wie lepiej? Sam wicemistrz \u015bwiata i jego mechanik, czy mo\u017ce ludzie podaj\u0105cy si\u0119 za ekspert\u00f3w? \u2014 zako\u0144czy\u0142, pytaj\u0105c retorycznie Jan Krzystyniak dla Przegl\u0105du Sportowego Onet.<\/p>\n<p> <img decoding=\"async\" src=\"https:\/\/www.europesays.com\/pl\/wp-content\/uploads\/2026\/04\/1775957655_336_UCdk9lBaHR0cHM6Ly9vY2RuLmV1L3B1bHNjbXMvTURBXy9iMGI2NGMyOGIyODY3NjNhNzBkNjE4YWI3Mzc4NDI4NC5wbmeRlQLNB.jpeg\" height=\"314\" width=\"600\" alt=\"\u017bu\u017clowy Skarb Kibica 2026\" loading=\"lazy\" class=\"ods-c-image__img ods-c-image__img--viewport-width\"\/> <\/p>\n<p>\u017bu\u017clowy Skarb Kibica 2026Przegl\u0105d Sportowy \/ newspix.pl<\/p>\n","protected":false},"excerpt":{"rendered":"W 2026 r. nie ma zawod\u00f3w \u017cu\u017clowych i magazyn\u00f3w bez cho\u0107by zdania o nowych oponach d\u0119tkowych. Bardzo to&hellip;\n","protected":false},"author":2,"featured_media":395556,"comment_status":"","ping_status":"","sticky":false,"template":"","format":"standard","meta":{"footnotes":"","_share_on_mastodon":"0"},"categories":[52122],"tags":[61195,173,2645,38533,48,46,5849,72077,175,6010,752,42,38,40,39,41,47,174],"class_list":["post-395555","post","type-post","status-publish","format-standard","has-post-thumbnail","category-pko-bank-polski","tag-bottomfeed_styl","tag-ekstraliga","tag-grand_prix","tag-jan_krzystyniak","tag-nat_styl","tag-omp","tag-opony","tag-opony_bezdetkowe","tag-pge_ekstraliga","tag-pko-bank-polski","tag-pko-bp","tag-pl","tag-poland","tag-polish","tag-polska","tag-polski","tag-screening_general","tag-zuzel"],"share_on_mastodon":{"url":"https:\/\/pubeurope.com\/@pl\/116482879337234444","error":""},"_links":{"self":[{"href":"https:\/\/www.europesays.com\/pl\/wp-json\/wp\/v2\/posts\/395555","targetHints":{"allow":["GET"]}}],"collection":[{"href":"https:\/\/www.europesays.com\/pl\/wp-json\/wp\/v2\/posts"}],"about":[{"href":"https:\/\/www.europesays.com\/pl\/wp-json\/wp\/v2\/types\/post"}],"author":[{"embeddable":true,"href":"https:\/\/www.europesays.com\/pl\/wp-json\/wp\/v2\/users\/2"}],"replies":[{"embeddable":true,"href":"https:\/\/www.europesays.com\/pl\/wp-json\/wp\/v2\/comments?post=395555"}],"version-history":[{"count":0,"href":"https:\/\/www.europesays.com\/pl\/wp-json\/wp\/v2\/posts\/395555\/revisions"}],"wp:featuredmedia":[{"embeddable":true,"href":"https:\/\/www.europesays.com\/pl\/wp-json\/wp\/v2\/media\/395556"}],"wp:attachment":[{"href":"https:\/\/www.europesays.com\/pl\/wp-json\/wp\/v2\/media?parent=395555"}],"wp:term":[{"taxonomy":"category","embeddable":true,"href":"https:\/\/www.europesays.com\/pl\/wp-json\/wp\/v2\/categories?post=395555"},{"taxonomy":"post_tag","embeddable":true,"href":"https:\/\/www.europesays.com\/pl\/wp-json\/wp\/v2\/tags?post=395555"}],"curies":[{"name":"wp","href":"https:\/\/api.w.org\/{rel}","templated":true}]}}